{"id":56362,"date":"2023-09-02T10:42:37","date_gmt":"2023-09-02T10:42:37","guid":{"rendered":"https:\/\/goroskop.tv\/sw\/vad-ar-mitt-fodelsedagshoroskop-for-idag\/"},"modified":"2023-09-02T10:42:37","modified_gmt":"2023-09-02T10:42:37","slug":"vad-ar-mitt-fodelsedagshoroskop-for-idag","status":"publish","type":"post","link":"https:\/\/goroskop.tv\/sw\/vad-ar-mitt-fodelsedagshoroskop-for-idag\/","title":{"rendered":"Vad \u00e4r mitt f\u00f6delsedagshoroskop f\u00f6r idag?"},"content":{"rendered":"<p><\/p>\n<h2><span class=\"ez-toc-section\" id=\"Vad_ar_mitt_fodelsedagshoroskop_for_idag\"><\/span><span class=\"ez-toc-section\" id=\"%C2%BFCual_es_mi_horoscopo_de_cumpleanos_para_hoy\"><\/span>  Vad \u00e4r mitt f\u00f6delsedagshoroskop f\u00f6r idag?<span class=\"ez-toc-section-end\"><\/span><span class=\"ez-toc-section-end\"><\/span><\/h2>\n<p>Vi har en f\u00f6ruts\u00e4gelse f\u00f6r n\u00e4sta \u00e5r om du fyller \u00e5r idag. <\/p>\n<p>  Det finns t\u00e4ckning f\u00f6r alla f\u00f6delsedagar, inte bara idag. <\/p>\n<p>  Dessa f\u00f6ruts\u00e4gelser \u00e4r baserade p\u00e5 numerologin f\u00f6r f\u00f6delsedatumet, s\u00e5v\u00e4l som de viktigaste astrologiska aspekterna som \u00e4r aktiva i ditt Del sol Return-f\u00f6delsediagram.<\/p>\n<p>Allt eftersom \u00e5ret fortskrider uppdateras den h\u00e4r funktionen varje dag f\u00f6r att \u00e5terspegla alla f\u00f6delsedagar. <\/p>\n<p>  Klicka p\u00e5 en f\u00f6delsedag fr\u00e5n listan eller en dag fr\u00e5n kalendern.<\/p>\n<p>Om din f\u00f6delsedag n\u00e4rmar sig, kommer prognosen f\u00f6r f\u00f6reg\u00e5ende \u00e5r att visas. <\/p>\n<p>  F\u00f6r en prognos f\u00f6r \u00e5ren 20212022 eller 20222033, beroende p\u00e5 aktuell dag, h\u00e4nvisa till ditt f\u00f6delsedatum.<\/p>\n<h2><span class=\"ez-toc-section\" id=\"Kan_din_framtid_forutsagas_av_din_fodelsedag\"><\/span><span class=\"ez-toc-section\" id=\"%C2%BFSe_puede_predecir_tu_futuro_por_tu_cumpleanos\"><\/span><span id=\"ezoic-pub-ad-placeholder-144\" class=\"ezoic-adpicker-ad\"><\/span>Kan din framtid f\u00f6ruts\u00e4gas av din f\u00f6delsedag?<span class=\"ez-toc-section-end\"><\/span><span class=\"ez-toc-section-end\"><\/span><\/h2>\n<p>Mitt horoskop f\u00f6rutsp\u00e5r att eftersom jag f\u00f6ddes den f\u00f6rsta veckan i oktober borde jag vara opartisk, balanserad, modig men obeslutsam. <\/p>\n<p>  Det kan till och med vara en beskrivning av mina fysiska egenskaper. <\/p>\n<p>  Du b\u00f6r ha en \u00abganska attraktiv person, ett h\u00e4rligt runt ansikte, r\u00f6daktigt i ungdomen, men mycket enkla drag och f\u00f6rem\u00e5l f\u00f6r utslag, som vanst\u00e4ller ansiktet n\u00e4r det \u00e4r gammalt\u00bb, enligt en astrolog fr\u00e5n 1800-talet vid namn Raphael. <\/p>\n<p>  Jag skulle bli f\u00f6rol\u00e4mpad tills jag ins\u00e5g att Gwen Stefani och Zac Effron s\u00e4gs dela vissa egenskaper.<\/p>\n<p>Naturligtvis har vetenskaplig forskning l\u00e4nge motbevisat s\u00e5dana p\u00e5st\u00e5enden. <\/p>\n<p>  \u00c4ven om en psykologistudie genomf\u00f6rd p\u00e5 1970-talet fann ett samband mellan vissa personlighetsegenskaper och specifika stj\u00e4rntecken, drog senare forskare slutsatsen att detta n\u00e4stan definitivt \u00e5terspeglade f\u00f6rv\u00e4ntningarnas inflytande. <\/p>\n<p>  Om vi \u200b\u200bf\u00e5r l\u00e4ra oss att vara r\u00e4ttvisa och r\u00e4ttvisa, envisa eller passionerade fr\u00e5n barndomen, kommer vi att agera d\u00e4refter. <\/p>\n<p>  Viktigt \u00e4r att forskarna uppt\u00e4ckte att horoskopens f\u00f6ruts\u00e4gelser inte \u00e4r sanna f\u00f6r m\u00e4nniskor som inte k\u00e4nner till dem.<\/p>\n<p>\u00c4ven om horoskopf\u00f6ruts\u00e4gelser f\u00f6r specifika h\u00e4ndelser kan vara felaktiga, finns det en viss sanning i dem;  Under de senaste \u00e5ren har forskare b\u00f6rjat inse att din f\u00f6delsem\u00e5nad kan f\u00f6ruts\u00e4ga din framtid.<\/p>\n<h2><span class=\"ez-toc-section\" id=\"Hur_ar_Vaduren_idag\"><\/span><span class=\"ez-toc-section\" id=\"%C2%BFComo_esta_Aries_hoy\"><\/span><span id=\"ezoic-pub-ad-placeholder-145\" class=\"ezoic-adpicker-ad\"><\/span><span class=\"ezoic-ad ezoic-at-0 banner-1 banner-1145 adtester-container adtester-container-145\" data-ez-name=\"hiszodiac_com-banner-1\"><span id=\"div-gpt-ad-hiszodiac_com-banner-1-0\" ezaw=\"250\" ezah=\"250\" style=\"position:relative;z-index:0;display:inline-block;padding:0;width:100%;max-width:1200px;margin-left:auto!important;margin-right:auto!important;min-height:90px;min-width:728px\" class=\"ezoic-ad\"><\/span><\/span>Hur \u00e4r V\u00e4duren idag?<span class=\"ez-toc-section-end\"><\/span><span class=\"ez-toc-section-end\"><\/span><\/h2>\n<p>V\u00e4duren: Du kanske har en bra dag, men arbetet kommer att h\u00e5lla dig sysselsatt. <\/p>\n<p>  Dina \u00e4ldre kan vara glada och tacksamma f\u00f6r ditt arbete. <\/p>\n<p>  Som ett resultat av befordran kan din anst\u00e4llningsort, roll eller arbetsuppgifter \u00e4ndras. <\/p>\n<p>  Nu kan du ha kontroll \u00f6ver dina motst\u00e5ndare och hemliga fiender.<\/p>\n<h2><span class=\"ez-toc-section\" id=\"Vad_sager_ditt_fodelsedatum_om_dig\"><\/span><span class=\"ez-toc-section\" id=\"%C2%BFQue_nos_dice_tu_fecha_de_nacimiento_sobre_ti\"><\/span><span id=\"ezoic-pub-ad-placeholder-146\" class=\"ezoic-adpicker-ad\"><\/span>Vad s\u00e4ger ditt f\u00f6delsedatum om dig?<span class=\"ez-toc-section-end\"><\/span><span class=\"ez-toc-section-end\"><\/span><\/h2>\n<p>Vad min f\u00f6delsedag avsl\u00f6jar om mig Den h\u00e4r fr\u00e5gan har v\u00e4ckts m\u00e5nga g\u00e5nger. <\/p>\n<p>  Huvudm\u00e5let f\u00f6r hans liv best\u00e4ms av dagen f\u00f6r hans f\u00f6delse.<\/p>\n<p>Ditt f\u00f6delsedatum avsl\u00f6jar de egenskaper som m\u00e5ste utvecklas f\u00f6r att uppfylla ditt prim\u00e4ra uppdrag.<\/p>\n<p>Dina tankar kan hj\u00e4lpa dig att n\u00e5 dina m\u00e5l och uppn\u00e5 prestationer.<\/p>\n<p>\u00c4r du naturligt optimistisk eller realistisk?  L\u00e4r dig nu!<\/p>\n<p>N\u00e4r du bl\u00e5ste liv i dig sj\u00e4lv f\u00f6r f\u00f6rsta g\u00e5ngen,<\/p>\n<p>Du blev en levande varelse. <\/p>\n<p>  Kraftens kvalitet best\u00e4ms av tidpunkten f\u00f6r f\u00f6dseln.<\/p>\n<p>och avsl\u00f6ja ditt livssyfte inifr\u00e5n. <\/p>\n<p>  Kabbalister h\u00e4nvisar till det m\u00e5let som<\/p>\n<p>f\u00f6delsev\u00e4g<\/p>\n<h2><span class=\"ez-toc-section\" id=\"Vilka_ar_mina_tre_framsta_symtom\"><\/span><span class=\"ez-toc-section\" id=\"%C2%BFCuales_son_mis_tres_sintomas_principales\"><\/span><span id=\"ezoic-pub-ad-placeholder-147\" class=\"ezoic-adpicker-ad\"><\/span>Vilka \u00e4r mina tre fr\u00e4msta symtom?<span class=\"ez-toc-section-end\"><\/span><span class=\"ez-toc-section-end\"><\/span><\/h2>\n<p>Ditt soltecken, ditt m\u00e5ntecken och de stigande tecknen, \u00e4ven k\u00e4nda som ditt stigande tecken, \u00e4r de tre viktigaste positionerna i ditt f\u00f6delsediagram. <\/p>\n<p>  Din grundl\u00e4ggande karakt\u00e4r och din essens som person \u00e5terspeglas i ditt soltecken. <\/p>\n<p>  Ditt m\u00e5ntecken indikerar din k\u00e4nslom\u00e4ssiga vih och vem du \u00e4r n\u00e4r du \u00e4r ensam. <\/p>\n<p>  Sist men inte minst representerar ditt stigande tecken hur du f\u00f6rh\u00e5ller dig till andra och hur du ser dig sj\u00e4lv p\u00e5 utsidan.<\/p>\n<h2><span class=\"ez-toc-section\" id=\"Vilken_veckodag_gav_dig_tur\"><\/span><span class=\"ez-toc-section\" id=\"%C2%BFQue_dia_de_la_semana_te_dio_suerte\"><\/span><span id=\"ezoic-pub-ad-placeholder-148\" class=\"ezoic-adpicker-ad\"><\/span><span class=\"ezoic-ad ezoic-at-0 leader-3 leader-3148 adtester-container adtester-container-148\" data-ez-name=\"hiszodiac_com-leader-3\"><span id=\"div-gpt-ad-hiszodiac_com-leader-3-0\" ezaw=\"468\" ezah=\"60\" style=\"position:relative;z-index:0;display:inline-block;padding:0;width:100%;max-width:1200px;margin-left:auto!important;margin-right:auto!important;min-height:90px;min-width:728px\" class=\"ezoic-ad\"><\/span><\/span>Vilken veckodag gav dig tur?<span class=\"ez-toc-section-end\"><\/span><span class=\"ez-toc-section-end\"><\/span><\/h2>\n<p>numerologin f\u00f6r f\u00f6delsedatumet: Du har s\u00e4kert m\u00e4rkt att vi har mer tur p\u00e5 vissa dagar, datum eller f\u00e4rger. <\/p>\n<p>  Vi kommer bra \u00f6verens med m\u00e4nniskor f\u00f6dda p\u00e5 ett visst datum. <\/p>\n<p>  Detta beror p\u00e5 effekten av planeterna, enligt numerologi. <\/p>\n<p>  Astrologi n\u00e4mner totalt 9 planeter. <\/p>\n<p>  Dessutom \u00e4ger varje planet ett eller flera nummer. <\/p>\n<p>  Utv\u00e4rderingen av dessa planeter avsl\u00f6jar information om en persons natur, livsstil, lyckliga dag och f\u00f6delsedatum.<\/p>\n<p>Solen \u00e4r antalets herre. <\/p>\n<p>  Datum 1, 2 och 3 \u00e4r lyckliga f\u00f6r personer f\u00f6dda den f\u00f6rsta, tionde, nittonde eller tjugo\u00e5ttonde i m\u00e5naden. <\/p>\n<p>  Dessutom \u00e4r de lyckliga dagarna s\u00f6ndag och m\u00e5ndag, och de lyckliga nyanserna \u00e4r gula, guld och orange.<\/p>\n<h2><span class=\"ez-toc-section\" id=\"Har_jag_fri_vilja_baserat_pa_mitt_fodelsedatum\"><\/span><span class=\"ez-toc-section\" id=\"%C2%BFTengo_libre_albedrio_basado_en_mi_fecha_de_nacimiento\"><\/span><span id=\"ezoic-pub-ad-placeholder-153\" class=\"ezoic-adpicker-ad\"><\/span><span class=\"ezoic-ad ezoic-at-0 large-mobile-banner-1 large-mobile-banner-1153 adtester-container adtester-container-153\" data-ez-name=\"hiszodiac_com-large-mobile-banner-1\"><span id=\"div-gpt-ad-hiszodiac_com-large-mobile-banner-1-0\" ezaw=\"728\" ezah=\"90\" style=\"position:relative;z-index:0;display:inline-block;padding:0;width:100%;max-width:1200px;margin-left:auto!important;margin-right:auto!important;min-height:90px;min-width:728px\" class=\"ezoic-ad\"><\/span><\/span>Har jag fri vilja baserat p\u00e5 mitt f\u00f6delsedatum?<span class=\"ez-toc-section-end\"><\/span><span class=\"ez-toc-section-end\"><\/span><\/h2>\n<p>Den f\u00f6rsta typen av numerologi \u00e4r tron \u200b\u200bp\u00e5 siffrors kraft. <\/p>\n<p>  Det har sina r\u00f6tter i tanken att din framtid avg\u00f6rs av ditt f\u00f6delsedatum. <\/p>\n<p>  Din \u00ablivsv\u00e4g\u00bb kan best\u00e4mmas med ditt f\u00f6delsedatum. <\/p>\n<p>  Ditt f\u00f6delsedatum m\u00e5ste reduceras till en siffra innan det skrivs in.<\/p>\n<h2><span class=\"ez-toc-section\" id=\"Pa_din_fodelsedag_forandras_din_fysik\"><\/span><span class=\"ez-toc-section\" id=\"En_tu_cumpleanos_%C2%BFcambia_tu_fisico\"><\/span><span id=\"ezoic-pub-ad-placeholder-154\" class=\"ezoic-adpicker-ad\"><\/span><span class=\"ezoic-ad ezoic-at-0 large-mobile-banner-2 large-mobile-banner-2154 adtester-container adtester-container-154\" data-ez-name=\"hiszodiac_com-large-mobile-banner-2\"><span id=\"div-gpt-ad-hiszodiac_com-large-mobile-banner-2-0\" ezaw=\"250\" ezah=\"250\" style=\"position:relative;z-index:0;display:inline-block;padding:0;width:100%;max-width:1200px;margin-left:auto!important;margin-right:auto!important;min-height:90px;min-width:728px\" class=\"ezoic-ad\"><\/span><\/span>P\u00e5 din f\u00f6delsedag, f\u00f6r\u00e4ndras din fysik?<span class=\"ez-toc-section-end\"><\/span><span class=\"ez-toc-section-end\"><\/span><\/h2>\n<p>Din kropp har biljoner g\u00e5nger fler nya molekyler och miljarder fler nya celler som vuxen \u00e4n n\u00e4r du f\u00f6ddes. <\/p>\n<p>  F\u00f6r n\u00e4rvarande best\u00e5r din kropp mestadels av celler som \u00e4r n\u00e5gra dagar gamla, ett \u00e5r gamla och n\u00e5gra decennier gamla (som finns i delar av din hj\u00e4rna). <\/p>\n<p>  Det mesta av din kropp f\u00f6ddes p\u00e5 en annan dag \u00e4n du \u00e4r nu.<\/p>\n<p>Dessutom \u00e4r det oklart exakt vad \u00abgammalt\u00bb egentligen betyder. <\/p>\n<p>  Varje organ i din kropp har olika celldelningshastighet och molekyl\u00e4r oms\u00e4ttning. <\/p>\n<p>  \u00c4ven om m\u00e5nga av de molekyler som utg\u00f6r de flesta av v\u00e5ra hj\u00e4rnceller kan f\u00f6r\u00e4ndras eller ers\u00e4ttas, delar de flesta av v\u00e5ra hj\u00e4rnceller sig inte alls. <\/p>\n<p>  Celler fr\u00e5n andra organ kan dela sig dagligen. <\/p>\n<p>  Slemhinnan i din tjocktarm, den blodbildande v\u00e4vnaden i din mj\u00e4lte och ben och cellerna som utg\u00f6r det nedre lagret av hudens \u00f6versta lager best\u00e5r av de celler som delar sig mest regelbundet.<\/p>\n<p>Celldelning kan liknas vid tickande av en klocka. <\/p>\n<p>  Normala celler kan dela sig s\u00e5 m\u00e5nga g\u00e5nger innan de slutar och s\u00e5 sm\u00e5ningom d\u00f6r. <\/p>\n<p>  Jag hittade den h\u00e4r 1961, och den \u00e4r k\u00e4nd som Hayflick-gr\u00e4nsen. <\/p>\n<p>  Sedan kom jag ocks\u00e5 fram till att bara cancerceller kan dela sig i det o\u00e4ndliga. <\/p>\n<p>  V\u00e5ra celler, organ och v\u00e4vnader har olika biologiska \u00e5ldrar, vilket kan j\u00e4mf\u00f6ras med de m\u00e5nga g\u00e5nger som klockor i en klockaff\u00e4r kan ber\u00e4tta. <\/p>\n<p>  N\u00e4r du fr\u00e5gar om n\u00e5gons \u00e5lder fr\u00e5gar du om miljontals klockor, som var och en \u00e4r inst\u00e4lld p\u00e5 olika tider. <\/p>\n<p>  Hon kan b\u00e4st f\u00f6rklaras med att hennes lever \u00e4r medel\u00e5lders, hennes mage \u00e4r ung och hennes hj\u00e4rna \u00e4r gammal.<\/p>\n<p>\u00c4ven lingvister som arbetar inom \u00e5ldrandeforskning \u00e4r oense om inneb\u00f6rden av denna fras, s\u00e5 det \u00e4r mer \u00e4n bara en spr\u00e5klig egenhet. <\/p>\n<p>  Innan de \u00e5rliga m\u00f6tena i Gerontological Society of America tre \u00e5r i rad, p\u00e5 egen bekostnad, sammankallade jag tre \u00e5rliga frukostar f\u00f6r de b\u00e4sta biogerontologerna (de som forskar om \u00e5ldrandets biologi) (jag \u00e4r tidigare president). <\/p>\n<p>  Jag gjorde detta f\u00f6r att f\u00f6rs\u00f6ka f\u00e5 folk att komma \u00f6verens om definitioner av viktig terminologi p\u00e5 omr\u00e5det. <\/p>\n<p>  Jag varnade deltagarna f\u00f6r att misslyckande bara skulle tj\u00e4na till att bekr\u00e4fta mitt l\u00e5ngvariga p\u00e5st\u00e5ende att vi pratade och skrev \u00f6ver varandras huvuden. <\/p>\n<p>  Konferenserna lyckades inte n\u00e5 enighet om ord som \u00ab\u00e5lder\u00bb och \u00ab\u00e5ldrande\u00bb.<\/p>\n<p>I laboratoriet har det heller inte varit n\u00e5gon framg\u00e5ng. <\/p>\n<p>  Genom att unders\u00f6ka f\u00f6r\u00e4ndringar i livsstil, organfunktion och en m\u00e4ngd andra biologiska faktorer har biogerontologer f\u00f6rs\u00f6kt uppskatta biologisk \u00e5lder. <\/p>\n<p>  Ingen av dem var f\u00f6r sig eller i n\u00e5gon kombination har varit framg\u00e5ngsrika. <\/p>\n<p>  Vissa h\u00e4vdar att att hitta en gemensam faktor bland de \u00f6ver 100 kan hj\u00e4lpa till att identifiera en biologisk mark\u00f6r f\u00f6r \u00e5lder. <\/p>\n<p>  \u00c4ven detta f\u00f6rs\u00f6k har misslyckats. tills nu.<\/p>\n<p>Bristen p\u00e5 definition av ordet som omger det \u201dV\u00e5r f\u00f6rm\u00e5ga att kvantifiera det \u00e4r h\u00e4mmad av \u00e5lderdom. <\/p>\n<p>  Men det finns en v\u00e4xande r\u00f6relse f\u00f6r att f\u00f6r\u00e4ndra biologisk \u00e5lder i b\u00e5de den akademiska v\u00e4rlden och aff\u00e4rsv\u00e4rlden. <\/p>\n<p>  Detta m\u00e5ste vara en m\u00e5ngmiljardindustri baserad p\u00e5 f\u00f6rtroende, eftersom det inte finns n\u00e5got s\u00e4tt att uppt\u00e4cka \u00e5ldrande. <\/p>\n<p>  I motsats till kronologisk tid \u00e4r de flesta biogerontologer \u00f6verens om att f\u00f6r\u00e4ndringar i biologisk \u00e5lder fortfarande \u00e4r om\u00f6jliga att m\u00e4ta.<\/p>\n<p>De olika studier som du har h\u00f6rt talas om tyder p\u00e5 att kalorirestriktioner eller kemiska medel kommer att f\u00f6rl\u00e4nga livsl\u00e4ngden har faktiskt inte visat n\u00e5gon sakning av \u00e5ldringsprocessen. <\/p>\n<p>  Ist\u00e4llet f\u00f6rv\u00e4xlar de \u00e5ldrande med faktorer som p\u00e5verkar livsl\u00e4ngden: Ett djur \u00e5ldras inte snabbare bara f\u00f6r att det dog tidigare i ett labb. <\/p>\n<p>  En grundl\u00e4ggande fr\u00e5ga i vetenskapen om biogerontologi \u00e4r of\u00f6rm\u00e5gan att skilja mellan \u00e5ldersf\u00f6r\u00e4ndringar och drivkrafter f\u00f6r livsl\u00e4ngd. <\/p>\n<p>  N\u00e4stan alla aktuella studier om \u00e5ldrande fokuserar verkligen p\u00e5 sjukdomar eller faktorer som p\u00e5verkar livsl\u00e4ngden. <\/p>\n<p>  Den ger inte heller n\u00e5gon information om \u00e5ldrandets biologi. <\/p>\n<p>  Detta \u00e4r \u00ab100 miljarder dollar i felt\u00e4nkande<\/p>\n<p>Till exempel l\u00e4gger National Institute on Aging h\u00e4lften av sina resurser p\u00e5 forskning om Alzheimers sjukdom, ett botemedel som skulle f\u00f6rl\u00e4nga den f\u00f6rv\u00e4ntade livsl\u00e4ngden med bara 19 dagar. <\/p>\n<p>  Endast cirka 12 \u00e5r skulle vinnas \u00e4ven om alla \u00e5ldersrelaterade sjukdomar botades. <\/p>\n<p>  \u00c4ven om denna studie skulle kunna ha ett betydligt st\u00f6rre inflytande p\u00e5 v\u00e5ra liv, \u00e4gnar institutet endast 1 till 3 procent av sin finansiering till det. <\/p>\n<p>  N\u00e4r allt kommer omkring, om vi till fullo skulle f\u00f6rst\u00e5 \u00e5ldrandets underliggande biologi, skulle vi kunna f\u00f6rklara varf\u00f6r \u00e5lder \u00e4r en stor riskfaktor f\u00f6r alla st\u00f6rre sjukdomar.<\/p>\n<p>Vi m\u00e5ste f\u00f6rst\u00e5 att \u00e5ldrande kan beskrivas p\u00e5 alla skalor, fr\u00e5n det molekyl\u00e4ra till det demografiska, f\u00f6r att f\u00e5 oss p\u00e5 r\u00e4tt sp\u00e5r. <\/p>\n<p>  Det kommer inte att finnas en som \u00e4r kort. <\/p>\n<p>  Vi \u00e4r medvetna om att \u00e5ldrande \u00e4r en biprodukt av civilisationen. <\/p>\n<p>  Endast de m\u00e4nniskor och djur vi v\u00e4ljer att skydda upplever det. <\/p>\n<p>  Termodynamikens andra lag, som s\u00e4ger att energi tenderar att spridas eller f\u00f6r\u00e5ngas om den inte begr\u00e4nsas, \u00e4r vad jag och andra tror orsakar \u00e5ldrande hos organismer och livl\u00f6sa f\u00f6rem\u00e5l. <\/p>\n<p>  De kemiska bindningarna som h\u00e5ller samman atomer i molekyler begr\u00e4nsas av de energiniv\u00e5er de har. <\/p>\n<p>  Den energin avdunstar s\u00e5 sm\u00e5ningom, bindningarna kollapsar och molekylerna b\u00f6rjar inte fungera. <\/p>\n<p>  Eftersom molekyler utg\u00f6r alla reparationsmekanismer \u00e4r de alla d\u00f6mda att misslyckas. <\/p>\n<p>  Fram till reproduktiv mognad, n\u00e4r ackumuleringen av defekta molekyler b\u00f6rjar \u00f6verv\u00e4ldiga f\u00f6rm\u00e5gan att reparera, bibeh\u00e5lls reparationssystemens f\u00f6rm\u00e5ga att uppr\u00e4tth\u00e5lla funktionen. <\/p>\n<p>  P\u00e5 allt h\u00f6gre niv\u00e5er av cellul\u00e4r, v\u00e4vnad, organ, hela djurorganisation, resulterar detta i funktionella f\u00f6rluster.<\/p>\n<p>Mitt b\u00e4sta f\u00f6rs\u00f6k till en definition baserad p\u00e5 detta skulle vara: \u201dI biologiskt \u00e5ldrande ackumuleras felaktigt fungerande molekyler \u00f6ver tiden, vilket g\u00f6r att celler och organ f\u00f6rlorar sin f\u00f6rm\u00e5ga att fungera.<\/p>\n<p>Det b\u00e4sta s\u00e4ttet att g\u00f6ra \u00e4r att forts\u00e4tta g\u00f6ra det du alltid har gjort p\u00e5 din f\u00f6delsedag: r\u00e4kna hur m\u00e5nga \u00e5r som har g\u00e5tt sedan din f\u00f6delse och var tacksam f\u00f6r de m\u00f6jligheter som tiden har gett dig. <\/p>\n<p>  Pausa innan du h\u00e4nvisar till det som din \u00e5lder.<\/p>\n<p>I mer \u00e4n 50 \u00e5r har Leonard Hayflick forskat i \u00e5ldrandets grundl\u00e4ggande biologi. <\/p>\n<p>  Han motbevisade en 60-\u00e5rig tro n\u00e4r han l\u00e4rde sig att odlade normala m\u00e4nskliga celler \u00e4r d\u00f6dliga och \u00e5lder och bara cancerceller \u00e4r eviga.<\/p>\n<h2><span class=\"ez-toc-section\" id=\"Vilken_fodelsemanad_har_den_kortaste_livslangden\"><\/span><span class=\"ez-toc-section\" id=\"%C2%BFQue_mes_de_nacimiento_tiene_la_esperanza_de_vida_mas_corta\"><\/span><span id=\"ezoic-pub-ad-placeholder-155\" class=\"ezoic-adpicker-ad\"><\/span><span class=\"ezoic-ad ezoic-at-0 leader-2 leader-2155 adtester-container adtester-container-155\" data-ez-name=\"hiszodiac_com-leader-2\"><span id=\"div-gpt-ad-hiszodiac_com-leader-2-0\" ezaw=\"300\" ezah=\"250\" style=\"position:relative;z-index:0;display:inline-block;padding:0;min-height:250px;min-width:300px\" class=\"ezoic-ad\"><\/span><\/span>Vilken f\u00f6delsem\u00e5nad har den kortaste livsl\u00e4ngden?<span class=\"ez-toc-section-end\"><\/span><span class=\"ez-toc-section-end\"><\/span><\/h2>\n<p>Inf\u00f6r folkmord: Aldrig igen Pdf, Joe Tsai 220 Central Park South<\/p>\n<p>Joe Tsai, 220 South Central Park,<\/p>\n<p>Sprinter Van Madrass Best,<\/p>\n<p>Baby inomhus lekplats f\u00f6r hem kr\u00e4mig Red Pepper Chicken Pasta<\/p>\n<p>Jullov p\u00e5 University of Alabama 2021<\/p>\n<p>Vi hoppas att du gillade v\u00e5r artikel Vad \u00e4r mitt f\u00f6delsedagshoroskop f\u00f6r idag? och allt relaterat till horoskop, tarot, ritualer och allt relaterat.<\/p>\n<figure class=\"wp-block-table is-style-regular\">\n<\/figure>\n<p>Intressanta saker att veta inneb\u00f6rden: Tarot  <\/p>\n<p>\u00c4ven h\u00e4r l\u00e4mnar vi \u00e4mnen relaterade till: Tarot<\/p>\n<\/p>\n<p><\/p>\n<p>Vi hoppas att du gillade v\u00e5r artikel Vad \u00e4r mitt f\u00f6delsedagshoroskop f\u00f6r idag?<br \/>\n och allt om horoskop, tarot, ritualer och allt relaterat till det &#8230;<\/p>\n<figure class=\"wp-block-table is-style-regular\">\n<table style=\"width: 284px; height: 157px;\">\n<tbody>\n<tr>\n<td class=\"has-text-align-center\" data-align=\"center\"><img loading=\"lazy\" decoding=\"async\" class=\"alignleft\" src=\" https:\/\/goroskop.tv\/wp-content\/uploads\/2023\/05\/tarot1.jpg \" alt=\" Vad \u00e4r mitt f\u00f6delsedagshoroskop f\u00f6r idag?\n \" width=\"65\" height=\"95\" title=\"\"><img loading=\"lazy\" decoding=\"async\" class=\"alignleft\" style=\"width: 60px;\" src=\" https:\/\/goroskop.tv\/wp-content\/uploads\/2023\/05\/tarot2.jpg \" alt=\" Vad \u00e4r mitt f\u00f6delsedagshoroskop f\u00f6r idag?\n \" width=\"195\" height=\"300\" title=\"\"><img decoding=\"async\" class=\"alignleft\" style=\"width: 60px;\" src=\" https:\/\/goroskop.tv\/wp-content\/uploads\/2023\/05\/tarot3.jpg \" alt=\" Vad \u00e4r mitt f\u00f6delsedagshoroskop f\u00f6r idag?\n \" title=\"\"><\/td>\n<\/tr>\n<\/tbody>\n<\/table>\n<\/figure>\n<p>Intressanta saker att veta inneb\u00f6rden: <a href=\"https:\/\/sv.wikipedia.org\/wiki\/Tarot\" target=\"_blank\" rel=\"nofollow noopener\"> Tarot <\/a> <\/p>\n<p>H\u00e4r l\u00e4mnar vi ocks\u00e5 \u00e4mnen relaterade till: <a href=\" https:\/\/goroskop.tv\/sw\/kommer-leo-och-skorpionen-overens-som-vanner\/\">Tarot<\/a><\/p>\n<div id=\"ez-toc-container\" class=\"ez-toc-v2_0_82_2 ez-toc-wrap-center counter-hierarchy ez-toc-counter ez-toc-grey ez-toc-container-direction\">\n<div class=\"ez-toc-title-container\">\n<div class=\"ez-toc-title\" style=\"cursor:inherit\">Table of Contents<\/div>\n<span class=\"ez-toc-title-toggle\"><a href=\"#\" class=\"ez-toc-pull-right ez-toc-btn ez-toc-btn-xs ez-toc-btn-default ez-toc-toggle\" aria-label=\"Alternar tabla de contenidos\"><span class=\"ez-toc-js-icon-con\"><span class=\"\"><span class=\"eztoc-hide\" style=\"display:none;\">Toggle<\/span><span class=\"ez-toc-icon-toggle-span\"><svg style=\"fill: #999;color:#999\" xmlns=\"http:\/\/www.w3.org\/2000\/svg\" class=\"list-377408\" width=\"20px\" height=\"20px\" viewBox=\"0 0 24 24\" fill=\"none\"><path d=\"M6 6H4v2h2V6zm14 0H8v2h12V6zM4 11h2v2H4v-2zm16 0H8v2h12v-2zM4 16h2v2H4v-2zm16 0H8v2h12v-2z\" fill=\"currentColor\"><\/path><\/svg><svg style=\"fill: #999;color:#999\" class=\"arrow-unsorted-368013\" xmlns=\"http:\/\/www.w3.org\/2000\/svg\" width=\"10px\" height=\"10px\" viewBox=\"0 0 24 24\" version=\"1.2\" baseProfile=\"tiny\"><path d=\"M18.2 9.3l-6.2-6.3-6.2 6.3c-.2.2-.3.4-.3.7s.1.5.3.7c.2.2.4.3.7.3h11c.3 0 .5-.1.7-.3.2-.2.3-.5.3-.7s-.1-.5-.3-.7zM5.8 14.7l6.2 6.3 6.2-6.3c.2-.2.3-.5.3-.7s-.1-.5-.3-.7c-.2-.2-.4-.3-.7-.3h-11c-.3 0-.5.1-.7.3-.2.2-.3.5-.3.7s.1.5.3.7z\"\/><\/svg><\/span><\/span><\/span><\/a><\/span><\/div>\n<nav><ul class='ez-toc-list ez-toc-list-level-1 eztoc-toggle-hide-by-default' ><li class='ez-toc-page-1 ez-toc-heading-level-2'><a class=\"ez-toc-link ez-toc-heading-1\" href=\"https:\/\/goroskop.tv\/sw\/vad-ar-mitt-fodelsedagshoroskop-for-idag\/#Vad_ar_mitt_fodelsedagshoroskop_for_idag\" >Vad \u00e4r mitt f\u00f6delsedagshoroskop f\u00f6r idag?<\/a><\/li><li class='ez-toc-page-1 ez-toc-heading-level-2'><a class=\"ez-toc-link ez-toc-heading-2\" href=\"https:\/\/goroskop.tv\/sw\/vad-ar-mitt-fodelsedagshoroskop-for-idag\/#Kan_din_framtid_forutsagas_av_din_fodelsedag\" >Kan din framtid f\u00f6ruts\u00e4gas av din f\u00f6delsedag?<\/a><\/li><li class='ez-toc-page-1 ez-toc-heading-level-2'><a class=\"ez-toc-link ez-toc-heading-3\" href=\"https:\/\/goroskop.tv\/sw\/vad-ar-mitt-fodelsedagshoroskop-for-idag\/#Hur_ar_Vaduren_idag\" >Hur \u00e4r V\u00e4duren idag?<\/a><\/li><li class='ez-toc-page-1 ez-toc-heading-level-2'><a class=\"ez-toc-link ez-toc-heading-4\" href=\"https:\/\/goroskop.tv\/sw\/vad-ar-mitt-fodelsedagshoroskop-for-idag\/#Vad_sager_ditt_fodelsedatum_om_dig\" >Vad s\u00e4ger ditt f\u00f6delsedatum om dig?<\/a><\/li><li class='ez-toc-page-1 ez-toc-heading-level-2'><a class=\"ez-toc-link ez-toc-heading-5\" href=\"https:\/\/goroskop.tv\/sw\/vad-ar-mitt-fodelsedagshoroskop-for-idag\/#Vilka_ar_mina_tre_framsta_symtom\" >Vilka \u00e4r mina tre fr\u00e4msta symtom?<\/a><\/li><li class='ez-toc-page-1 ez-toc-heading-level-2'><a class=\"ez-toc-link ez-toc-heading-6\" href=\"https:\/\/goroskop.tv\/sw\/vad-ar-mitt-fodelsedagshoroskop-for-idag\/#Vilken_veckodag_gav_dig_tur\" >Vilken veckodag gav dig tur?<\/a><\/li><li class='ez-toc-page-1 ez-toc-heading-level-2'><a class=\"ez-toc-link ez-toc-heading-7\" href=\"https:\/\/goroskop.tv\/sw\/vad-ar-mitt-fodelsedagshoroskop-for-idag\/#Har_jag_fri_vilja_baserat_pa_mitt_fodelsedatum\" >Har jag fri vilja baserat p\u00e5 mitt f\u00f6delsedatum?<\/a><\/li><li class='ez-toc-page-1 ez-toc-heading-level-2'><a class=\"ez-toc-link ez-toc-heading-8\" href=\"https:\/\/goroskop.tv\/sw\/vad-ar-mitt-fodelsedagshoroskop-for-idag\/#Pa_din_fodelsedag_forandras_din_fysik\" >P\u00e5 din f\u00f6delsedag, f\u00f6r\u00e4ndras din fysik?<\/a><\/li><li class='ez-toc-page-1 ez-toc-heading-level-2'><a class=\"ez-toc-link ez-toc-heading-9\" href=\"https:\/\/goroskop.tv\/sw\/vad-ar-mitt-fodelsedagshoroskop-for-idag\/#Vilken_fodelsemanad_har_den_kortaste_livslangden\" >Vilken f\u00f6delsem\u00e5nad har den kortaste livsl\u00e4ngden?<\/a><\/li><\/ul><\/nav><\/div>\n","protected":false},"excerpt":{"rendered":"<p>Vad \u00e4r mitt f\u00f6delsedagshoroskop f\u00f6r idag? Vi har en f\u00f6ruts\u00e4gelse f\u00f6r n\u00e4sta \u00e5r om du fyller \u00e5r idag. Det finns t\u00e4ckning f\u00f6r alla f\u00f6delsedagar, inte bara idag. Dessa f\u00f6ruts\u00e4gelser \u00e4r baserade p\u00e5 numerologin f\u00f6r f\u00f6delsedatumet, s\u00e5v\u00e4l som de viktigaste astrologiska aspekterna som \u00e4r aktiva i ditt Del sol Return-f\u00f6delsediagram. Allt eftersom \u00e5ret fortskrider uppdateras den &hellip;<\/p>\n","protected":false},"author":1,"featured_media":61,"comment_status":"closed","ping_status":"closed","sticky":false,"template":"","format":"standard","meta":{"footnotes":""},"categories":[4],"tags":[10,13483,7,543,312,43],"class_list":["post-56362","post","type-post","status-publish","format-standard","has-post-thumbnail","hentry","category-tarot","tag-ar","tag-fodelsedagshoroskop","tag-for","tag-idag","tag-mitt","tag-vad"],"_links":{"self":[{"href":"https:\/\/goroskop.tv\/sw\/wp-json\/wp\/v2\/posts\/56362","targetHints":{"allow":["GET"]}}],"collection":[{"href":"https:\/\/goroskop.tv\/sw\/wp-json\/wp\/v2\/posts"}],"about":[{"href":"https:\/\/goroskop.tv\/sw\/wp-json\/wp\/v2\/types\/post"}],"author":[{"embeddable":true,"href":"https:\/\/goroskop.tv\/sw\/wp-json\/wp\/v2\/users\/1"}],"replies":[{"embeddable":true,"href":"https:\/\/goroskop.tv\/sw\/wp-json\/wp\/v2\/comments?post=56362"}],"version-history":[{"count":0,"href":"https:\/\/goroskop.tv\/sw\/wp-json\/wp\/v2\/posts\/56362\/revisions"}],"wp:featuredmedia":[{"embeddable":true,"href":"https:\/\/goroskop.tv\/sw\/wp-json\/wp\/v2\/media\/61"}],"wp:attachment":[{"href":"https:\/\/goroskop.tv\/sw\/wp-json\/wp\/v2\/media?parent=56362"}],"wp:term":[{"taxonomy":"category","embeddable":true,"href":"https:\/\/goroskop.tv\/sw\/wp-json\/wp\/v2\/categories?post=56362"},{"taxonomy":"post_tag","embeddable":true,"href":"https:\/\/goroskop.tv\/sw\/wp-json\/wp\/v2\/tags?post=56362"}],"curies":[{"name":"wp","href":"https:\/\/api.w.org\/{rel}","templated":true}]}}