{"id":58061,"date":"2023-09-02T16:47:59","date_gmt":"2023-09-02T16:47:59","guid":{"rendered":"https:\/\/goroskop.tv\/sw\/vilken-farg-har-februarifodelsestenen\/"},"modified":"2023-09-02T16:47:59","modified_gmt":"2023-09-02T16:47:59","slug":"vilken-farg-har-februarifodelsestenen","status":"publish","type":"post","link":"https:\/\/goroskop.tv\/sw\/vilken-farg-har-februarifodelsestenen\/","title":{"rendered":"Vilken f\u00e4rg har februarif\u00f6delsestenen?"},"content":{"rendered":"<p><\/p>\n<h2><span class=\"ez-toc-section\" id=\"Vilken_farg_har_februarifodelsestenen\"><\/span><span class=\"ez-toc-section\" id=\"%C2%BFDe_que_color_es_la_piedra_natal_de_febrero\"><\/span>  Vilken f\u00e4rg har februarif\u00f6delsestenen?<span class=\"ez-toc-section-end\"><\/span><span class=\"ez-toc-section-end\"><\/span><\/h2>\n<p>Den lila formen av kvarts k\u00e4nd som ametist, som har fascinerat m\u00e4nniskor i \u00e5rtusenden, \u00e4r din f\u00f6delsesten om du \u00e4r f\u00f6dd i februari. <\/p>\n<p>  Det kan extraheras och tillverkas i ett laboratorium, och dess nyanser fr\u00e5n lavendel till djuplila kan sk\u00e4ras i en m\u00e4ngd olika former och storlekar. <\/p>\n<p>  Asiatiska och europeiska kungafamiljer har ametistsmycken i sina samlingar, som \u00e4r f\u00f6delsestenen f\u00f6r februari. <\/p>\n<p>  Nu har de flesta r\u00e5d. <\/p>\n<p>  \u00d6verv\u00e4g att k\u00f6pa en magnifik ametist till ditt hj\u00e4rtas monark, eller bel\u00f6na dig sj\u00e4lv med en kunglig g\u00e5va. <\/p>\n<p>  Att b\u00e4ra en ametist kan ocks\u00e5 vara ett tecken p\u00e5 inre styrka och sj\u00e4lvf\u00f6rst\u00e4rkning om du fyller \u00e5r i februari.<\/p>\n<h2><span class=\"ez-toc-section\" id=\"Vilka_ar_de_tva_fodelsestenarna_for_februari\"><\/span><span class=\"ez-toc-section\" id=\"%C2%BFCuales_son_las_dos_piedras_natales_de_febrero\"><\/span><span id=\"ezoic-pub-ad-placeholder-144\" class=\"ezoic-adpicker-ad\"><\/span><span class=\"ezoic-ad ezoic-at-0 box-4 box-4144 adtester-container adtester-container-144\" data-ez-name=\"hiszodiac_com-box-4\"><span id=\"div-gpt-ad-hiszodiac_com-box-4-0\" ezaw=\"300\" ezah=\"250\" style=\"position:relative;z-index:0;display:inline-block;padding:0;min-height:250px;min-width:300px\" class=\"ezoic-ad\"><\/span><\/span>Vilka \u00e4r de tv\u00e5 f\u00f6delsestenarna f\u00f6r februari?<span class=\"ez-toc-section-end\"><\/span><span class=\"ez-toc-section-end\"><\/span><\/h2>\n<p>I New England \u00e4r vi ordentligt t\u00e4ckta av ett sn\u00f6t\u00e4cke n\u00e4r februari faller. <\/p>\n<p>  Februari f\u00f6delsestenar erbjuder ett v\u00e4lkommet sken bland de dystra dagarna och fortfarande l\u00e5nga vintern\u00e4tterna. <\/p>\n<p>  Den h\u00e4r m\u00e5naden har du n\u00e5gra fantastiska alternativ om du letar efter en present till n\u00e5gon som \u00e4r f\u00f6dd i februari. <\/p>\n<p>  L\u00e5t oss titta p\u00e5 tv\u00e5 underbara f\u00f6delsestensm\u00f6jligheter f\u00f6r personer f\u00f6dda i februari: ametist och jaspis.<\/p>\n<h2><span class=\"ez-toc-section\" id=\"Vilken_farg_har_februari_manad\"><\/span><span class=\"ez-toc-section\" id=\"%C2%BFDe_que_color_es_el_mes_de_febrero\"><\/span><span id=\"ezoic-pub-ad-placeholder-145\" class=\"ezoic-adpicker-ad\"><\/span><span class=\"ezoic-ad ezoic-at-0 banner-1 banner-1145 adtester-container adtester-container-145\" data-ez-name=\"hiszodiac_com-banner-1\"><span id=\"div-gpt-ad-hiszodiac_com-banner-1-0\" ezaw=\"468\" ezah=\"60\" style=\"position:relative;z-index:0;display:inline-block;padding:0;width:100%;max-width:1200px;margin-left:auto!important;margin-right:auto!important;min-height:90px;min-width:728px\" class=\"ezoic-ad\"><\/span><\/span>Vilken f\u00e4rg har februari m\u00e5nad?<span class=\"ez-toc-section-end\"><\/span><span class=\"ez-toc-section-end\"><\/span><\/h2>\n<p>F\u00f6delsestenen f\u00f6r februari \u00e4r ametist. <\/p>\n<p>  Lila \u00e4r f\u00f6delsestenen f\u00f6r februari. <\/p>\n<p>  Hem > Utbildning > \u00c4delstenar och gemologi > Ametist, f\u00f6delsestenen f\u00f6r februari. <\/p>\n<p>  Lila \u00e4r f\u00f6delsestenen f\u00f6r februari.<\/p>\n<h2><span class=\"ez-toc-section\" id=\"Vilken_adelsten_anses_vara_lycklig_i_februari\"><\/span><span class=\"ez-toc-section\" id=\"%C2%BFQue_piedra_preciosa_se_considera_afortunada_en_febrero\"><\/span><span id=\"ezoic-pub-ad-placeholder-146\" class=\"ezoic-adpicker-ad\"><\/span>Vilken \u00e4delsten anses vara lycklig i februari?<span class=\"ez-toc-section-end\"><\/span><span class=\"ez-toc-section-end\"><\/span><\/h2>\n<p>Ametist. <\/p>\n<p>  I alla delar av v\u00e4rlden kan man hitta ametist, en lila kvarts som \u00e4r en fantastisk kombination av violett och r\u00f6tt. <\/p>\n<p>  Ordet f\u00f6r \u00abberusad\u00bb p\u00e5 antik grekiska \u00e4r methustos, varifr\u00e5n namnet h\u00e4rstammar. <\/p>\n<p>  M\u00e4nniskor i gamla tider som bar \u00e4delstenen trodde att den kunde h\u00e5lla dem nyktra.<\/p>\n<h2><span class=\"ez-toc-section\" id=\"Vilken_adelsten_passar_Vattumannen_bast\"><\/span><span class=\"ez-toc-section\" id=\"%C2%BFQue_piedra_preciosa_se_adapta_mejor_a_Acuario\"><\/span><span id=\"ezoic-pub-ad-placeholder-147\" class=\"ezoic-adpicker-ad\"><\/span><span class=\"ezoic-ad ezoic-at-0 leader-1 leader-1147 adtester-container adtester-container-147\" data-ez-name=\"hiszodiac_com-leader-1\"><span id=\"div-gpt-ad-hiszodiac_com-leader-1-0\" ezaw=\"250\" ezah=\"250\" style=\"position:relative;z-index:0;display:inline-block;padding:0;width:100%;max-width:1200px;margin-left:auto!important;margin-right:auto!important;min-height:90px;min-width:728px\" class=\"ezoic-ad\"><\/span><\/span>Vilken \u00e4delsten passar Vattumannen b\u00e4st?<span class=\"ez-toc-section-end\"><\/span><span class=\"ez-toc-section-end\"><\/span><\/h2>\n<p>Ametist \u00e4r lyckostenen f\u00f6r Vattumannen. <\/p>\n<p>  Att b\u00e4ra denna sten kan ha en betydande inverkan p\u00e5 en persons relationer, personlighet och karri\u00e4r.<\/p>\n<h4><span class=\"ez-toc-section\" id=\"Fodelsesymboler_i_januari\"><\/span><span class=\"ez-toc-section\" id=\"Simbolos_de_nacimiento_de_enero\"><\/span><span id=\"ezoic-pub-ad-placeholder-158\" class=\"ezoic-adpicker-ad\"><\/span>F\u00f6delsesymboler i januari:<span class=\"ez-toc-section-end\"><\/span><span class=\"ez-toc-section-end\"><\/span><\/h4>\n<p>\u201dAtt l\u00e4sa en dikt i januari \u00e4r lika trevligt som att ta en promenad i juni. <\/p>\n<p>  Sartre, Jean-Paul<\/p>\n<h3><span class=\"ez-toc-section\" id=\"Februari_fodelsesymbol_Fordelning\"><\/span><span class=\"ez-toc-section\" id=\"Desglose_del_simbolo_de_nacimiento_de_febrero\"><\/span><span id=\"ezoic-pub-ad-placeholder-149\" class=\"ezoic-adpicker-ad\"><\/span><span class=\"ezoic-ad ezoic-at-0 leader-3 leader-3149 adtester-container adtester-container-149\" data-ez-name=\"hiszodiac_com-leader-3\"><span id=\"div-gpt-ad-hiszodiac_com-leader-3-0\" ezaw=\"336\" ezah=\"280\" style=\"position:relative;z-index:0;display:inline-block;padding:0;width:100%;max-width:1200px;margin-left:auto!important;margin-right:auto!important;min-height:280px;min-width:336px\" class=\"ezoic-ad\"><\/span><\/span>Februari f\u00f6delsesymbol F\u00f6rdelning<span class=\"ez-toc-section-end\"><\/span><span class=\"ez-toc-section-end\"><\/span><\/h3>\n<p>K\u00e4nnetecken f\u00f6r februarif\u00f6dslar?  otroligt kvick och sarkastisk. <\/p>\n<p>  Titta, bebisar f\u00f6dda i februari sl\u00f6sar inte tid. <\/p>\n<p>  De \u00e4r medvetna om behovet av att slutf\u00f6ra uppgifter eftersom de bara har 28 dagar kvar p\u00e5 sin m\u00e5nad.<\/p>\n<h4><span class=\"ez-toc-section\" id=\"Februari_fodelsesymboler\"><\/span><span class=\"ez-toc-section\" id=\"Simbolos_de_nacimiento_de_febrero\"><\/span><span id=\"ezoic-pub-ad-placeholder-159\" class=\"ezoic-adpicker-ad\"><\/span>Februari f\u00f6delsesymboler:<span class=\"ez-toc-section-end\"><\/span><span class=\"ez-toc-section-end\"><\/span><\/h4>\n<h3><span class=\"ez-toc-section\" id=\"Mars_fodelse_symbol\"><\/span><span class=\"ez-toc-section\" id=\"Simbolo_de_nacimiento_de_marzo\"><\/span><span id=\"ezoic-pub-ad-placeholder-150\" class=\"ezoic-adpicker-ad\"><\/span>Mars f\u00f6delse symbol<span class=\"ez-toc-section-end\"><\/span><span class=\"ez-toc-section-end\"><\/span><\/h3>\n<p>Mars baby personligheter?  positiv, futuristisk och entusiastisk. <\/p>\n<p>  annan kvalitet?  Du kan ha att g\u00f6ra med en nattuggla. <\/p>\n<p>  Enligt denna studie g\u00e5r nyf\u00f6dda f\u00f6dda p\u00e5 v\u00e5ren och sommaren ofta till s\u00e4ngs lite senare \u00e4n barn som f\u00f6ds p\u00e5 h\u00f6sten och vintern. <\/p>\n<p>  Ja, ditt barn undviker s\u00f6mn av olika anledningar.<\/p>\n<h4><span class=\"ez-toc-section\" id=\"Mars_fodelsesymboler\"><\/span><span class=\"ez-toc-section\" id=\"Simbolos_de_nacimiento_de_marzo\"><\/span><span id=\"ezoic-pub-ad-placeholder-160\" class=\"ezoic-adpicker-ad\"><\/span><span class=\"ezoic-ad ezoic-at-0 large-mobile-banner-2 large-mobile-banner-2160 adtester-container adtester-container-160\" data-ez-name=\"hiszodiac_com-large-mobile-banner-2\"><span id=\"div-gpt-ad-hiszodiac_com-large-mobile-banner-2-0\" ezaw=\"336\" ezah=\"280\" style=\"position:relative;z-index:0;display:inline-block;padding:0;width:100%;max-width:1200px;margin-left:auto!important;margin-right:auto!important;min-height:280px;min-width:336px\" class=\"ezoic-ad\"><\/span><\/span>Mars f\u00f6delsesymboler:<span class=\"ez-toc-section-end\"><\/span><span class=\"ez-toc-section-end\"><\/span><\/h4>\n<ul>\n<li>F\u00f6re 2000-talet?  Fiskarna.  efter 21 \u00e5rs \u00e5lder?  V\u00e4duren.<span class=\"ezoic-autoinsert-ad ezoic-incontent_9\"><\/span><\/li>\n<li>Akvamarinbl\u00e5 sten (marinbl\u00e5)<\/li>\n<li>F\u00f6re artonhundratalet?  \u00abAskan\u00bb.  efter 18 augusti?  almen.<\/li>\n<li>Yin-Yang \u00e4r sj\u00e4lens emblem.<\/li>\n<\/ul>\n<p>Det var en av de d\u00e4r typiska marsdagarna, n\u00e4r solen \u00e4r varm och vinden bl\u00e5ser isig, vilket f\u00e5r det att verka som sommar i ljuset och vinter i skuggan.  cs dickens<\/p>\n<h4><span class=\"ez-toc-section\" id=\"April_fodelsesymboler\"><\/span><span class=\"ez-toc-section\" id=\"Simbolos_de_nacimiento_de_abril\"><\/span><span id=\"ezoic-pub-ad-placeholder-161\" class=\"ezoic-adpicker-ad\"><\/span>April f\u00f6delsesymboler:<span class=\"ez-toc-section-end\"><\/span><span class=\"ez-toc-section-end\"><\/span><\/h4>\n<h2><span class=\"ez-toc-section\" id=\"Vilken_ton_ar_Vattumannen\"><\/span><span class=\"ez-toc-section\" id=\"%C2%BFQue_tono_es_el_Acuario\"><\/span><span id=\"ezoic-pub-ad-placeholder-148\" class=\"ezoic-adpicker-ad\"><\/span><span class=\"ezoic-ad ezoic-at-0 leader-2 leader-2148 adtester-container adtester-container-148\" data-ez-name=\"hiszodiac_com-leader-2\"><span id=\"div-gpt-ad-hiszodiac_com-leader-2-0\" ezaw=\"336\" ezah=\"280\" style=\"position:relative;z-index:0;display:inline-block;padding:0;width:100%;max-width:1200px;margin-left:auto!important;margin-right:auto!important;min-height:280px;min-width:336px\" class=\"ezoic-ad\"><\/span><\/span>Vilken ton \u00e4r Vattumannen?<span class=\"ez-toc-section-end\"><\/span><span class=\"ez-toc-section-end\"><\/span><\/h2>\n<p>Vattumannens vision\u00e4ra tecken \u00e4r kopplat till himlen och f\u00e4rgen bl\u00e5. <\/p>\n<p>  Himlen \u00e4r inte gr\u00e4nsen f\u00f6r Vattumannen, och de spenderar ofta mycket tid med att dagdr\u00f6mma i molnen, enligt Terrones, som ut\u00f6kar metaforen. <\/p>\n<p>  N\u00e4r Vattumannen beh\u00f6ver lite motivation f\u00f6r sin n\u00e4sta kreativa str\u00e4van b\u00f6r de b\u00e4ra bl\u00e5tt. <\/p>\n<p>  Tonen i ditt stj\u00e4rntecken kan anv\u00e4ndas f\u00f6r att hj\u00e4lpa dig \u00f6vervinna alla mentala hinder. <\/p>\n<p>  Den idealiska milj\u00f6n som du har skapat f\u00f6r dig sj\u00e4lv kommer att uppmuntra fl\u00f6det av tankar.<\/p>\n<h2><span class=\"ez-toc-section\" id=\"Vad_star_februari_for\"><\/span><span class=\"ez-toc-section\" id=\"%C2%BFQue_representa_febrero\"><\/span><span id=\"ezoic-pub-ad-placeholder-153\" class=\"ezoic-adpicker-ad\"><\/span><span class=\"ezoic-ad ezoic-at-0 large-mobile-banner-1 large-mobile-banner-1153 adtester-container adtester-container-153\" data-ez-name=\"hiszodiac_com-large-mobile-banner-1\"><span id=\"div-gpt-ad-hiszodiac_com-large-mobile-banner-1-0\" ezaw=\"250\" ezah=\"250\" style=\"position:relative;z-index:0;display:inline-block;padding:0;width:100%;max-width:1200px;margin-left:auto!important;margin-right:auto!important;min-height:90px;min-width:728px\" class=\"ezoic-ad\"><\/span><\/span>Vad st\u00e5r februari f\u00f6r?<span class=\"ez-toc-section-end\"><\/span><span class=\"ez-toc-section-end\"><\/span><\/h2>\n<p>Orsaker till februari Ametist \u00e4r din f\u00f6delsesten. <\/p>\n<p>  Det \u00e4r synonymt med uppriktighet, fromhet, \u00f6dmjukhet och andlig visdom. <\/p>\n<p>  Fiskarna och Vattumannen \u00e4r stj\u00e4rntecknen f\u00f6r februari m\u00e5nad (fram till 20 februari). <\/p>\n<p>  (20 februari och fram\u00e5t).<\/p>\n<h2><span class=\"ez-toc-section\" id=\"Ar_jade_en_fodelsesten_for_februari\"><\/span><span class=\"ez-toc-section\" id=\"%C2%BFEs_el_jade_una_piedra_de_nacimiento_para_febrero\"><\/span><span id=\"ezoic-pub-ad-placeholder-154\" class=\"ezoic-adpicker-ad\"><\/span>\u00c4r jade en f\u00f6delsesten f\u00f6r februari?<span class=\"ez-toc-section-end\"><\/span><span class=\"ez-toc-section-end\"><\/span><\/h2>\n<p>Jade, en sten k\u00e4nd f\u00f6r sin djupgr\u00f6na f\u00e4rg, \u00e4r en av f\u00f6delsestenarna f\u00f6r augusti m\u00e5nad. <\/p>\n<p>  Jade har anv\u00e4nts i \u00f6ver 7 000 \u00e5r, men trots vad man kan tro med tanke p\u00e5 dess extraordin\u00e4ra h\u00e5rdhet, anv\u00e4ndes den ursprungligen som en mycket praktisk sten f\u00f6r verktyg. <\/p>\n<p>  Jadeit och nefrit \u00e4r tv\u00e5 olika mineraler som utg\u00f6r jade. <\/p>\n<p>  Jadeit har en t\u00e4t tillv\u00e4xt av sm\u00e5 sammankopplade korn, vilket g\u00f6r den extremt robust och motst\u00e5ndskraftig. <\/p>\n<p>  Eftersom den best\u00e5r av fibr\u00f6sa kristaller som \u00e4r sammankopplade i en t\u00e4t, kompakt massa, \u00e4r nefrit, en typ av aktinolit, \u00e4nnu tuffare. <\/p>\n<p>  Jade \u00e4r den h\u00e5rdaste \u00e4delstenen som finns i naturen p\u00e5 grund av kombinationen av dessa tv\u00e5 mineraler, och \u00e4ven om nefrit och jadeit \u00e4r mjukare \u00e4n diamant och repar l\u00e4ttare, har de en mycket h\u00f6g motst\u00e5ndskraft mot flisning. <\/p>\n<p>  Naturens h\u00e5rdaste \u00e4delsten, diamant, kan dock krossas av en stark p\u00e5verkan. <\/p>\n<p>  Jade \u00e4r ett utm\u00e4rkt vapen eftersom det \u00e4r h\u00e5rdare \u00e4n granit, sv\u00e5rare att hugga och mindre formbart \u00e4n st\u00e5l.<\/p>\n<p>Jade kan hittas i en m\u00e4ngd olika nyanser, fr\u00e5n en gr\u00e5gr\u00f6n till den mycket uppskattade smaragdgr\u00f6na, allm\u00e4nt k\u00e4nd som \u00abImperial Jade\u00bb. <\/p>\n<p>  Andelen krom, j\u00e4rn och mangan i varje sten best\u00e4mmer f\u00e4rgen p\u00e5 jaden, som ocks\u00e5 varierar beroende p\u00e5 vilken nation den bryts fr\u00e5n. <\/p>\n<p>  Endast de b\u00e4sta jadestenarna visar j\u00e4mnt f\u00f6rdelade f\u00e4rger, medan de flesta jades visar brister och skavanker. <\/p>\n<p>  Men ibland ses misslyckanden inte som misslyckanden, utan snarare extremt dyra m\u00f6nster som \u00e4r eftertraktade av m\u00e5nga samlare. <\/p>\n<p>  Satellitdubbarna med Jade-design som n\u00e4mns ovan \u00e4r en av v\u00e5ra skapelser som anv\u00e4nder denna vackra sten.<\/p>\n<p>Jade har sin del av g\u00e5tfulla \u00f6vertygelser och legender, precis som andra \u00e4delstenar. <\/p>\n<p>  Asiater, till exempel, s\u00e4tter stort v\u00e4rde p\u00e5 jade eftersom de k\u00e4nner att stenen har starka energetiska kopplingar till den m\u00e4nskliga formen. <\/p>\n<p>  Eftersom de k\u00e4nner att jade har blivit en del av dem och att ge det till en n\u00e4ra v\u00e4n eller familjemedlem \u00e4r att ge lite av sig sj\u00e4lva, \u00e4r det vanligt att de erbjuder en bit jade som de brukade visa upp ofta som g\u00e5va . <\/p>\n<p>g\u00e5va. <\/p>\n<p>  Den 35-\u00e5riga br\u00f6llopsdagen \u00e4delstenen \u00e4r jade, som ocks\u00e5 har kopplats till njurh\u00e4lsa.<\/p>\n<h2><span class=\"ez-toc-section\" id=\"Vilken_fodelsesten_har_den_sallsynta_stenen\"><\/span><span class=\"ez-toc-section\" id=\"%C2%BFQue_piedra_de_nacimiento_tiene_la_piedra_mas_rara\"><\/span><span id=\"ezoic-pub-ad-placeholder-155\" class=\"ezoic-adpicker-ad\"><\/span>Vilken f\u00f6delsesten har den s\u00e4llsynta stenen?<span class=\"ez-toc-section-end\"><\/span><span class=\"ez-toc-section-end\"><\/span><\/h2>\n<p>Medan vissa f\u00f6delsestenar \u00e4r mer tillg\u00e4ngliga \u00e4n andra, tros s\u00e4rskilt \u00e4delstenar vara relativt s\u00e4llsynta. <\/p>\n<p>  Men eftersom vissa riktigt dyra stenar inte \u00e4r s\u00e5 s\u00e4llsynta och vice versa, kan prislappar vara missvisande n\u00e4r det kommer till s\u00e4llsynthet. <\/p>\n<p>  Till exempel, \u00e4ven om den \u00e4r dyr, \u00e4r aprildiamanten mindre s\u00e4llsynt \u00e4n rubiner, smaragder och alexandrit. <\/p>\n<p>  P\u00e5 tal om alexandrit, det \u00e4r nu den dyraste och s\u00e4llsynta \u00e4delstenen p\u00e5 f\u00f6delsestenslistan. <\/p>\n<p>  Dessutom \u00e4r svarta opaler extremt s\u00e4llsynta.<\/p>\n<p>Birthstones ger ett sp\u00e4nnande s\u00e4tt att v\u00e4lja smycken. <\/p>\n<p>  De till\u00e5ter m\u00e4nniskor att unders\u00f6ka smycken som de annars skulle undvika. <\/p>\n<p>  Men birthstones \u00e4r inte alltid vad folk tror att de \u00e4r, s\u00e5 se till att k\u00f6pa birthstonesmycken av r\u00e4tt anledningar n\u00e4r du g\u00f6r ditt val.<\/p>\n<h2><span class=\"ez-toc-section\" id=\"Vilken_fodelsesten_har_de_basta_omen\"><\/span><span class=\"ez-toc-section\" id=\"%C2%BFQue_piedra_de_nacimiento_tiene_los_mejores_presagios\"><\/span><span id=\"ezoic-pub-ad-placeholder-156\" class=\"ezoic-adpicker-ad\"><\/span><span class=\"ezoic-ad ezoic-at-0 leader-4 leader-4156 adtester-container adtester-container-156\" data-ez-name=\"hiszodiac_com-leader-4\"><span id=\"div-gpt-ad-hiszodiac_com-leader-4-0\" ezaw=\"336\" ezah=\"280\" style=\"position:relative;z-index:0;display:inline-block;padding:0;width:100%;max-width:1200px;margin-left:auto!important;margin-right:auto!important;min-height:280px;min-width:336px\" class=\"ezoic-ad\"><\/span><\/span>Vilken f\u00f6delsesten har de b\u00e4sta omen?<span class=\"ez-toc-section-end\"><\/span><span class=\"ez-toc-section-end\"><\/span><\/h2>\n<p>Det anses vara en \u00e4delsten som stimulerar fantasin och kreativiteten. <\/p>\n<p>  Vissa m\u00e4nniskor tror att att b\u00e4ra en opal ger otur f\u00f6r alla som \u00e4r f\u00f6dda i en annan m\u00e5nad. <\/p>\n<p>  Men den specifika vidskepelsen h\u00e4rstammar fr\u00e5n en 1800-talsroman (Sir Walter Scotts Anne av Geierstein), inte fr\u00e5n n\u00e5gon gammal tro eller erfarenhet. <\/p>\n<p>  Eftersom den kan visa alla f\u00e4rger har opalen under st\u00f6rre delen av historien ansetts vara den lyckligaste och mest mystiska av alla juveler.<\/p>\n<p>Vi hoppas att du gillade v\u00e5r artikel Vilken f\u00e4rg \u00e4r f\u00f6delsestenen f\u00f6r februari? och allt relaterat till horoskop, tarot, ritualer och allt relaterat.<\/p>\n<figure class=\"wp-block-table is-style-regular\">\n<\/figure>\n<p>Intressanta saker att veta inneb\u00f6rden: Tarot  <\/p>\n<p>\u00c4ven h\u00e4r l\u00e4mnar vi \u00e4mnen relaterade till: Tarot<\/p>\n<\/p>\n<p><\/p>\n<p>Vi hoppas att du gillade v\u00e5r artikel Vilken f\u00e4rg har februarif\u00f6delsestenen?<br \/>\n och allt om horoskop, tarot, ritualer och allt relaterat till det &#8230;<\/p>\n<figure class=\"wp-block-table is-style-regular\">\n<table style=\"width: 284px; height: 157px;\">\n<tbody>\n<tr>\n<td class=\"has-text-align-center\" data-align=\"center\"><img loading=\"lazy\" decoding=\"async\" class=\"alignleft\" src=\" https:\/\/goroskop.tv\/wp-content\/uploads\/2023\/05\/tarot1.jpg \" alt=\" Vilken f\u00e4rg har februarif\u00f6delsestenen?\n \" width=\"65\" height=\"95\" title=\"\"><img loading=\"lazy\" decoding=\"async\" class=\"alignleft\" style=\"width: 60px;\" src=\" https:\/\/goroskop.tv\/wp-content\/uploads\/2023\/05\/tarot2.jpg \" alt=\" Vilken f\u00e4rg har februarif\u00f6delsestenen?\n \" width=\"195\" height=\"300\" title=\"\"><img decoding=\"async\" class=\"alignleft\" style=\"width: 60px;\" src=\" https:\/\/goroskop.tv\/wp-content\/uploads\/2023\/05\/tarot3.jpg \" alt=\" Vilken f\u00e4rg har februarif\u00f6delsestenen?\n \" title=\"\"><\/td>\n<\/tr>\n<\/tbody>\n<\/table>\n<\/figure>\n<p>Intressanta saker att veta inneb\u00f6rden: <a href=\"https:\/\/sv.wikipedia.org\/wiki\/Tarot\" target=\"_blank\" rel=\"nofollow noopener\"> Tarot <\/a> <\/p>\n<p>H\u00e4r l\u00e4mnar vi ocks\u00e5 \u00e4mnen relaterade till: <a href=\" https:\/\/goroskop.tv\/sw\/kommer-leo-och-skorpionen-overens-som-vanner\/\">Tarot<\/a><\/p>\n<div id=\"ez-toc-container\" class=\"ez-toc-v2_0_82_2 ez-toc-wrap-center counter-hierarchy ez-toc-counter ez-toc-grey ez-toc-container-direction\">\n<div class=\"ez-toc-title-container\">\n<div class=\"ez-toc-title\" style=\"cursor:inherit\">Table of Contents<\/div>\n<span class=\"ez-toc-title-toggle\"><a href=\"#\" class=\"ez-toc-pull-right ez-toc-btn ez-toc-btn-xs ez-toc-btn-default ez-toc-toggle\" aria-label=\"Alternar tabla de contenidos\"><span class=\"ez-toc-js-icon-con\"><span class=\"\"><span class=\"eztoc-hide\" style=\"display:none;\">Toggle<\/span><span class=\"ez-toc-icon-toggle-span\"><svg style=\"fill: #999;color:#999\" xmlns=\"http:\/\/www.w3.org\/2000\/svg\" class=\"list-377408\" width=\"20px\" height=\"20px\" viewBox=\"0 0 24 24\" fill=\"none\"><path d=\"M6 6H4v2h2V6zm14 0H8v2h12V6zM4 11h2v2H4v-2zm16 0H8v2h12v-2zM4 16h2v2H4v-2zm16 0H8v2h12v-2z\" fill=\"currentColor\"><\/path><\/svg><svg style=\"fill: #999;color:#999\" class=\"arrow-unsorted-368013\" xmlns=\"http:\/\/www.w3.org\/2000\/svg\" width=\"10px\" height=\"10px\" viewBox=\"0 0 24 24\" version=\"1.2\" baseProfile=\"tiny\"><path d=\"M18.2 9.3l-6.2-6.3-6.2 6.3c-.2.2-.3.4-.3.7s.1.5.3.7c.2.2.4.3.7.3h11c.3 0 .5-.1.7-.3.2-.2.3-.5.3-.7s-.1-.5-.3-.7zM5.8 14.7l6.2 6.3 6.2-6.3c.2-.2.3-.5.3-.7s-.1-.5-.3-.7c-.2-.2-.4-.3-.7-.3h-11c-.3 0-.5.1-.7.3-.2.2-.3.5-.3.7s.1.5.3.7z\"\/><\/svg><\/span><\/span><\/span><\/a><\/span><\/div>\n<nav><ul class='ez-toc-list ez-toc-list-level-1 eztoc-toggle-hide-by-default' ><li class='ez-toc-page-1 ez-toc-heading-level-2'><a class=\"ez-toc-link ez-toc-heading-1\" href=\"https:\/\/goroskop.tv\/sw\/vilken-farg-har-februarifodelsestenen\/#Vilken_farg_har_februarifodelsestenen\" >Vilken f\u00e4rg har februarif\u00f6delsestenen?<\/a><\/li><li class='ez-toc-page-1 ez-toc-heading-level-2'><a class=\"ez-toc-link ez-toc-heading-2\" href=\"https:\/\/goroskop.tv\/sw\/vilken-farg-har-februarifodelsestenen\/#Vilka_ar_de_tva_fodelsestenarna_for_februari\" >Vilka \u00e4r de tv\u00e5 f\u00f6delsestenarna f\u00f6r februari?<\/a><\/li><li class='ez-toc-page-1 ez-toc-heading-level-2'><a class=\"ez-toc-link ez-toc-heading-3\" href=\"https:\/\/goroskop.tv\/sw\/vilken-farg-har-februarifodelsestenen\/#Vilken_farg_har_februari_manad\" >Vilken f\u00e4rg har februari m\u00e5nad?<\/a><\/li><li class='ez-toc-page-1 ez-toc-heading-level-2'><a class=\"ez-toc-link ez-toc-heading-4\" href=\"https:\/\/goroskop.tv\/sw\/vilken-farg-har-februarifodelsestenen\/#Vilken_adelsten_anses_vara_lycklig_i_februari\" >Vilken \u00e4delsten anses vara lycklig i februari?<\/a><\/li><li class='ez-toc-page-1 ez-toc-heading-level-2'><a class=\"ez-toc-link ez-toc-heading-5\" href=\"https:\/\/goroskop.tv\/sw\/vilken-farg-har-februarifodelsestenen\/#Vilken_adelsten_passar_Vattumannen_bast\" >Vilken \u00e4delsten passar Vattumannen b\u00e4st?<\/a><ul class='ez-toc-list-level-4' ><li class='ez-toc-heading-level-4'><ul class='ez-toc-list-level-4' ><li class='ez-toc-heading-level-4'><a class=\"ez-toc-link ez-toc-heading-6\" href=\"https:\/\/goroskop.tv\/sw\/vilken-farg-har-februarifodelsestenen\/#Fodelsesymboler_i_januari\" >F\u00f6delsesymboler i januari:<\/a><\/li><\/ul><\/li><li class='ez-toc-page-1 ez-toc-heading-level-3'><a class=\"ez-toc-link ez-toc-heading-7\" href=\"https:\/\/goroskop.tv\/sw\/vilken-farg-har-februarifodelsestenen\/#Februari_fodelsesymbol_Fordelning\" >Februari f\u00f6delsesymbol F\u00f6rdelning<\/a><ul class='ez-toc-list-level-4' ><li class='ez-toc-heading-level-4'><a class=\"ez-toc-link ez-toc-heading-8\" href=\"https:\/\/goroskop.tv\/sw\/vilken-farg-har-februarifodelsestenen\/#Februari_fodelsesymboler\" >Februari f\u00f6delsesymboler:<\/a><\/li><\/ul><\/li><li class='ez-toc-page-1 ez-toc-heading-level-3'><a class=\"ez-toc-link ez-toc-heading-9\" href=\"https:\/\/goroskop.tv\/sw\/vilken-farg-har-februarifodelsestenen\/#Mars_fodelse_symbol\" >Mars f\u00f6delse symbol<\/a><ul class='ez-toc-list-level-4' ><li class='ez-toc-heading-level-4'><a class=\"ez-toc-link ez-toc-heading-10\" href=\"https:\/\/goroskop.tv\/sw\/vilken-farg-har-februarifodelsestenen\/#Mars_fodelsesymboler\" >Mars f\u00f6delsesymboler:<\/a><\/li><li class='ez-toc-page-1 ez-toc-heading-level-4'><a class=\"ez-toc-link ez-toc-heading-11\" href=\"https:\/\/goroskop.tv\/sw\/vilken-farg-har-februarifodelsestenen\/#April_fodelsesymboler\" >April f\u00f6delsesymboler:<\/a><\/li><\/ul><\/li><\/ul><\/li><li class='ez-toc-page-1 ez-toc-heading-level-2'><a class=\"ez-toc-link ez-toc-heading-12\" href=\"https:\/\/goroskop.tv\/sw\/vilken-farg-har-februarifodelsestenen\/#Vilken_ton_ar_Vattumannen\" >Vilken ton \u00e4r Vattumannen?<\/a><\/li><li class='ez-toc-page-1 ez-toc-heading-level-2'><a class=\"ez-toc-link ez-toc-heading-13\" href=\"https:\/\/goroskop.tv\/sw\/vilken-farg-har-februarifodelsestenen\/#Vad_star_februari_for\" >Vad st\u00e5r februari f\u00f6r?<\/a><\/li><li class='ez-toc-page-1 ez-toc-heading-level-2'><a class=\"ez-toc-link ez-toc-heading-14\" href=\"https:\/\/goroskop.tv\/sw\/vilken-farg-har-februarifodelsestenen\/#Ar_jade_en_fodelsesten_for_februari\" >\u00c4r jade en f\u00f6delsesten f\u00f6r februari?<\/a><\/li><li class='ez-toc-page-1 ez-toc-heading-level-2'><a class=\"ez-toc-link ez-toc-heading-15\" href=\"https:\/\/goroskop.tv\/sw\/vilken-farg-har-februarifodelsestenen\/#Vilken_fodelsesten_har_den_sallsynta_stenen\" >Vilken f\u00f6delsesten har den s\u00e4llsynta stenen?<\/a><\/li><li class='ez-toc-page-1 ez-toc-heading-level-2'><a class=\"ez-toc-link ez-toc-heading-16\" href=\"https:\/\/goroskop.tv\/sw\/vilken-farg-har-februarifodelsestenen\/#Vilken_fodelsesten_har_de_basta_omen\" >Vilken f\u00f6delsesten har de b\u00e4sta omen?<\/a><\/li><\/ul><\/nav><\/div>\n","protected":false},"excerpt":{"rendered":"<p>Vilken f\u00e4rg har februarif\u00f6delsestenen? Den lila formen av kvarts k\u00e4nd som ametist, som har fascinerat m\u00e4nniskor i \u00e5rtusenden, \u00e4r din f\u00f6delsesten om du \u00e4r f\u00f6dd i februari. Det kan extraheras och tillverkas i ett laboratorium, och dess nyanser fr\u00e5n lavendel till djuplila kan sk\u00e4ras i en m\u00e4ngd olika former och storlekar. Asiatiska och europeiska kungafamiljer &hellip;<\/p>\n","protected":false},"author":1,"featured_media":80,"comment_status":"closed","ping_status":"closed","sticky":false,"template":"","format":"standard","meta":{"footnotes":""},"categories":[4],"tags":[354,7555,263,86],"class_list":["post-58061","post","type-post","status-publish","format-standard","has-post-thumbnail","hentry","category-tarot","tag-farg","tag-februarifodelsestenen","tag-har","tag-vilken"],"_links":{"self":[{"href":"https:\/\/goroskop.tv\/sw\/wp-json\/wp\/v2\/posts\/58061","targetHints":{"allow":["GET"]}}],"collection":[{"href":"https:\/\/goroskop.tv\/sw\/wp-json\/wp\/v2\/posts"}],"about":[{"href":"https:\/\/goroskop.tv\/sw\/wp-json\/wp\/v2\/types\/post"}],"author":[{"embeddable":true,"href":"https:\/\/goroskop.tv\/sw\/wp-json\/wp\/v2\/users\/1"}],"replies":[{"embeddable":true,"href":"https:\/\/goroskop.tv\/sw\/wp-json\/wp\/v2\/comments?post=58061"}],"version-history":[{"count":0,"href":"https:\/\/goroskop.tv\/sw\/wp-json\/wp\/v2\/posts\/58061\/revisions"}],"wp:featuredmedia":[{"embeddable":true,"href":"https:\/\/goroskop.tv\/sw\/wp-json\/wp\/v2\/media\/80"}],"wp:attachment":[{"href":"https:\/\/goroskop.tv\/sw\/wp-json\/wp\/v2\/media?parent=58061"}],"wp:term":[{"taxonomy":"category","embeddable":true,"href":"https:\/\/goroskop.tv\/sw\/wp-json\/wp\/v2\/categories?post=58061"},{"taxonomy":"post_tag","embeddable":true,"href":"https:\/\/goroskop.tv\/sw\/wp-json\/wp\/v2\/tags?post=58061"}],"curies":[{"name":"wp","href":"https:\/\/api.w.org\/{rel}","templated":true}]}}