{"id":60281,"date":"2023-09-03T00:48:13","date_gmt":"2023-09-03T00:48:13","guid":{"rendered":"https:\/\/goroskop.tv\/sw\/trafflistan-reflektion\/"},"modified":"2023-09-03T00:48:13","modified_gmt":"2023-09-03T00:48:13","slug":"trafflistan-reflektion","status":"publish","type":"post","link":"https:\/\/goroskop.tv\/sw\/trafflistan-reflektion\/","title":{"rendered":"Tr\u00e4fflistan \u2013 Reflektion"},"content":{"rendered":"<p><\/p>\n<h2><span class=\"ez-toc-section\" id=\"Trafflistan_%E2%80%93_Reflektion\"><\/span><span class=\"ez-toc-section\" id=\"La_lista_de_aciertos_%E2%80%93_Reflexion\"><\/span>  Tr\u00e4fflistan \u2013 Reflektion<span class=\"ez-toc-section-end\"><\/span><span class=\"ez-toc-section-end\"><\/span><\/h2>\n<p>Jag \u00e4r en introspektiv person av naturen. <\/p>\n<p>  Att meditera, f\u00f6ra en dagbok, begrunda universums mysterier eller hur mirakel h\u00e4nder, det \u00e4r mitt vanliga tillst\u00e5nd. <\/p>\n<p>  Vilket \u00e4r en av anledningarna till att jag tillbringar s\u00e5 mycket tid ensam. <\/p>\n<p>  Tyst tid till\u00e5ter djup reflektion.<\/p>\n<p>Just nu \u00e4r v\u00e4rlden en bullrig plats. <\/p>\n<p>  Det \u00e4r alldeles f\u00f6r l\u00e4tt f\u00f6r introverta som jag att l\u00e5sa in oss i bubblor fyllda med b\u00f6cker, pennor, kakor och jazz. <\/p>\n<p>  \u00c4ven om det kan vara h\u00e4lsosamt d\u00e5 och d\u00e5, skapar det ocks\u00e5 en situation d\u00e4r du ignorerar viktiga saker som beh\u00f6ver din uppm\u00e4rksamhet.<\/p>\n<p>Mordet p\u00e5 George Floyd har tvingat oss alla att se rakt ut p\u00e5 v\u00e5r rasism och f\u00f6rdomar. <\/p>\n<p>  Medan jag betraktar mig sj\u00e4lv som en progressiv till k\u00e4rnan, inser jag att jag fortfarande har en l\u00e5ng v\u00e4g kvar att g\u00e5. <\/p>\n<p>  Jag v\u00e4xte upp i ett hycklande seguidor house p\u00e5 en landsbygd fylld med mer av detsamma. <\/p>\n<p>  \u00c5ngra allt det d\u00e4r?  Det h\u00e4r \u00e4r ett liv i arbete. <\/p>\n<p>  F\u00f6r att bryta hjulet kr\u00e4vs reflektion. <\/p>\n<p><strong>och<\/strong> insats.<\/p>\n<p>Jag h\u00f6rde nyligen ett r\u00e5dhus med Rachel Rodgers som v\u00e4rd med titeln \u00abReimagining Small Business\u00bb och fick reda p\u00e5 vad jag kunde g\u00f6ra f\u00f6r att skapa ett r\u00e4ttvist, antirasistiskt f\u00f6retag. <\/p>\n<p>  Som f\u00f6retagare vet jag att jag har en plattform som kan initiera f\u00f6r\u00e4ndring. <\/p>\n<p>  En instagrambar bild ensam med en hashtag l\u00f6ser ingenting. <\/p>\n<p>  Det kr\u00e4vs rej\u00e4la anstr\u00e4ngningar om jag vill bidra till att skapa verklig f\u00f6r\u00e4ndring. <\/p>\n<p>  Det inneb\u00e4r att f\u00f6rst\u00e4rka melankoliska r\u00f6ster, tala ut, utbilda mig sj\u00e4lv om rasism och st\u00f6dja svarta f\u00f6retag. <\/p>\n<p>  \u00c4ven om jag redan g\u00f6r dessa aktiviteter kan jag g\u00f6ra mer. <\/p>\n<p>  Du kan ocks\u00e5.<\/p>\n<p>B\u00f6rja med reflektion. <\/p>\n<p>  Fr\u00e5ga dig sj\u00e4lv vad du kan g\u00f6ra. <\/p>\n<p>  Evolutionen b\u00f6rjar alltid d\u00e4r. <\/p>\n<p>  B\u00f6rja sedan vidta inspirerade \u00e5tg\u00e4rder f\u00f6r att skapa f\u00f6r\u00e4ndring. <\/p>\n<p>  Kontemplationen \u00e4r trots allt stor, men v\u00e4rlden kommer inte att f\u00f6r\u00e4ndras utan ditt deltagande. <\/p>\n<p>  Tiden att agera \u00e4r h\u00e4r, just nu. <\/p>\n<p>  Vi g\u00f6r det!  (Psst&#8230; du kan fortfarande vara introvert och g\u00f6ra skillnad.)<\/p>\n<p>H\u00e4r \u00e4r jag som sv\u00e4rdens drottning i n\u00e4sta Key Tarot. <\/p>\n<p>  Du kan reservera ditt exemplar av detta kort h\u00e4r.<\/p>\n<h2><span class=\"ez-toc-section\" id=\"Andra_saker\"><\/span><span class=\"ez-toc-section\" id=\"Otras_cosas\"><\/span>Andra saker:<span class=\"ez-toc-section-end\"><\/span><span class=\"ez-toc-section-end\"><\/span><\/h2>\n<p>Bra att veta: den performativa alliansen \u00e4r d\u00f6dlig (h\u00e4r \u00e4r vad du b\u00f6r g\u00f6ra ist\u00e4llet).<\/p>\n<p>RIP: Inte f\u00f6rbisedd l\u00e4ngre: Roberta Cowell, Trans Trailblazer, Pilot och Coche Racer.<\/p>\n<p>Trumps planerade demonstration i Tulsa, platsen f\u00f6r en rasmassaker, den 16 juni \u00e4r \u00abn\u00e4stan h\u00e4delse\u00bb, s\u00e4ger en historiker.<\/p>\n<p>Fr\u00e5n Well+Good: Hur man bem\u00e4strar tarotspridningen med ett kort.<\/p>\n<p>Var du kan handla: 19 HBTQ+-m\u00e4rken att handla under Pride-m\u00e5naden och d\u00e4refter.<\/p>\n<p>Jag har slagit ihop med Wishbeads f\u00f6r en fantastisk f\u00f6delsedagspresent p\u00e5 Instagram!<\/p>\n<p>Lyssna: 5 insiktsfulla astrologipodcaster du kan lyssna p\u00e5 om du \u00e4r tr\u00f6tt p\u00e5 att l\u00e4sa horoskop.<\/p>\n<p>Fantastiskt: Expats k\u00f6per ett japanskt hus p\u00e5 landet f\u00f6r en l\u00e5t och f\u00e5r mycket mer \u00e4n vad de har k\u00f6pt.<\/p>\n<p>R\u00d6STA: Svarta kandidater kandiderar till valet 2020.<\/p>\n<p>Digital Tarot: Varf\u00f6r andlig terapi kan hj\u00e4lpa till att lindra f\u00f6rtvivlan av lockdown.<\/p>\n<p>Hur seguidor l\u00e4ser man tarotkort f\u00f6r n\u00e5gon med motsatt politisk \u00f6vertygelse?  Jag svarar p\u00e5 den fr\u00e5gan h\u00e4r.<\/p>\n<p>Sant: du kan inte besegra rasism med \u00abl\u00e4slistor\u00bb. <\/p>\n<p>  Ta det fr\u00e5n en feminist: vi f\u00f6rs\u00f6kte.<\/p>\n<p>Coronavirus-pandemin gav oss en inblick i en articulo-Roe v. <\/p>\n<p>Vada.<\/p>\n<p>Det har alltid varit popul\u00e4rt: Varf\u00f6r \u00e4r tarot galen pl\u00f6tsligt s\u00e5 popul\u00e4r?<\/p>\n<p>L\u00e4r dig vad som h\u00e4nder n\u00e4r planeterna g\u00f6r aspekter av din f\u00f6delse Uranus i den h\u00e4r lilla lektionen.<\/p>\n<p>Intresserad av detta: <em>Vad vi visste p\u00e5 natten: att v\u00e4cka h\u00e4xkonstens hj\u00e4rta<\/em>.<\/p>\n<p>\u00c5h: <em>Magiska symboler och alfabet: En ut\u00f6vares guide till trollformler, riter och historia<\/em>.<\/p>\n<p>Nyfiken p\u00e5 denna: <em>#FutureBoards: L\u00e4r dig hur du skapar en visionboard f\u00f6r att f\u00e5 precis det liv du vill ha<\/em>.<\/p>\n<p>Ja: <em>Hustle Believe Receive: En 8-stegsplan f\u00f6r att f\u00f6r\u00e4ndra ditt liv och leva din dr\u00f6m<\/em>.<\/p>\n<p>Jag beh\u00f6ver det h\u00e4r: <em>Antagonister, f\u00f6respr\u00e5kare och allierade: The Wake-Up Guide f\u00f6r vita kvinnor som vill bli allierade till svarta kvinnor<\/em>.<\/p>\n<p><em>The Uncommon Tarot: A Contemporary Reimagining of a Ancient Oracle<\/em> \u00e4r en vacker ny look p\u00e5 Shaheen Miros tarot.<\/p>\n<p><em>Tarot: Inga fr\u00e5gor: Att bem\u00e4stra konsten att intuitivt l\u00e4sa<\/em> kommer i h\u00f6st.  L\u00e4r dig att l\u00e4sa tarot intuitivt och organiskt!<\/p>\n<p><em>Tarot m\u00e5larbok<\/em> \u00e4r ett avkopplande och kreativt s\u00e4tt att l\u00e4ra sig tarot.<\/p>\n<p><em>Tarot f\u00f6r sv\u00e5ra tider<\/em> Den skrevs f\u00f6r n\u00e5gra \u00e5r sedan, men nu \u00e4r den v\u00e4ldigt l\u00e4glig.<\/p>\n<p>K\u00e4nns astrologi utom r\u00e4ckh\u00e5ll?  Tror du att du inte kan \u00abf\u00e5 det\u00bb? <em> Astrology for Real Life: A Beginners Workbook (A No BS Guide for the Astro-Curious)<\/em> det kommer att f\u00e5 dig flytande p\u00e5 nolltid!<\/p>\n<p><strong>Evenemang:<\/strong><\/p>\n<p><strong>30 augusti 2020:<\/strong> Borstar och stj\u00e4rnor. <\/p>\n<p>  Var: en l\u00ednea. <\/p>\n<p>  En hel dag av astrologi och intuitivt m\u00e5lande, och roligt!  F\u00f6lj med mig och Chris Zydel f\u00f6r en l\u00e4ttsam, astrologiinspirerad intuitiv m\u00e5larupplevelse. <\/p>\n<p>  Vi b\u00f6rjar med att utforska intuitionen, f\u00f6ljt av en unders\u00f6kning av ditt f\u00f6rlossningsdiagram. <\/p>\n<p>  D\u00e4rifr\u00e5n \u00e4r det dags att m\u00e5la din tolkning av ditt diagram!  De f\u00f6ljer gruppens id\u00e9er.<\/p>\n<p><strong>2\u20138 maj 2021<\/strong>: Tuscany Tarot Intensive. <\/p>\n<p>  Var: Italien!  En hel vecka av f\u00f6rdjupning i tarot. <\/p>\n<p>  P\u00e5 grund av Coronaviruset flyttade vi evenemanget till n\u00e4sta \u00e5r. <\/p>\n<p>  Goda nyheter: datumen till\u00e5ter n\u00e5gra plus platser, vilket inneb\u00e4r att du kan g\u00e5 med oss \u200b\u200bn\u00e4sta \u00e5r. <\/p>\n<p>  Viva!<\/p>\n<h2><span class=\"ez-toc-section\" id=\"Vad_jag_ar_tacksam_for\"><\/span><span class=\"ez-toc-section\" id=\"Por_lo_que_estoy_agradecido\"><\/span>Vad jag \u00e4r tacksam f\u00f6r:<span class=\"ez-toc-section-end\"><\/span><span class=\"ez-toc-section-end\"><\/span><\/h2>\n<p>St\u00f6d<\/p>\n<p>bra b\u00f6cker<\/p>\n<p>cupcake leverans<\/p>\n<p>En liten reserv vin.<\/p>\n<h2><span class=\"ez-toc-section\" id=\"Soundtrack_for_061320\"><\/span><span class=\"ez-toc-section\" id=\"Banda_sonora_para_el_130620\"><\/span>Soundtrack f\u00f6r 06\/13\/20:<span class=\"ez-toc-section-end\"><\/span><span class=\"ez-toc-section-end\"><\/span><\/h2>\n<p>Redan uttr\u00e5kad?  (bedrift. <\/p>\n<p>Clairo) de Wallows<\/p>\n<p>V\u00e4lsignelser Teresa<\/p>\n<p>\u00a9 Theresa Reed |  The Lady of the Tarot 2020<\/p>\n<p><em>lagerbilder och personlig samling<span class=\"Apple-converted-space\"> <\/span><\/em><\/p>\n<p>Vi hoppas att du gillade v\u00e5r artikel Tr\u00e4fflistan \u2013 Reflektion och allt relaterat till horoskop, tarot, ritualer och allt relaterat.<\/p>\n<figure class=\"wp-block-table is-style-regular\">\n<\/figure>\n<p>Intressanta saker att veta inneb\u00f6rden: Horoskop  <\/p>\n<p>\u00c4ven h\u00e4r l\u00e4mnar vi \u00e4mnen relaterade till: Horoskop<\/p>\n<\/p>\n<p><\/p>\n<p>Vi hoppas att du gillade v\u00e5r artikel Tr\u00e4fflistan \u2013 Reflektion<br \/>\n och allt om horoskop, tarot, ritualer och allt relaterat till det &#8230;<\/p>\n<figure class=\"wp-block-table is-style-regular\">\n<table style=\"width: 284px; height: 157px;\">\n<tbody>\n<tr>\n<td class=\"has-text-align-center\" data-align=\"center\"><img loading=\"lazy\" decoding=\"async\" class=\"alignleft\" src=\" https:\/\/goroskop.tv\/wp-content\/uploads\/2023\/05\/horoscopodo12.jpg \" alt=\" Tr\u00e4fflistan \u2013 Reflektion\n \" width=\"65\" height=\"95\" title=\"\"><img loading=\"lazy\" decoding=\"async\" class=\"alignleft\" style=\"width: 60px;\" src=\" https:\/\/goroskop.tv\/wp-content\/uploads\/2023\/05\/horoscopodo11.jpg \" alt=\" Tr\u00e4fflistan \u2013 Reflektion\n \" width=\"195\" height=\"300\" title=\"\"><img decoding=\"async\" class=\"alignleft\" style=\"width: 60px;\" src=\" https:\/\/goroskop.tv\/wp-content\/uploads\/2023\/05\/horoscopodo10.jpg \" alt=\" Tr\u00e4fflistan \u2013 Reflektion\n \" title=\"\"><\/td>\n<\/tr>\n<\/tbody>\n<\/table>\n<\/figure>\n<p>Intressanta saker att veta inneb\u00f6rden: <a href=\"https:\/\/sv.wikipedia.org\/wiki\/Horoskop\" target=\"_blank\" rel=\"nofollow noopener\"> Horoskop <\/a> <\/p>\n<p>H\u00e4r l\u00e4mnar vi ocks\u00e5 \u00e4mnen relaterade till: <a href=\" https:\/\/goroskop.tv\/sw\/den-perfekta-kandispojkvannen-for-dig\/\">Horoskop<\/a> <\/p>\n<div id=\"ez-toc-container\" class=\"ez-toc-v2_0_82_2 ez-toc-wrap-center counter-hierarchy ez-toc-counter ez-toc-grey ez-toc-container-direction\">\n<div class=\"ez-toc-title-container\">\n<div class=\"ez-toc-title\" style=\"cursor:inherit\">Table of Contents<\/div>\n<span class=\"ez-toc-title-toggle\"><a href=\"#\" class=\"ez-toc-pull-right ez-toc-btn ez-toc-btn-xs ez-toc-btn-default ez-toc-toggle\" aria-label=\"Alternar tabla de contenidos\"><span class=\"ez-toc-js-icon-con\"><span class=\"\"><span class=\"eztoc-hide\" style=\"display:none;\">Toggle<\/span><span class=\"ez-toc-icon-toggle-span\"><svg style=\"fill: #999;color:#999\" xmlns=\"http:\/\/www.w3.org\/2000\/svg\" class=\"list-377408\" width=\"20px\" height=\"20px\" viewBox=\"0 0 24 24\" fill=\"none\"><path d=\"M6 6H4v2h2V6zm14 0H8v2h12V6zM4 11h2v2H4v-2zm16 0H8v2h12v-2zM4 16h2v2H4v-2zm16 0H8v2h12v-2z\" fill=\"currentColor\"><\/path><\/svg><svg style=\"fill: #999;color:#999\" class=\"arrow-unsorted-368013\" xmlns=\"http:\/\/www.w3.org\/2000\/svg\" width=\"10px\" height=\"10px\" viewBox=\"0 0 24 24\" version=\"1.2\" baseProfile=\"tiny\"><path d=\"M18.2 9.3l-6.2-6.3-6.2 6.3c-.2.2-.3.4-.3.7s.1.5.3.7c.2.2.4.3.7.3h11c.3 0 .5-.1.7-.3.2-.2.3-.5.3-.7s-.1-.5-.3-.7zM5.8 14.7l6.2 6.3 6.2-6.3c.2-.2.3-.5.3-.7s-.1-.5-.3-.7c-.2-.2-.4-.3-.7-.3h-11c-.3 0-.5.1-.7.3-.2.2-.3.5-.3.7s.1.5.3.7z\"\/><\/svg><\/span><\/span><\/span><\/a><\/span><\/div>\n<nav><ul class='ez-toc-list ez-toc-list-level-1 eztoc-toggle-hide-by-default' ><li class='ez-toc-page-1 ez-toc-heading-level-2'><a class=\"ez-toc-link ez-toc-heading-1\" href=\"https:\/\/goroskop.tv\/sw\/trafflistan-reflektion\/#Trafflistan_%E2%80%93_Reflektion\" >Tr\u00e4fflistan \u2013 Reflektion<\/a><\/li><li class='ez-toc-page-1 ez-toc-heading-level-2'><a class=\"ez-toc-link ez-toc-heading-2\" href=\"https:\/\/goroskop.tv\/sw\/trafflistan-reflektion\/#Andra_saker\" >Andra saker:<\/a><\/li><li class='ez-toc-page-1 ez-toc-heading-level-2'><a class=\"ez-toc-link ez-toc-heading-3\" href=\"https:\/\/goroskop.tv\/sw\/trafflistan-reflektion\/#Vad_jag_ar_tacksam_for\" >Vad jag \u00e4r tacksam f\u00f6r:<\/a><\/li><li class='ez-toc-page-1 ez-toc-heading-level-2'><a class=\"ez-toc-link ez-toc-heading-4\" href=\"https:\/\/goroskop.tv\/sw\/trafflistan-reflektion\/#Soundtrack_for_061320\" >Soundtrack f\u00f6r 06\/13\/20:<\/a><\/li><\/ul><\/nav><\/div>\n","protected":false},"excerpt":{"rendered":"<p>Tr\u00e4fflistan \u2013 Reflektion Jag \u00e4r en introspektiv person av naturen. Att meditera, f\u00f6ra en dagbok, begrunda universums mysterier eller hur mirakel h\u00e4nder, det \u00e4r mitt vanliga tillst\u00e5nd. Vilket \u00e4r en av anledningarna till att jag tillbringar s\u00e5 mycket tid ensam. Tyst tid till\u00e5ter djup reflektion. Just nu \u00e4r v\u00e4rlden en bullrig plats. Det \u00e4r alldeles &hellip;<\/p>\n","protected":false},"author":1,"featured_media":72,"comment_status":"closed","ping_status":"closed","sticky":false,"template":"","format":"standard","meta":{"footnotes":""},"categories":[2],"tags":[13864,10928],"class_list":["post-60281","post","type-post","status-publish","format-standard","has-post-thumbnail","hentry","category-horoskop","tag-reflektion","tag-trafflistan"],"_links":{"self":[{"href":"https:\/\/goroskop.tv\/sw\/wp-json\/wp\/v2\/posts\/60281","targetHints":{"allow":["GET"]}}],"collection":[{"href":"https:\/\/goroskop.tv\/sw\/wp-json\/wp\/v2\/posts"}],"about":[{"href":"https:\/\/goroskop.tv\/sw\/wp-json\/wp\/v2\/types\/post"}],"author":[{"embeddable":true,"href":"https:\/\/goroskop.tv\/sw\/wp-json\/wp\/v2\/users\/1"}],"replies":[{"embeddable":true,"href":"https:\/\/goroskop.tv\/sw\/wp-json\/wp\/v2\/comments?post=60281"}],"version-history":[{"count":0,"href":"https:\/\/goroskop.tv\/sw\/wp-json\/wp\/v2\/posts\/60281\/revisions"}],"wp:featuredmedia":[{"embeddable":true,"href":"https:\/\/goroskop.tv\/sw\/wp-json\/wp\/v2\/media\/72"}],"wp:attachment":[{"href":"https:\/\/goroskop.tv\/sw\/wp-json\/wp\/v2\/media?parent=60281"}],"wp:term":[{"taxonomy":"category","embeddable":true,"href":"https:\/\/goroskop.tv\/sw\/wp-json\/wp\/v2\/categories?post=60281"},{"taxonomy":"post_tag","embeddable":true,"href":"https:\/\/goroskop.tv\/sw\/wp-json\/wp\/v2\/tags?post=60281"}],"curies":[{"name":"wp","href":"https:\/\/api.w.org\/{rel}","templated":true}]}}