{"id":60912,"date":"2023-09-03T12:53:09","date_gmt":"2023-09-03T12:53:09","guid":{"rendered":"https:\/\/goroskop.tv\/sw\/har-iphone-13-leo\/"},"modified":"2023-09-03T12:53:09","modified_gmt":"2023-09-03T12:53:09","slug":"har-iphone-13-leo","status":"publish","type":"post","link":"https:\/\/goroskop.tv\/sw\/har-iphone-13-leo\/","title":{"rendered":"Har iPhone 13 Leo?"},"content":{"rendered":"<p><\/p>\n<h2><span class=\"ez-toc-section\" id=\"Har_iPhone_13_Leo\"><\/span><span class=\"ez-toc-section\" id=\"%C2%BFEl_Iphone_13_Tiene_Leo\"><\/span>  Har iPhone 13 Leo?<span class=\"ez-toc-section-end\"><\/span><span class=\"ez-toc-section-end\"><\/span><\/h2>\n<p>Inbjudningarna har delats ut. <\/p>\n<p>  Scenen \u00e4r klar. <\/p>\n<p>  Varje aspekt \u00e4r f\u00f6rberedd. <\/p>\n<p>  Det kommer en ny iPhone n\u00e4sta vecka. <\/p>\n<p>  Den 14 september kommer Apple att h\u00e5lla ett unikt evenemang kallat \u00abCalifornia Uso cont\u00ednuo\u00bb f\u00f6r att introducera den kommande iPhone 13-serien och kanske den nya Apple Watch Series 7. <\/p>\n<p>Under de senaste m\u00e5naderna har m\u00e5nga detaljer dykt upp om n\u00e4sta iPhone, inklusive det minskade hacket. <\/p>\n<p>st\u00f6rre batterier och en st\u00f6rre kamerasensor. <\/p>\n<p>  N\u00e4stan allt vi beh\u00f6ver veta om n\u00e4sta iPhone finns tillg\u00e4ngligt en l\u00ednea.<\/p>\n<p>Men i b\u00f6rjan av september d\u00f6k ett iPhone 13-rykte upp som ingen hade diskuterat tidigare. <\/p>\n<p>  iPhone 13 kommer att ha ett satellitkommunikationssystem, enligt den v\u00e4lk\u00e4nde analytikern Ming Chi-Kuo. <\/p>\n<p>  Enligt ett annat p\u00e5st\u00e5ende fr\u00e5n den k\u00e4nda f\u00f6rfattaren Mark Gurman kan iPhone 13 s\u00e4kert ha h\u00e5rdvara som g\u00f6r att den kan ansluta till LEO-satelliterna, men funktionen kanske inte \u00e4r tillg\u00e4nglig f\u00f6rr\u00e4n f\u00f6ljande \u00e5r. <\/p>\n<p>  \u00c4ven om det \u00e4r tillg\u00e4ngligt kommer det bara att finnas p\u00e5 ett f\u00e5tal \u00abutvalda marknader\u00bb.<\/p>\n<h2><span class=\"ez-toc-section\" id=\"LEO-satelliter_pa_iPhone_13\"><\/span><span class=\"ez-toc-section\" id=\"%C2%BFSatelites_LEO_en_el_iPhone_13\"><\/span><span id=\"ezoic-pub-ad-placeholder-144\" class=\"ezoic-adpicker-ad\"><\/span>LEO-satelliter p\u00e5 iPhone 13?<span class=\"ez-toc-section-end\"><\/span><span class=\"ez-toc-section-end\"><\/span><\/h2>\n<p>F\u00f6r satellittelefoni och l\u00e5ngsam datakommunikation \u00e4r Globalstar en konstellation av Low Earth Orbit (LEO) satelliter. <\/p>\n<p>  iPhone 13 introducerades och Apple n\u00e4mnde inte satellitfunktionalitet. <\/p>\n<p>  F\u00f6r Globalstar-aktien \u00e4r det d\u00e5liga nyheter.<\/p>\n<h2><span class=\"ez-toc-section\" id=\"Finns_Leo_pa_iPhone_13_Pro\"><\/span><span class=\"ez-toc-section\" id=\"%C2%BFLeo_esta_ahi_en_el_iPhone_13_Pro\"><\/span><span id=\"ezoic-pub-ad-placeholder-145\" class=\"ezoic-adpicker-ad\"><\/span><span class=\"ezoic-ad ezoic-at-0 banner-1 banner-1145 adtester-container adtester-container-145\" data-ez-name=\"hiszodiac_com-banner-1\"><span id=\"div-gpt-ad-hiszodiac_com-banner-1-0\" ezaw=\"250\" ezah=\"250\" style=\"position:relative;z-index:0;display:inline-block;padding:0;width:100%;max-width:1200px;margin-left:auto!important;margin-right:auto!important;min-height:90px;min-width:728px\" class=\"ezoic-ad\"><\/span><\/span>Finns Leo p\u00e5 iPhone 13 Pro?<span class=\"ez-toc-section-end\"><\/span><span class=\"ez-toc-section-end\"><\/span><\/h2>\n<p>iPhone 13-serien kommer att inkludera ett satellitanslutningsalternativ med l\u00e5g jordomlopp (LEO), enligt den k\u00e4nda Apple-analytikern Ming Chi-Kuo. <\/p>\n<p>  Bloombergs Mark Gurman bekr\u00e4ftade detta men gav flera kvalifikationer.<\/p>\n<h2><span class=\"ez-toc-section\" id=\"Luktar_du_pa_iPhone_13\"><\/span><span class=\"ez-toc-section\" id=\"%C2%BFOles_en_el_iPhone_13\"><\/span><span id=\"ezoic-pub-ad-placeholder-146\" class=\"ezoic-adpicker-ad\"><\/span><span class=\"ezoic-ad ezoic-at-0 large-leaderboard-2 large-leaderboard-2146 adtester-container adtester-container-146\" data-ez-name=\"hiszodiac_com-large-leaderboard-2\"><span id=\"div-gpt-ad-hiszodiac_com-large-leaderboard-2-0\" ezaw=\"336\" ezah=\"280\" style=\"position:relative;z-index:0;display:inline-block;padding:0;width:100%;max-width:1200px;margin-left:auto!important;margin-right:auto!important;min-height:280px;min-width:336px\" class=\"ezoic-ad\"><\/span><\/span>Luktar du p\u00e5 iPhone 13?<span class=\"ez-toc-section-end\"><\/span><span class=\"ez-toc-section-end\"><\/span><\/h2>\n<p>6,1-tums Super Retina XDR-sk\u00e4rmar p\u00e5 iPhone 13 och iPhone 13 Pro anv\u00e4nder OLED-teknik och har en uppl\u00f6sning p\u00e5 2 532 x 1 170 pixlar. <\/p>\n<p>  460 pixlar per tum \u00e4r resultatet. <\/p>\n<p>  iPhone 13 Pro har dock en maximal ljusstyrka p\u00e5 1000 nits j\u00e4mf\u00f6rt med 800 nits f\u00f6r iPhone 13. <\/p>\n<p>  B\u00e5da kan dock n\u00e5 en maximal ljusstyrka p\u00e5 1200 nits f\u00f6r HDR-inneh\u00e5ll.<\/p>\n<p>ProMotion-tekniken \u00e4r den huvudsakliga skillnaden mellan sk\u00e4rmarna p\u00e5 iPhone 13 och iPhone 13 Pro. <\/p>\n<p>  Apples ProMotion-sk\u00e4rmteknik, som endast \u00e4r tillg\u00e4nglig p\u00e5 iPhone 13 Pro, introducerar f\u00f6r f\u00f6rsta g\u00e5ngen variabla uppdateringsfrekvenser p\u00e5 upp till 120Hz till iPhone. <\/p>\n<p>  F\u00f6ljaktligen, beroende p\u00e5 vad du g\u00f6r p\u00e5 din telefon, kan iPhone 13 Pros sk\u00e4rmuppdateringshastighet variera fr\u00e5n 10Hz till 120Hz.<\/p>\n<p>Detta b\u00f6r resultera i betydligt smidigare rullning och animationer i verkliga applikationer. <\/p>\n<p>  Eftersom ProMotion kan skala upp till 10Hz n\u00e4r du g\u00f6r n\u00e5got som att l\u00e4sa, \u00f6kar det ocks\u00e5 effektiviteten p\u00e5 sk\u00e4rmen.<\/p>\n<p>Ytterligare sk\u00e4rmfunktioner p\u00e5 iPhone 13 och iPhone 13 Pro inkluderar:<\/p>\n<ul>\n<li>Kontrastf\u00f6rh\u00e5llande p\u00e5 2 000 000:1<\/li>\n<li>falsk f\u00e4rgdisplay<\/li>\n<li>brett spektrum av f\u00e4rger (P3)<\/li>\n<\/ul>\n<h2><span class=\"ez-toc-section\" id=\"Vad_har_iPhone_13\"><\/span><span class=\"ez-toc-section\" id=\"%C2%BFQue_posee_el_iPhone_13\"><\/span><span id=\"ezoic-pub-ad-placeholder-147\" class=\"ezoic-adpicker-ad\"><\/span><span class=\"ezoic-ad ezoic-at-0 leader-1 leader-1147 adtester-container adtester-container-147\" data-ez-name=\"hiszodiac_com-leader-1\"><span id=\"div-gpt-ad-hiszodiac_com-leader-1-0\" ezaw=\"250\" ezah=\"250\" style=\"position:relative;z-index:0;display:inline-block;padding:0;width:100%;max-width:1200px;margin-left:auto!important;margin-right:auto!important;min-height:90px;min-width:728px\" class=\"ezoic-ad\"><\/span><\/span>Vad har iPhone 13?<span class=\"ez-toc-section-end\"><\/span><span class=\"ez-toc-section-end\"><\/span><\/h2>\n<p>\u00c5rets avancerade flaggskeppssmarttelefoner, iPhone 13 Pro och Pro Max, s\u00e4ljs tillsammans med iPhone 13 och 13 small. <\/p>\n<p>  Pro-modellerna \u00e4r \u00f6verl\u00e4gsna iPhone 13 och 13 mini n\u00e4r det g\u00e4ller byggkvalitet och erbjuder funktioner som inte erbjuds av billigare iPhones.<\/p>\n<p>iPhone 13 Pro och Pro Max har f\u00f6rb\u00e4ttrade vidvinkel-, ultravid- och teleobjektiv, kamerasystem med tre linser, avancerade fotograferingsalternativ som makrofotografering och ProRes-videoformatet j\u00e4mf\u00f6rt med vanliga iPhone-modeller. . <\/p>\n<p>  De har ocks\u00e5 en ram i rostfritt st\u00e5l, 120Hz ProMotion-sk\u00e4rmar och b\u00e4ttre vidvinkel-, ultravid- och teleobjektiv.<\/p>\n<p>Du har problem med att v\u00e4lja mellan iPhone 13 och iPhone 13 Pro. <\/p>\n<p>  Om du funderar p\u00e5 att uppgradera fr\u00e5n iPhone 12 finns det en guide f\u00f6r det ocks\u00e5. <\/p>\n<p>  Vi har en specifik guide till iPhone 13 vs. <\/p>\n<p>iPhone 13 Pro som beskriver likheterna och skillnaderna.<\/p>\n<p>Vi har ocks\u00e5 en speciell iPhone 13-sammanfattning som g\u00e5r \u00f6ver alla funktioner om du \u00e4r intresserad av att l\u00e4ra dig mer om iPhone 13 Pro-byggen.<\/p>\n<h2><span class=\"ez-toc-section\" id=\"Har_iPhone_13_en_Qualcomm-processor\"><\/span><span class=\"ez-toc-section\" id=\"%C2%BFEl_iPhone_13_tiene_un_procesador_Qualcomm\"><\/span><span id=\"ezoic-pub-ad-placeholder-148\" class=\"ezoic-adpicker-ad\"><\/span><span class=\"ezoic-ad ezoic-at-0 leader-4 leader-4148 adtester-container adtester-container-148\" data-ez-name=\"hiszodiac_com-leader-4\"><span id=\"div-gpt-ad-hiszodiac_com-leader-4-0\" ezaw=\"336\" ezah=\"280\" style=\"position:relative;z-index:0;display:inline-block;padding:0;width:100%;max-width:1200px;margin-left:auto!important;margin-right:auto!important;min-height:280px;min-width:336px\" class=\"ezoic-ad\"><\/span><\/span>Har iPhone 13 en Qualcomm-processor?<span class=\"ez-toc-section-end\"><\/span><span class=\"ez-toc-section-end\"><\/span><\/h2>\n<p>Vi vet alla att Apple gillar att bygga anpassat kisel, och n\u00e4sta projekt kommer att vara lanseringen av dess f\u00f6rsta interna 5G-m\u00f3dem. <\/p>\n<p>  Fram till Qualcomm Investor Day, som \u00e4gde rum idag, var vi inte s\u00e4kra p\u00e5 n\u00e4r Apple skulle integrera dem i sina iPhones. <\/p>\n<p>  Apples f\u00f6rsta interna 5G-m\u00f3dem kommer att komma till iPhones 2023, med Qualcomms andel av Apples f\u00f6rs\u00e4ljning som faller till bara 20%, enligt f\u00f6retagets finanschef Akash Palkhiwala.<\/p>\n<p>Under m\u00e5nga \u00e5r har Apple skapat unika silikoner f\u00f6r sina iPhone-modeller. <\/p>\n<p>  I slutet av f\u00f6rra \u00e5ret, n\u00e4r Apple b\u00f6rjade ers\u00e4tta Intel som sin huvudsakliga kiselleverant\u00f6r, b\u00f6rjade det nyligen inkludera Apple Silicon i sina MacBooks. <\/p>\n<p>  Efter f\u00f6rv\u00e4rvet av Intels 5G-modemdivision ser man nu p\u00e5 att ers\u00e4tta Qualcomm som sin prim\u00e4ra 5G-modemleverant\u00f6r. <\/p>\n<p>  Qualcomm \u00e4ger dock flera 5G-relaterade patent, och de tv\u00e5 f\u00f6retagen har gjort upp med Apple om att g\u00e5 med p\u00e5 ett sex\u00e5rigt licensavtal (efter en kontroversiell period mellan de tv\u00e5 f\u00f6retagen). <\/p>\n<p>  Som ett resultat kommer Qualcomm att forts\u00e4tta att ta emot royalties fr\u00e5n alla Apple-m\u00f3dem installerade i en iPhone.<\/p>\n<p>Den nuvarande iPhone 13-serien har Qualcomm Snapdragon X60-m\u00f3dem, men de \u00e4r inte en del av A15 SoC som X60-m\u00f3dem som \u00e4r inbyggda i Snapdragon 888. <\/p>\n<p>Detta resulterar i n\u00e5got h\u00f6gre str\u00f6mf\u00f6rbrukning, \u00e4ven om Apple har kunnat motverka detta med sina s\u00e4rskilt effektiva SoCs som A15. <\/p>\n<p>  \u00c5r 2023 kommer Apple A17 SoC troligen att inkludera ett anpassat Apple-m\u00f3dem. <\/p>\n<p>  Tillsammans med de andra f\u00f6rdelarna med en helt integrerad design, s\u00e5som f\u00f6rb\u00e4ttrad termik, skulle detta bidra till att ge \u00e4nnu l\u00e4ngre batteritid f\u00f6r iPhones utrustade med den nya SoC.<\/p>\n<h2><span class=\"ez-toc-section\" id=\"Kan_iPhone_13_ha_4G\"><\/span><span class=\"ez-toc-section\" id=\"%C2%BFEl_iPhone_13_puede_tener_4G\"><\/span><span id=\"ezoic-pub-ad-placeholder-153\" class=\"ezoic-adpicker-ad\"><\/span><span class=\"ezoic-ad ezoic-at-0 mobile-leaderboard-1 mobile-leaderboard-1153 adtester-container adtester-container-153\" data-ez-name=\"hiszodiac_com-mobile-leaderboard-1\"><span id=\"div-gpt-ad-hiszodiac_com-mobile-leaderboard-1-0\" ezaw=\"250\" ezah=\"250\" style=\"position:relative;z-index:0;display:inline-block;padding:0;width:100%;max-width:1200px;margin-left:auto!important;margin-right:auto!important;min-height:90px;min-width:728px\" class=\"ezoic-ad\"><\/span><\/span>Kan iPhone 13 ha 4G?<span class=\"ez-toc-section-end\"><\/span><span class=\"ez-toc-section-end\"><\/span><\/h2>\n<p>Det \u00e4r bara en iPod touch om det inte finns n\u00e5gon iPhone ansluten. <\/p>\n<p>  Apple iPhones har blivit p\u00e5litliga anslutningsenheter genom \u00e5ren, och iPhone 13 \u00e4r inget undantag. <\/p>\n<p>  Efter en oj\u00e4mn start (\u00abbra, hemsk telefon\u00bb, sniffade jag 2007, och ett miss\u00f6de av m\u00e4nniskor som \u00abh\u00f6ll iPhone 4 fel\u00bb)<\/p>\n<p>Qualcomm X60-modemet, som \u00e4ven ing\u00e5r i Samsung Galaxy S21 Ultra och andra popul\u00e4ra tel\u00e9fonos inteligentes i \u00e5r, finns i Apples nya iPhone 13-serie. <\/p>\n<p>  Liksom iPhone 12 \u00e4r den kompatibel med alla 4G- och 5G-n\u00e4tverk i USA. <\/p>\n<p>Samt de kommande \u00abC-band\u00bb etern 2022.<\/p>\n<p>En fysisk SIM-kortplats finns tillg\u00e4nglig p\u00e5 telefonen och ett andra abonnemang kan l\u00e4ggas till genom att f\u00e5 en eSIM QR-kod fr\u00e5n en operat\u00f6r. <\/p>\n<p>  Jag \u00e4r fortfarande lite irriterad \u00f6ver att man till skillnad fr\u00e5n iPad inte bara kan v\u00e4lja en operat\u00f6r fr\u00e5n en meny. <\/p>\n<p>  Tv\u00e5 eSIM-prenumerationer kan ocks\u00e5 laddas.<\/p>\n<p>Baserat p\u00e5 mina tester p\u00e5 T-Mobile och Verizon, verkar X60 ha en f\u00f6rdel, om n\u00e5gon, n\u00e4r det g\u00e4ller energieffektivitet och vissa funktioner som \u00e4r orienterade mot framtiden men som inte kommer att tr\u00e4ffa dig direkt. <\/p>\n<p>  Sammantaget tyder detta p\u00e5 att valet av en iPhone 13 f\u00f6r att ers\u00e4tta en iPhone 12 inte \u00e4r motiverat av radio. <\/p>\n<p>  N\u00e4r du k\u00f6per din f\u00f6rsta iPhone eller uppgraderar fr\u00e5n en \u00e4ldre iPhone b\u00f6r du v\u00e4lja 13 framf\u00f6r \u00e4ldre modeller p\u00e5 grund av radion och betydligt l\u00e4ngre batteritid.<\/p>\n<p>Modemet och radiolayouten \u00e4r densamma p\u00e5 alla amerikanska versioner av iPhone. <\/p>\n<p>USA <\/p>\n<p>  Det som g\u00e4ller en g\u00e4ller ocks\u00e5 alla. <\/p>\n<p>  Det finns fem olika internationella versioner som erbjuds till f\u00f6rs\u00e4ljning i olika l\u00e4nder;  f\u00f6r att se variationerna, se diagrammen i min ber\u00e4ttelse ovan.<\/p>\n<h2><span class=\"ez-toc-section\" id=\"Ar_13-tums_iPhone_OLED_eller_LED\"><\/span><span class=\"ez-toc-section\" id=\"%C2%BFEl_iPhone_de_13_pulgadas_es_OLED_o_LED\"><\/span><span id=\"ezoic-pub-ad-placeholder-154\" class=\"ezoic-adpicker-ad\"><\/span><span class=\"ezoic-ad ezoic-at-0 large-mobile-banner-1 large-mobile-banner-1154 adtester-container adtester-container-154\" data-ez-name=\"hiszodiac_com-large-mobile-banner-1\"><span id=\"div-gpt-ad-hiszodiac_com-large-mobile-banner-1-0\" ezaw=\"250\" ezah=\"250\" style=\"position:relative;z-index:0;display:inline-block;padding:0;width:100%;max-width:1200px;margin-left:auto!important;margin-right:auto!important;min-height:90px;min-width:728px\" class=\"ezoic-ad\"><\/span><\/span>\u00c4r 13-tums iPhone OLED eller LED?<span class=\"ez-toc-section-end\"><\/span><span class=\"ez-toc-section-end\"><\/span><\/h2>\n<p>\u00c4ven om b\u00e5de den nya iPhone 13-serien och iPhone 12 fr\u00e5n ett \u00e5r sedan har OLED-sk\u00e4rmar, n\u00e4r telefonen \u00e4r l\u00e5st \u00e4r deras sk\u00e4rmar helt tomma. <\/p>\n<p>  I iOS finns det ingen inst\u00e4llning som till\u00e5ter en alltid-p\u00e5-sk\u00e4rm.<\/p>\n<h2><span class=\"ez-toc-section\" id=\"Anvands_OLED_i_iPhone_13_Pro\"><\/span><span class=\"ez-toc-section\" id=\"%C2%BFSe_utilizan_OLED_en_el_iPhone_13_Pro\"><\/span><span id=\"ezoic-pub-ad-placeholder-155\" class=\"ezoic-adpicker-ad\"><\/span><span class=\"ezoic-ad ezoic-at-0 leader-3 leader-3155 adtester-container adtester-container-155\" data-ez-name=\"hiszodiac_com-leader-3\"><span id=\"div-gpt-ad-hiszodiac_com-leader-3-0\" ezaw=\"728\" ezah=\"90\" style=\"position:relative;z-index:0;display:inline-block;padding:0;width:100%;max-width:1200px;margin-left:auto!important;margin-right:auto!important;min-height:90px;min-width:728px\" class=\"ezoic-ad\"><\/span><\/span>Anv\u00e4nds OLED i iPhone 13 Pro?<span class=\"ez-toc-section-end\"><\/span><span class=\"ez-toc-section-end\"><\/span><\/h2>\n<p>OLED-panelen p\u00e5 iPhone 13 Pro MAX har visat sig vara s\u00e4rskilt imponerande. <\/p>\n<p>  Enheten har slagit m\u00e5nga rekord och inkluderar en Super Retina XDR-sk\u00e4rm med 120Hz ProMotion-funktion. <\/p>\n<p>  Den har den ljusaste OLED-panelen av alla tel\u00e9fonos inteligentes som sl\u00e4pptes i \u00e5r, med en ljusstyrka p\u00e5 \u00f6ver 1000 nits. <\/p>\n<p>  Medan du tittar p\u00e5 HDR-material kan den h\u00e4r sk\u00e4rmen n\u00e5 en ljusstyrka p\u00e5 1200 nits. <\/p>\n<p>  Alla OLED-paneler har dock utm\u00e4rkt kontrast, men Apple iPhone 13 Pro MAX har oklanderlig f\u00e4rgnoggrannhet.<\/p>\n<h2><span class=\"ez-toc-section\" id=\"iPhone_13_Max_Ar_det_OLED\"><\/span><span class=\"ez-toc-section\" id=\"iPhone_13_Max_%C2%BFEs_OLED\"><\/span><span id=\"ezoic-pub-ad-placeholder-156\" class=\"ezoic-adpicker-ad\"><\/span><span class=\"ezoic-ad ezoic-at-0 large-mobile-banner-2 large-mobile-banner-2156 adtester-container adtester-container-156\" data-ez-name=\"hiszodiac_com-large-mobile-banner-2\"><span id=\"div-gpt-ad-hiszodiac_com-large-mobile-banner-2-0\" ezaw=\"300\" ezah=\"250\" style=\"position:relative;z-index:0;display:inline-block;padding:0;min-height:250px;min-width:300px\" class=\"ezoic-ad\"><\/span><\/span>iPhone 13 Max: \u00c4r det OLED?<span class=\"ez-toc-section-end\"><\/span><span class=\"ez-toc-section-end\"><\/span><\/h2>\n<p>iPhone 13 Pro Max har en all-screen design med en 6,7-tums OLED-sk\u00e4rm som n\u00e4stan helt t\u00e4cker framsidan av telefonen fr\u00e5n kant till kant, vilket ger anv\u00e4ndarna en mycket st\u00f6rre sk\u00e4rm f\u00f6r samma storlek p\u00e5 telefonen.<\/p>\n<h2><span class=\"ez-toc-section\" id=\"iPhone_13_vattentat\"><\/span><span class=\"ez-toc-section\" id=\"%C2%BFIPhone_13_a_prueba_de_agua\"><\/span><span id=\"ezoic-pub-ad-placeholder-157\" class=\"ezoic-adpicker-ad\"><\/span><span class=\"ezoic-ad ezoic-at-0 leader-2 leader-2157 adtester-container adtester-container-157\" data-ez-name=\"hiszodiac_com-leader-2\"><span id=\"div-gpt-ad-hiszodiac_com-leader-2-0\" ezaw=\"336\" ezah=\"280\" style=\"position:relative;z-index:0;display:inline-block;padding:0;width:100%;max-width:1200px;margin-left:auto!important;margin-right:auto!important;min-height:280px;min-width:336px\" class=\"ezoic-ad\"><\/span><\/span>iPhone 13 vattent\u00e4t?<span class=\"ez-toc-section-end\"><\/span><span class=\"ez-toc-section-end\"><\/span><\/h2>\n<p>En grupptalan som h\u00e4vdade att Apple vilselett k\u00f6pare ang\u00e5ende iPhones vattent\u00e4thet kastades ut av en federal domare i USA (v\u00eda Reuters).<\/p>\n<p>Sedan lanseringen av iPhone 7 har Apple kraftigt fr\u00e4mjat iPhones vattent\u00e4thet i sina marknadsf\u00f6ringskampanjer, inklusive p\u00e5st\u00e5endet att vissa versioner t\u00e5l djup p\u00e5 upp till fyra meter i 30 minuter.<\/p>\n<p>I New Yorks s\u00f6dra distrikt har tv\u00e5 m\u00e5ls\u00e4gande fr\u00e5n New York och en fr\u00e5n South Carolina l\u00e4mnat in ett klagom\u00e5l mot Apple f\u00f6r att ha gjort \u00abfalska och vilseledande\u00bb p\u00e5st\u00e5enden som gjorde det m\u00f6jligt f\u00f6r f\u00f6retaget att ta ut \u00abdubbelt s\u00e5 mycket\u00bb f\u00f6r iPhones som \u00abvanliga tel\u00e9fonos inteligentes\u00bb. \u00ab.<\/p>\n<p>Nu, USA:s distriktsdomare <\/p>\n<p>USA <\/p>\n<p>Denise Cote fann att \u00e4ven om k\u00e4randena hade ett rimligt p\u00e5st\u00e5ende om att vissa konsumenter kan ha blivit vilseledda av Apples reklam, hade de inte tillhandah\u00e5llit n\u00e5gra bevis f\u00f6r att deras iPhones hade skadats av den \u00abv\u00e4tskekontakt\u00bb som Apple h\u00e4vdade att de hade. <\/p>\n<p>kunde st\u00e5 emot. <\/p>\n<p>  Domaren citerade bristen p\u00e5 bevis f\u00f6r att Apple avsiktligt \u00f6verdrev sina l\u00f6ften om dess vattent\u00e4thet f\u00f6r ekonomisk vinning som ett annat sk\u00e4l till att de inte hittade n\u00e5gra bevis f\u00f6r bedr\u00e4geri.<\/p>\n<p>Dessutom fastst\u00e4lldes det att det inte fanns tillr\u00e4ckliga bevis f\u00f6r att k\u00e4randena hade \u00e5beropat vilseledande marknadsf\u00f6ringsanspr\u00e5k f\u00f6r att k\u00f6pa iPhones. <\/p>\n<p>  M\u00e5ls\u00e4gandenas advokat uppgav att deras klienter var missn\u00f6jda med domen och att det \u00e4nnu inte \u00e4r best\u00e4mt om de ska \u00f6verklaga.<\/p>\n<p>Trots avskrivningen av det h\u00e4r fallet b\u00f6tf\u00e4llde en italiensk domare Apple med 12 miljoner USD f\u00f6r att ha vilselett k\u00f6pare om iPhones vattent\u00e4thet i slutet av 2020. <\/p>\n<p>Enligt domstolen misslyckades Apple med att p\u00e5 ett adekvat s\u00e4tt kommunicera att dess p\u00e5st\u00e5enden om vattenbest\u00e4ndighet endast g\u00e4ller under specifika omst\u00e4ndigheter, till exempel under kontrollerade laboratorietester med rent, statiskt vatten, och inte under omst\u00e4ndigheterna f\u00f6r typisk konsumentanv\u00e4ndning. <\/p>\n<p>  Kommissionen beslutade ocks\u00e5 att det var ol\u00e4mpligt f\u00f6r Apple att fr\u00e4mja vattent\u00e4thet som en funktion samtidigt som den v\u00e4grade att erbjuda garantist\u00f6d efter f\u00f6rs\u00e4ljning om drabbade iPhone-modeller skulle skadas av vatten.<\/p>\n<p>Med en IP68-klassificering erbjuder Apples iPhone 12- och iPhone 13-modeller den h\u00f6gsta niv\u00e5n av vattent\u00e4thet f\u00f6r en iPhone hittills. <\/p>\n<p>  Detta indikerar att enheten \u00e4r vattent\u00e4t i upp till 30 minuter p\u00e5 ett djup av sex meter (19,7 fot). <\/p>\n<p>  iPhone 12 och iPhone 13 har en IP68-klassificering f\u00f6r vattenbest\u00e4ndighet, vilket inneb\u00e4r att de t\u00e5l st\u00e4nk, regn och oavsiktlig exponering f\u00f6r vatten, men avsiktlig exponering f\u00f6r vatten b\u00f6r \u00e4nd\u00e5 undvikas om m\u00f6jligt.<\/p>\n<p>Apple h\u00e4vdar att motst\u00e5nd mot vatten och damm inte alltid \u00e4r n\u00e4rvarande och kan f\u00f6rs\u00e4mras med tiden till f\u00f6ljd av daglig anv\u00e4ndning. <\/p>\n<p>  Det \u00e4r b\u00e4st att vara f\u00f6rsiktig n\u00e4r det kommer till v\u00e4tskeexponering eftersom Apples garanti inte t\u00e4cker v\u00e4tskeskador.<\/p>\n<p>Vi hoppas att du gillade v\u00e5r artikel Har Iphone 13 Leo? och allt relaterat till horoskop, tarot, ritualer och allt relaterat&#8230;<\/p>\n<figure class=\"wp-block-table is-style-regular\">\n<\/figure>\n<p>Intressanta saker att veta inneb\u00f6rden: Tarot  <\/p>\n<p>\u00c4ven h\u00e4r l\u00e4mnar vi \u00e4mnen relaterade till: Tarot<\/p>\n<\/p>\n<p><\/p>\n<p>Vi hoppas att du gillade v\u00e5r artikel Har iPhone 13 Leo?<br \/>\n och allt om horoskop, tarot, ritualer och allt relaterat till det &#8230;<\/p>\n<figure class=\"wp-block-table is-style-regular\">\n<table style=\"width: 284px; height: 157px;\">\n<tbody>\n<tr>\n<td class=\"has-text-align-center\" data-align=\"center\"><img loading=\"lazy\" decoding=\"async\" class=\"alignleft\" src=\" https:\/\/goroskop.tv\/wp-content\/uploads\/2023\/05\/tarot1.jpg \" alt=\" Har iPhone 13 Leo?\n \" width=\"65\" height=\"95\" title=\"\"><img loading=\"lazy\" decoding=\"async\" class=\"alignleft\" style=\"width: 60px;\" src=\" https:\/\/goroskop.tv\/wp-content\/uploads\/2023\/05\/tarot2.jpg \" alt=\" Har iPhone 13 Leo?\n \" width=\"195\" height=\"300\" title=\"\"><img decoding=\"async\" class=\"alignleft\" style=\"width: 60px;\" src=\" https:\/\/goroskop.tv\/wp-content\/uploads\/2023\/05\/tarot3.jpg \" alt=\" Har iPhone 13 Leo?\n \" title=\"\"><\/td>\n<\/tr>\n<\/tbody>\n<\/table>\n<\/figure>\n<p>Intressanta saker att veta inneb\u00f6rden: <a href=\"https:\/\/sv.wikipedia.org\/wiki\/Tarot\" target=\"_blank\" rel=\"nofollow noopener\"> Tarot <\/a> <\/p>\n<p>H\u00e4r l\u00e4mnar vi ocks\u00e5 \u00e4mnen relaterade till: <a href=\" https:\/\/goroskop.tv\/sw\/kommer-leo-och-skorpionen-overens-som-vanner\/\">Tarot<\/a><\/p>\n<div id=\"ez-toc-container\" class=\"ez-toc-v2_0_82_2 ez-toc-wrap-center counter-hierarchy ez-toc-counter ez-toc-grey ez-toc-container-direction\">\n<div class=\"ez-toc-title-container\">\n<div class=\"ez-toc-title\" style=\"cursor:inherit\">Table of Contents<\/div>\n<span class=\"ez-toc-title-toggle\"><a href=\"#\" class=\"ez-toc-pull-right ez-toc-btn ez-toc-btn-xs ez-toc-btn-default ez-toc-toggle\" aria-label=\"Alternar tabla de contenidos\"><span class=\"ez-toc-js-icon-con\"><span class=\"\"><span class=\"eztoc-hide\" style=\"display:none;\">Toggle<\/span><span class=\"ez-toc-icon-toggle-span\"><svg style=\"fill: #999;color:#999\" xmlns=\"http:\/\/www.w3.org\/2000\/svg\" class=\"list-377408\" width=\"20px\" height=\"20px\" viewBox=\"0 0 24 24\" fill=\"none\"><path d=\"M6 6H4v2h2V6zm14 0H8v2h12V6zM4 11h2v2H4v-2zm16 0H8v2h12v-2zM4 16h2v2H4v-2zm16 0H8v2h12v-2z\" fill=\"currentColor\"><\/path><\/svg><svg style=\"fill: #999;color:#999\" class=\"arrow-unsorted-368013\" xmlns=\"http:\/\/www.w3.org\/2000\/svg\" width=\"10px\" height=\"10px\" viewBox=\"0 0 24 24\" version=\"1.2\" baseProfile=\"tiny\"><path d=\"M18.2 9.3l-6.2-6.3-6.2 6.3c-.2.2-.3.4-.3.7s.1.5.3.7c.2.2.4.3.7.3h11c.3 0 .5-.1.7-.3.2-.2.3-.5.3-.7s-.1-.5-.3-.7zM5.8 14.7l6.2 6.3 6.2-6.3c.2-.2.3-.5.3-.7s-.1-.5-.3-.7c-.2-.2-.4-.3-.7-.3h-11c-.3 0-.5.1-.7.3-.2.2-.3.5-.3.7s.1.5.3.7z\"\/><\/svg><\/span><\/span><\/span><\/a><\/span><\/div>\n<nav><ul class='ez-toc-list ez-toc-list-level-1 eztoc-toggle-hide-by-default' ><li class='ez-toc-page-1 ez-toc-heading-level-2'><a class=\"ez-toc-link ez-toc-heading-1\" href=\"https:\/\/goroskop.tv\/sw\/har-iphone-13-leo\/#Har_iPhone_13_Leo\" >Har iPhone 13 Leo?<\/a><\/li><li class='ez-toc-page-1 ez-toc-heading-level-2'><a class=\"ez-toc-link ez-toc-heading-2\" href=\"https:\/\/goroskop.tv\/sw\/har-iphone-13-leo\/#LEO-satelliter_pa_iPhone_13\" >LEO-satelliter p\u00e5 iPhone 13?<\/a><\/li><li class='ez-toc-page-1 ez-toc-heading-level-2'><a class=\"ez-toc-link ez-toc-heading-3\" href=\"https:\/\/goroskop.tv\/sw\/har-iphone-13-leo\/#Finns_Leo_pa_iPhone_13_Pro\" >Finns Leo p\u00e5 iPhone 13 Pro?<\/a><\/li><li class='ez-toc-page-1 ez-toc-heading-level-2'><a class=\"ez-toc-link ez-toc-heading-4\" href=\"https:\/\/goroskop.tv\/sw\/har-iphone-13-leo\/#Luktar_du_pa_iPhone_13\" >Luktar du p\u00e5 iPhone 13?<\/a><\/li><li class='ez-toc-page-1 ez-toc-heading-level-2'><a class=\"ez-toc-link ez-toc-heading-5\" href=\"https:\/\/goroskop.tv\/sw\/har-iphone-13-leo\/#Vad_har_iPhone_13\" >Vad har iPhone 13?<\/a><\/li><li class='ez-toc-page-1 ez-toc-heading-level-2'><a class=\"ez-toc-link ez-toc-heading-6\" href=\"https:\/\/goroskop.tv\/sw\/har-iphone-13-leo\/#Har_iPhone_13_en_Qualcomm-processor\" >Har iPhone 13 en Qualcomm-processor?<\/a><\/li><li class='ez-toc-page-1 ez-toc-heading-level-2'><a class=\"ez-toc-link ez-toc-heading-7\" href=\"https:\/\/goroskop.tv\/sw\/har-iphone-13-leo\/#Kan_iPhone_13_ha_4G\" >Kan iPhone 13 ha 4G?<\/a><\/li><li class='ez-toc-page-1 ez-toc-heading-level-2'><a class=\"ez-toc-link ez-toc-heading-8\" href=\"https:\/\/goroskop.tv\/sw\/har-iphone-13-leo\/#Ar_13-tums_iPhone_OLED_eller_LED\" >\u00c4r 13-tums iPhone OLED eller LED?<\/a><\/li><li class='ez-toc-page-1 ez-toc-heading-level-2'><a class=\"ez-toc-link ez-toc-heading-9\" href=\"https:\/\/goroskop.tv\/sw\/har-iphone-13-leo\/#Anvands_OLED_i_iPhone_13_Pro\" >Anv\u00e4nds OLED i iPhone 13 Pro?<\/a><\/li><li class='ez-toc-page-1 ez-toc-heading-level-2'><a class=\"ez-toc-link ez-toc-heading-10\" href=\"https:\/\/goroskop.tv\/sw\/har-iphone-13-leo\/#iPhone_13_Max_Ar_det_OLED\" >iPhone 13 Max: \u00c4r det OLED?<\/a><\/li><li class='ez-toc-page-1 ez-toc-heading-level-2'><a class=\"ez-toc-link ez-toc-heading-11\" href=\"https:\/\/goroskop.tv\/sw\/har-iphone-13-leo\/#iPhone_13_vattentat\" >iPhone 13 vattent\u00e4t?<\/a><\/li><\/ul><\/nav><\/div>\n","protected":false},"excerpt":{"rendered":"<p>Har iPhone 13 Leo? Inbjudningarna har delats ut. Scenen \u00e4r klar. Varje aspekt \u00e4r f\u00f6rberedd. Det kommer en ny iPhone n\u00e4sta vecka. Den 14 september kommer Apple att h\u00e5lla ett unikt evenemang kallat \u00abCalifornia Uso cont\u00ednuo\u00bb f\u00f6r att introducera den kommande iPhone 13-serien och kanske den nya Apple Watch Series 7. Under de senaste m\u00e5naderna &hellip;<\/p>\n","protected":false},"author":1,"featured_media":111,"comment_status":"closed","ping_status":"closed","sticky":false,"template":"","format":"standard","meta":{"footnotes":""},"categories":[4],"tags":[263,2774,38],"class_list":["post-60912","post","type-post","status-publish","format-standard","has-post-thumbnail","hentry","category-tarot","tag-har","tag-iphone","tag-leo"],"_links":{"self":[{"href":"https:\/\/goroskop.tv\/sw\/wp-json\/wp\/v2\/posts\/60912","targetHints":{"allow":["GET"]}}],"collection":[{"href":"https:\/\/goroskop.tv\/sw\/wp-json\/wp\/v2\/posts"}],"about":[{"href":"https:\/\/goroskop.tv\/sw\/wp-json\/wp\/v2\/types\/post"}],"author":[{"embeddable":true,"href":"https:\/\/goroskop.tv\/sw\/wp-json\/wp\/v2\/users\/1"}],"replies":[{"embeddable":true,"href":"https:\/\/goroskop.tv\/sw\/wp-json\/wp\/v2\/comments?post=60912"}],"version-history":[{"count":0,"href":"https:\/\/goroskop.tv\/sw\/wp-json\/wp\/v2\/posts\/60912\/revisions"}],"wp:featuredmedia":[{"embeddable":true,"href":"https:\/\/goroskop.tv\/sw\/wp-json\/wp\/v2\/media\/111"}],"wp:attachment":[{"href":"https:\/\/goroskop.tv\/sw\/wp-json\/wp\/v2\/media?parent=60912"}],"wp:term":[{"taxonomy":"category","embeddable":true,"href":"https:\/\/goroskop.tv\/sw\/wp-json\/wp\/v2\/categories?post=60912"},{"taxonomy":"post_tag","embeddable":true,"href":"https:\/\/goroskop.tv\/sw\/wp-json\/wp\/v2\/tags?post=60912"}],"curies":[{"name":"wp","href":"https:\/\/api.w.org\/{rel}","templated":true}]}}