{"id":61551,"date":"2023-09-05T14:51:50","date_gmt":"2023-09-05T14:51:50","guid":{"rendered":"https:\/\/goroskop.tv\/sw\/new-moon-in-aquarius-affirmation-horoscopes\/"},"modified":"2023-09-05T14:51:50","modified_gmt":"2023-09-05T14:51:50","slug":"new-moon-in-aquarius-affirmation-horoscopes","status":"publish","type":"post","link":"https:\/\/goroskop.tv\/sw\/new-moon-in-aquarius-affirmation-horoscopes\/","title":{"rendered":"New Moon in Aquarius: Affirmation Horoscopes"},"content":{"rendered":"<p><\/p>\n<h2><span class=\"ez-toc-section\" id=\"New_Moon_in_Aquarius_Affirmation_Horoscopes\"><\/span><span class=\"ez-toc-section\" id=\"Luna_Nueva_en_Acuario_Horoscopos_de_Afirmacion\"><\/span>  New Moon in Aquarius: Affirmation Horoscopes<span class=\"ez-toc-section-end\"><\/span><span class=\"ez-toc-section-end\"><\/span><\/h2>\n<p class=\"p1\" style=\"text-align: center;\"><span class=\"s1\"><b>#TipsAstroPro <\/b><\/span><\/p>\n<p class=\"p3\"><span class=\"s1\"><b>M\u00e5ndagen den 23 januari<\/b><\/span><\/p>\n<p class=\"p3\"><span class=\"s1\"><i>Merkurius i Stenbockens sextiler Neptunus i Fiskarna, b\u00e5da vid 10\u00b0<\/i><\/span><\/p>\n<p class=\"p3\"><span class=\"s1\"><b>Onsdagen den 25 januari 2017<\/b><\/span><\/p>\n<p class=\"p3\"><span class=\"s1\"><i>Venus konjunkt Chiron vid 22\u00b0 Fiskarna <\/i><\/span><\/p>\n<p class=\"p3\"><span class=\"s1\"><b>Fredagen den 27 januari<\/b><\/span><\/p>\n<p class=\"p3\"><span class=\"s1\"><i>Kvicksilver l\u00e4mnar skuggfasen<\/i><\/span><\/p>\n<p class=\"p3\"><span class=\"s1\"><i>Venus i Fiskarnas kvadrat Saturnus, b\u00e5da vid 24\u00b0<\/i><\/span><\/p>\n<p class=\"p3\"><span class=\"s1\"><i>Nym\u00e5ne vid 8\u00b0 \u200b\u200bVattumannen kl. 16:07 PT <\/i><\/span><\/p>\n<p class=\"p3\"><span class=\"s1\"><i>Mars g\u00e5r in i V\u00e4duren<\/i><\/span><\/p>\n<p class=\"p3\"><span class=\"s1\"><b>S\u00f6ndagen den 29 januari 2017<\/b><\/span><\/p>\n<p class=\"p3\"><span class=\"s1\"><i>Kvicksilver konjunkt Pluto vid 17\u00b0 Stenbocken<\/i><\/span><\/p>\n<p class=\"p3\"><span class=\"s1\">Vi jobbar h\u00e4rifr\u00e5n. <\/span><\/p>\n<p>  F\u00f6r alla som har arbetat f\u00f6r att f\u00e5 oss hit. <\/p>\n<p class=\"p3\"><span class=\"s1\">Women&#8217;s March p\u00e5 l\u00f6rdagen var ett episkt exempel p\u00e5 individer som samlades f\u00f6r en kollektiv sak. <\/span><\/p>\n<p>  Det var ett uppror. <\/p>\n<p>  Det var hans historia i vardande. <\/p>\n<p>  Det var forts\u00e4ttningen p\u00e5 en miljon andra uppror, deras ber\u00e4ttelser och inspirationer. <\/p>\n<p>  N\u00e5gra av dem sv\u00e4mmar \u00f6ver b\u00f6ckerna vi har tillg\u00e5ng till. <\/p>\n<p>  M\u00e5nga av dem har raderats fr\u00e5n dessa sidor och fr\u00e5n allm\u00e4n kunskap. <\/p>\n<p class=\"p3\"><span class=\"s1\">Kvinnomarschen i l\u00f6rdags var inget nytt f\u00f6r dem som har varit tvungna att k\u00e4mpa f\u00f6r sina grundl\u00e4ggande m\u00e4nskliga r\u00e4ttigheter fr\u00e5n f\u00f6rsta b\u00f6rjan och p\u00e5 s\u00e5 s\u00e4tt k\u00e4mpar f\u00f6r alla andras.<\/span><\/p>\n<p class=\"p3\"><span class=\"s1\">Dammarschen p\u00e5 l\u00f6rdagen var sp\u00e4nnande f\u00f6r vissa. <\/span><\/p>\n<p>  F\u00f6r andra var det ett missat tillf\u00e4lle, och skickade 2,9 miljoner m\u00e4nniskor ut ur evenemanget utan n\u00e5gra konkreta \u00e5tg\u00e4rder att vidta varje dag fr\u00e5n och med denna dag f\u00f6r att s\u00e4kerst\u00e4lla v\u00e5r s\u00e4kerhet, frihet och framtid. <\/p>\n<p>  F\u00f6r m\u00e5nga var det ytterligare ett \u00f6gonblick i en l\u00e5ng rad \u00f6gonblick d\u00e5 de flesta misslyckades med att centralisera anstr\u00e4ngningarna, kampen och verkligheten f\u00f6r de mest systematiskt marginaliserade, brutaliserade och utsatta bland oss. <\/p>\n<p class=\"p3\"><span class=\"s1\">Historiskt sett i Amerika ses inte alla kvinnor som tillr\u00e4ckligt v\u00e4rdefulla f\u00f6r att marschera i massor.  \u00c4r inte #SayHerName en kvinnor\u00f6relse?  \u00c4r inte Movement for Black Lives en kvinnor\u00f6relse?  \u00c4r inte r\u00f6relsen f\u00f6r att avsluta massf\u00e4ngslingar en kvinnor\u00f6relse?  \u00c4r inte Transgender Rights Movement en kvinnor\u00f6relse?  \u00c4r inte Standing Rock en kvinnor\u00f6relse?  Varf\u00f6r bes\u00f6ks inte dessa r\u00f6relser och sedan n\u00e5gra av samma massor av m\u00e4nniskor, k\u00e4ndisar och media som marschen p\u00e5 l\u00f6rdagen?<\/span><\/p>\n<p class=\"p3\"><span class=\"s1\">Solidaritet \u00e4r inte solid f\u00f6rr\u00e4n den ges till alla lika. <\/span><\/p>\n<p class=\"p3\"><span class=\"s1\">Ingen r\u00f6relse \u00e4r perfekt, men alla f\u00f6rs\u00f6k till organisation \u00e4r perfekta undervisningsm\u00f6jligheter. <\/span><\/p>\n<p>  Ju mer fokuserade de marginaliserade \u00e4r i denna r\u00f6relse och i alla r\u00f6relser, desto mer perfekt kan ett f\u00f6rs\u00f6k till enhet vara. <\/p>\n<p>  Om vi \u200b\u200bverkligen ska prata om att g\u00e5 fram\u00e5t, l\u00e5t oss inte g\u00e5 igenom samma misstag och felsteg fr\u00e5n det f\u00f6rflutna.<\/p>\n<p class=\"p3\"><span class=\"s1\">F\u00f6r de av oss nya i organisationen, var beredd att kavla upp \u00e4rmarna och f\u00f6lj instruktionerna. <\/span><\/p>\n<p>  Var beredd att utbilda dig sj\u00e4lv och, i processen, f\u00e5 din v\u00e4rld, din identitet, ditt sinne och ditt hj\u00e4rta s\u00f6nderrivna, v\u00e4nda upp och ner och ut och in. <\/p>\n<p>  Det \u00e4r en \u00e4ra att bli avbruten s\u00e5, en sann andlig upplevelse. <\/p>\n<p>  Du kommer att v\u00e4rdera det \u00f6ver allt annat. <\/p>\n<p>  F\u00f6r de av oss som \u00e4r nya i intersektionalitet, l\u00e5t oss inte vara f\u00f6r br\u00e4ckliga f\u00f6r att l\u00e4ra oss av detta \u00f6gonblick. <\/p>\n<p>  Vi blir inte kr\u00e4nkta av dem som p\u00e5pekar okunskap. <\/p>\n<p>  L\u00e5t oss komma ih\u00e5g att detta arbete kr\u00e4ver djup \u00f6dmjukhet och en vilja att f\u00f6rst\u00e5 det vi inte f\u00f6rst\u00e5r. <\/p>\n<p>  L\u00e5t oss v\u00e4nja oss vid att ha fel. <\/p>\n<p>  Ofta. <\/p>\n<p>  L\u00e5t oss l\u00e4ra oss att vara tacksamma varje g\u00e5ng vi l\u00e4r oss det vi inte visste att vi inte visste. <\/p>\n<p>  L\u00e5t oss dyka upp i massor n\u00e4sta g\u00e5ng vi beh\u00f6vs, speciellt n\u00e4r samh\u00e4llen vi inte tillh\u00f6r beh\u00f6ver oss. <\/p>\n<p class=\"p3\"><span class=\"s1\">Om du har v\u00e4lsignat v\u00e4rlden med dina anstr\u00e4ngningar hela den h\u00e4r tiden, om du kommer fr\u00e5n generationer av motst\u00e5ndare och revolution\u00e4rer, om du kommer fr\u00e5n l\u00e5nga rader av f\u00f6rf\u00e4ders anstr\u00e4ngningar, kommer ett enkelt \u00abtack\u00bb aldrig att r\u00e4cka. <\/span><\/p>\n<p>  Du f\u00f6rtj\u00e4nar all respekt, st\u00f6d, validering och utrymme att g\u00f6ra vad du \u00e4n v\u00e4ljer. <\/p>\n<p class=\"p3\"><span class=\"s1\">Det h\u00e4r \u00f6gonblicket avsl\u00f6jar mer av det som alltid har funnits d\u00e4r. <\/span><\/p>\n<p>  L\u00e5t oss vara tillr\u00e4ckligt motst\u00e5ndskraftiga f\u00f6r att se det f\u00f6r vad det \u00e4r och arbeta f\u00f6r att g\u00f6ra det till vad vi vill att det ska vara. <\/p>\n<p class=\"p3\"><span class=\"s1\">Astrologiskt sett \u00e4r detta djupg\u00e5ende. <\/span><\/p>\n<p>  Venus och Chiron, hj\u00e4rtat och Wounded Healer sammantr\u00e4ffar p\u00e5 onsdag. <\/p>\n<p>  Armaturerna, solen och m\u00e5nen, jaget och kroppen g\u00f6r en konjunktion p\u00e5 fredag. <\/p>\n<p>  Merkurius och Pluto, Budb\u00e4raren och Underjordens Herre g\u00f6r en konjunktion p\u00e5 s\u00f6ndag. <\/p>\n<p class=\"p3\"><span class=\"s1\">Det \u00e4r m\u00e5nga sammanslagningar p\u00e5 g\u00e5ng. <\/span><\/p>\n<p>  Blanda. <\/p>\n<p>  Form\u00e4ndring. <\/p>\n<p>  sinnes sammansm\u00e4ltning <\/p>\n<p class=\"p3\"><span class=\"s1\">St\u00f6rre delen av veckan kommer att spenderas i m\u00e5nens m\u00f6rkaste fas, vilket g\u00f6r att vi inte har n\u00e5got annat val \u00e4n att f\u00f6rbereda oss f\u00f6r n\u00e4sta cykel. <\/span><\/p>\n<p>  T\u00f6mma. <\/p>\n<p>  Est\u00e1s ut. <\/p>\n<p>  Befria oss fr\u00e5n det som \u00e4r (\u00e5tminstone f\u00f6r \u00f6gonblicket) \u00f6verfl\u00f6digt.<\/p>\n<p class=\"p3\"><span class=\"s1\">Vi kan anv\u00e4nda den h\u00e4r tiden till att ta bort det v\u00e4sentliga, v\u00e4lja de fr\u00f6n vi beh\u00f6ver mest f\u00f6r att v\u00e4xa till n\u00e4sta omg\u00e5ng och ta en stund om vi beh\u00f6ver det.<\/span><\/p>\n<p class=\"p3\"><span class=\"s1\">P\u00e5 dagen f\u00f6r nym\u00e5nen kommer Venus att kvadratisera Saturnus, vilket f\u00e5r n\u00f6jet att verka lite mindre \u00e4n m\u00f6jligt vid den tiden. <\/span><\/p>\n<p>  Venus jobb \u00e4r att ansluta. <\/p>\n<p>  Saturnus jobb \u00e4r att dra fasta gr\u00e4nser. <\/p>\n<p>  Venus attraherar det du vill ha mest, medan Saturnus f\u00f6rblir kall och avl\u00e4gsen. <\/p>\n<p>  Saturnus \u00e4r allvarlig. <\/p>\n<p>  Venus \u00e4r f\u00f6rsonande. <\/p>\n<p>  Saturnus \u00e4r nykter. <\/p>\n<p>  Venus \u00e4r trevlig. <\/p>\n<p>  De tv\u00e5 \u00e4r inte de b\u00e4sta v\u00e4nnerna, men en del av den mest kreativa konsten kommer fr\u00e5n v\u00e5r f\u00f6rm\u00e5ga att arbeta inom en upps\u00e4ttning begr\u00e4nsningar. <\/p>\n<p>  Med tanke p\u00e5 vad vi har, vad kan vi g\u00f6ra?<\/p>\n<p class=\"p3\"><span class=\"s1\">Mars g\u00f6r ocks\u00e5 r\u00f6relser p\u00e5 nym\u00e5nen. <\/span><\/p>\n<p>  N\u00e4r den g\u00e5r in i ett av sina hemtecken, V\u00e4duren, blir Mars en av de mest modiga planeterna p\u00e5 himlen. <\/p>\n<p>  Mars in Aries kan ge oss mod, energi och en vilja att ta oss an sv\u00e5ra uppgifter, men Mars in Aries \u00e4r ocks\u00e5 obeveklig i sin stridsf\u00f6rm\u00e5ga. <\/p>\n<p>  Genom att exponera all slags r\u00e5energi som annars kan ligga och slumra i oss, kommer vi att beh\u00f6va arbeta klokt med gl\u00f6dhet energi under den kommande och en halv m\u00e5naden. <\/p>\n<p>  Om vi \u200b\u200bkan hitta s\u00e4tt att kanalisera v\u00e5r ilska och mod till efectiva framsteg, \u00e4r det mer sannolikt att Mars hj\u00e4lper oss \u00e4n att vi trasslar in oss i v\u00e4rdel\u00f6sa och skadliga strider.<\/p>\n<p class=\"p3\"><span class=\"s1\"><i>*Veckans horoskop \u00e4r skrivna i affirmationsstil. <\/i><\/span><\/p>\n<p>  De \u00e4r t\u00e4nkta att l\u00e4sas f\u00f6r inspiration, v\u00e4nligen \u00e4ndra formuleringen f\u00f6r att passa dina personliga behov. <\/p>\n<p>  Om du k\u00e4nner till b\u00e5de ditt stigande tecken och ditt soltecken, l\u00e4s b\u00e5da horoskopen. <\/p>\n<p>  B\u00e5da inneh\u00e5ller viktig information. <\/p>\n<p>  Du kommer att veta vilken som resonerar mest f\u00f6r dig vecka f\u00f6r vecka. <\/p>\n<p>  Ta det som fungerar f\u00f6r dig, l\u00e4mna resten. <\/p>\n<p>  Om du hittar inspiration h\u00e4r, vi \u00e4lskar dem och uppskattar donationer. <\/p>\n<p>  Om du vill dela detta arbete m\u00e5ste du citera det och l\u00e4nka till denna publikation och webbplats. <\/p>\n<p>  Tack f\u00f6r ditt st\u00f6d och f\u00f6r att du sprider ordet, vi uppskattar verkligen det och dig!<\/p>\n<p class=\"p1\" style=\"text-align: center;\"><span class=\"s1\"><b>Aries och Aries Ascendant<\/b><\/span><\/p>\n<p class=\"p3\"><span class=\"s1\">Jag n\u00e5r ut till v\u00e4nner, grupper och kollegor som h\u00e5ller mig mentalt, k\u00e4nslom\u00e4ssigt och andligt flytande. <\/span><\/p>\n<p>  Jag h\u00e5ller mig n\u00e4ra m\u00e4nniskor som inspirerar mig. <\/p>\n<p>  Jag planerar att engagera mig med dem som \u00e4r inspirerande, motiverande och strategiska i sin aktivism. <\/p>\n<p class=\"p3\"><span class=\"s1\">Jag vet att min h\u00e4lsa \u00e4r beroende av att ha h\u00f6gkvalitativa kontakter, och jag \u00e4r villig att odla dem med t\u00e5lamod. <\/span><\/p>\n<p>  Jag vet att jag kommer att beh\u00f6va olika gruppupplevelser vid olika tidpunkter. <\/p>\n<p>  Jag vet att jag i detta \u00f6gonblick kunde k\u00e4nna mig kallad att delta i en ny kollektiv upplevelse eller delta p\u00e5 ett annat s\u00e4tt i de jag redan \u00e4r. <\/p>\n<p>Jag till\u00e5ter mig sj\u00e4lv en ny upplevelse. <\/p>\n<p>  Jag l\u00e5ter nya behov uppst\u00e5. <\/p>\n<p>  Jag till\u00e5ter detta \u00f6gonblick att informera mig, utmana mig och korrigera mig om det beh\u00f6vs. <\/p>\n<p class=\"p3\"><span class=\"s1\">Att g\u00e5 igenom sv\u00e5ra tider tillsammans kr\u00e4ver att vi engagerar oss i metoder som hj\u00e4lper oss att minnas v\u00e5r kollektiva kraft. <\/span><\/p>\n<p>  Jag l\u00e4gger p\u00e5 med bussen som kan h\u00e4mta mig. <\/p>\n<p>  Bevittna alla sidor av mig. <\/p>\n<p>  Utmana min helhet att vara fullt utvecklad och l\u00e4mnar ingen del av mig utanf\u00f6r. <\/p>\n<p class=\"p3\"><span class=\"s1\">Jag p\u00e5minner mig sj\u00e4lv k\u00e4rleksfullt om att det modet jag har, den energi jag har att arbeta och den naturkraft jag \u00e4r, anv\u00e4ndes h\u00e4r f\u00f6r att komma till nytta. <\/span><\/p>\n<p>  Till andra. <\/p>\n<p>  till planeten Till mysteriet som gjorde mig och f\u00f6rde mig hit. <\/p>\n<p>  N\u00e4r nym\u00e5nen rullar runt p\u00e5 fredag \u200b\u200bkommer jag att vara pigg och \u00e5terupplivad f\u00f6r att flytta berg. <\/p>\n<p>  Med det i \u00e5tanke l\u00e5ter jag st\u00f6rre delen av veckan g\u00e5 som jag beh\u00f6ver, i min h\u00e4lsas tj\u00e4nst och f\u00f6r att hedra ebben f\u00f6re fl\u00f6det. <\/p>\n<p class=\"p1\" style=\"text-align: center;\"><span class=\"s1\"><b>Oxen och Taurus Ascendant<\/b><\/span><\/p>\n<p class=\"p3\"><span class=\"s1\">Den h\u00e4r nym\u00e5nen, mitt jobb \u00e4r att hitta det som beh\u00f6vs av mig, i min karri\u00e4r och i v\u00e4rlden. <\/span><\/p>\n<p>  Den h\u00e4r nym\u00e5nen g\u00f6r det klart att mitt jobb \u00e4r att hitta ett s\u00e4tt att f\u00f6rnya det jag har att arbeta med. <\/p>\n<p>  Den h\u00e4r nym\u00e5nen p\u00e5minner mig om att min riktiga karri\u00e4r handlar om att vidta de \u00e5tg\u00e4rder jag beh\u00f6ver, oavsett hur mycket ber\u00f6m jag f\u00e5r eller inte.<\/p>\n<p class=\"p3\"><span class=\"s1\">Jag minns att jag br\u00f6t mig loss fr\u00e5n gr\u00e4nserna f\u00f6r orealistiska f\u00f6rv\u00e4ntningar som andra m\u00e4nniskor har p\u00e5 mig. <\/span><\/p>\n<p>  Jag minns att jag \u00e5ter engagerade mig i de delar av mig sj\u00e4lv som \u00e4r tydliga i mitt uppdrag, fast i min h\u00e5llning och dedikerade till min riktning. <\/p>\n<p>  Jag kommer ih\u00e5g att rensa mitt liv fr\u00e5n allt som k\u00e4nns som ett on\u00f6digt tapp p\u00e5 min energi s\u00e5 att jag \u00e4r fri att forts\u00e4tta med det arbete som \u00e4r mitt jobb att g\u00f6ra. <\/p>\n<p class=\"p3\"><span class=\"s1\">Jag menar allvar med min framg\u00e5ng.<\/span><\/p>\n<p class=\"p3\"><span class=\"s1\">F\u00f6r min framg\u00e5ng \u00e4r v\u00e5r framg\u00e5ng. <\/span><\/p>\n<p>  F\u00f6r jag vinner f\u00f6r hela mitt lag. <\/p>\n<p>  F\u00f6r jag \u00e4r tydlig med att jag inte kom hit p\u00e5 egen hand och de stigar som jag banar kommer att anv\u00e4ndas och f\u00f6rb\u00e4ttras av de som kommer efter mig. <\/p>\n<p class=\"p3\"><span class=\"s1\">Jag vinner n\u00e4r jag minns att jag inte \u00e4r ensam. <\/span><\/p>\n<p>  Varken sinne, sj\u00e4l eller hj\u00e4rta. <\/p>\n<p>  Vissa dagar, s\u00e4rskilt dagar den h\u00e4r veckan, kan f\u00e5 mig att k\u00e4nna att jag inte har st\u00f6d, s\u00e4llskap eller gemenskap. <\/p>\n<p>  Jag kan hitta mig sj\u00e4lv med en h\u00e5rd kant i mitt hj\u00e4rta eller n\u00e5gon annans. <\/p>\n<p>  Jag kunde hitta mina tvivel i en m\u00f6rk gr\u00e4nd. <\/p>\n<p>  Men de k\u00e4nslorna \u00e4r tillf\u00e4lliga. <\/p>\n<p>  Det som \u00e4r permanent \u00e4r min uth\u00e5llighet. <\/p>\n<p>  Det jag fokuserar p\u00e5 \u00e4r mina n\u00e4sta steg. <\/p>\n<p>  Det jag r\u00e4knar med just nu \u00e4r mitt engagemang f\u00f6r att utveckla min karri\u00e4r och utveckla mig sj\u00e4lv genom den. <\/p>\n<p class=\"p1\" style=\"text-align: center;\"><span class=\"s1\"><b>Gemini och Gemini Ascendant<\/b><\/span><\/p>\n<p class=\"p3\"><span class=\"s1\">Jag spelar inte. <\/span><\/p>\n<p>  Det h\u00e4r \u00e4r inte ett spel eller ett test. <\/p>\n<p>  Jag f\u00f6rs\u00f6ker inte riktigt stilla min hunger med f\u00f6rnekelsens tomma kalorier. <\/p>\n<p>  Jag tonar inte ner mina \u00f6vertygelser f\u00f6r att passa st\u00e4mningen p\u00e5 en plats, s\u00e4rskilt om den platsen inte har n\u00e5gon plats f\u00f6r mig. <\/p>\n<p class=\"p3\"><span class=\"s1\">Jag \u00e4r inte p\u00e5 hum\u00f6r f\u00f6r det.<\/span><\/p>\n<p class=\"p3\"><span class=\"s1\">Med denna nym\u00e5ne f\u00f6rnyar jag mitt engagemang f\u00f6r de ideal och filosofier som f\u00f6der mig. <\/span><\/p>\n<p>  Med denna nym\u00e5ne f\u00f6rbinder jag mig igen till de stigar som b\u00e4r mitt namn. <\/p>\n<p>  Med den h\u00e4r nym\u00e5nen f\u00f6rbinder jag mig igen till planer som hj\u00e4lper mig att spela upp mitt spel och komma ut i v\u00e4rlden. <\/p>\n<p class=\"p3\"><span class=\"s1\">Jag \u00e4r p\u00e5 hum\u00f6r f\u00f6r det. <\/span><\/p>\n<p class=\"p3\"><span class=\"s1\">Jag minns att jag var aktiv med m\u00e4nniskor som inspirerar mig till fruktbar handling. <\/span><\/p>\n<p>  Jag minns att jag hela tiden fr\u00e5gade vad jag kan g\u00f6ra f\u00f6r att st\u00f6dja de samh\u00e4llen som har gett mig s\u00e5 mycket. <\/p>\n<p>  Jag minns att jag l\u00e4t folk f\u00e5 lite utrymme n\u00e4r det verkar som om de beh\u00f6ver det. <\/p>\n<p>  Stressiga tider kr\u00e4ver st\u00f6rre h\u00e4nsyn till var m\u00e4nniskor kan komma ifr\u00e5n. <\/p>\n<p>  Jag \u00e4r h\u00e4r f\u00f6r att hj\u00e4lpa, inte f\u00f6r att skada, f\u00f6r att utvecklas. <\/p>\n<p class=\"p3\"><span class=\"s1\">Den h\u00e4r veckan kommer jag att n\u00e4rma mig relationsproblem med en best\u00e4md och k\u00e4rleksfull attityd. <\/span><\/p>\n<p>  Jag kan ta h\u00e5rt p\u00e5 politikern jag \u00e4r gift med samtidigt som jag \u00e4r mjuk mot de jag har ett f\u00f6rh\u00e5llande med. <\/p>\n<p>  Jag kommer att hitta ett s\u00e4tt att \u00e4lska genom denna release. <\/p>\n<p class=\"p1\" style=\"text-align: center;\"><span class=\"s1\"><b>Cancer och uppkomsten av cancer<\/b><\/span><\/p>\n<p class=\"p3\"><span class=\"s1\">Jag inleder de samarbeten som h\u00e5ller mig medveten om min potential. <\/span><\/p>\n<p>  Jag startar samarbeten som kommer att t\u00e4nja mig f\u00f6r att visa mig mer modig i v\u00e4rlden och i mitt arbete. <\/p>\n<p>  Jag startar samarbeten som hj\u00e4lper mig att utveckla det som fortfarande \u00e4r underutvecklat i mig. <\/p>\n<p class=\"p3\"><span class=\"s1\">Det finns fortfarande mycket kvar att utveckla i mig. <\/span><\/p>\n<p class=\"p3\"><span class=\"s1\">Jag \u00e4r inte r\u00e4dd f\u00f6r det h\u00e5rda arbetet med att bli. <\/span><\/p>\n<p>  Det \u00e4r skr\u00e4mmande ibland, men alltid sp\u00e4nnande att komma ih\u00e5g att jag inte \u00e4r klar \u00e4n. <\/p>\n<p>  Jag \u00e4r inte r\u00e4dd f\u00f6r att se min tillv\u00e4xt och s\u00f6rja det som varit sm\u00e4rtsamt. <\/p>\n<p>  Det finns ingen r\u00f6relse ut utan att flytta in lika delar. <\/p>\n<p>  Jag \u00e4r inte r\u00e4dd f\u00f6r att erk\u00e4nna det som har g\u00e5tt f\u00f6rlorat. <\/p>\n<p>  Livet \u00e4r f\u00f6rlust och vinst, och \u00e5ter f\u00f6rlust. <\/p>\n<p>  Jag \u00e4r inte r\u00e4dd f\u00f6r att m\u00f6ta de k\u00e4nslor som naturligt dyker upp n\u00e4r jag str\u00e4var efter att g\u00f6ra b\u00e4ttre ifr\u00e5n mig, vara mer autentisk och leva n\u00e4rmare min sanning. <\/p>\n<p>  Jag hoppas att min resa kommer att ha sm\u00e5sten och stenar l\u00e4ngs dess bl\u00e5siga stigar. <\/p>\n<p class=\"p3\"><span class=\"s1\">Att vara fullt engagerad i att leva livet kr\u00e4ver att jag utmanar mig sj\u00e4lv. <\/span><\/p>\n<p>  Mitt jobb kr\u00e4ver att jag g\u00e5r mot det jag beh\u00f6ver l\u00e4ra mig, \u00e4ven om det f\u00e5r mig att k\u00e4nna mig s\u00e5rbar. <\/p>\n<p>  Om mitt arbete ska v\u00e4xa m\u00e5ste jag ta de risker som kr\u00e4vs f\u00f6r att uppleva mig sj\u00e4lv i olika f\u00f6rh\u00e5llanden. <\/p>\n<p>  utmaningar. <\/p>\n<p>  \u00c4ndringar. <\/p>\n<p>  Att v\u00e4lja det som \u00e4r n\u00f6dv\u00e4ndigt framf\u00f6r det som \u00e4r snyggt och enkelt. <\/p>\n<p class=\"p3\"><span class=\"s1\">Jag anv\u00e4nder den h\u00e4r nym\u00e5nen f\u00f6r att n\u00e5 ut till de lovande och l\u00f6nsamma partnerskapen mellan mig. <\/span><\/p>\n<p>  Jag s\u00f6ker upp dem som vet det jag inte vet och de vars magi kan l\u00e4ggas till de skapelser jag kl\u00e4cker. <\/p>\n<p class=\"p1\" style=\"text-align: center;\"><span class=\"s1\"><b>Leo och Leo Ascendant<\/b><\/span><\/p>\n<p class=\"p3\"><span class=\"s1\">Jag anv\u00e4nder den h\u00e4r nym\u00e5nen f\u00f6r att g\u00f6ra dj\u00e4rva, determinante steg mot relationer som f\u00e5r mig att t\u00e4nka p\u00e5 livet p\u00e5 nya och innovativa s\u00e4tt. <\/span><\/p>\n<p>  Jag g\u00e5r mot relationer som svarar p\u00e5 sv\u00e5righeter med nyfikenhet, medk\u00e4nsla och modig kreativitet. <\/p>\n<p>  Jag f\u00f6rnyar de relationsavtal jag har gjort, g\u00f6r l\u00e4mpliga uppdateringar och f\u00f6rb\u00e4ttringar s\u00e5 att alla inblandade parter b\u00f6rjar arbeta med tidigare fr\u00e5gor igen. <\/p>\n<p>  Jag lovar att l\u00e4ra mig s\u00e5 mycket jag kan av de m\u00e4nniskor som st\u00e5r mig n\u00e4rmast. <\/p>\n<p>  M\u00e4nniskor som hj\u00e4lper mig att se vad det kan inneb\u00e4ra att leva ett fullt liv. <\/p>\n<p>  M\u00e4nniskor som hj\u00e4lper mig att t\u00e4nka bortom mitt lilla h\u00f6rn av v\u00e4rlden. <\/p>\n<p class=\"p3\"><span class=\"s1\">Jag har tillg\u00e5ng till plus energi just nu, energi som vill fram\u00e5t med de st\u00f6rre planer jag har i \u00e5tanke. <\/span><\/p>\n<p>  Energi som kan kanaliseras till heta argument eller samtal. <\/p>\n<p>  Energi som kanske f\u00e5r dig att vilja str\u00e4cka p\u00e5 benen och ge dig ut p\u00e5 en resa. <\/p>\n<p>  Energi som kan kr\u00e4va att jag l\u00e4r mig n\u00e5got nytt och t\u00e4njer p\u00e5 gr\u00e4nserna f\u00f6r mitt sinne s\u00e5 mycket som m\u00f6jligt. <\/p>\n<p class=\"p3\"><span class=\"s1\">Jag ger mig sj\u00e4lv till\u00e5telse att ge mig ut p\u00e5 de \u00e4ventyr jag beh\u00f6ver. <\/span><\/p>\n<p>  F\u00f6r att rensa mitt sinne. <\/p>\n<p>  Att st\u00e4da mig sj\u00e4lv <\/p>\n<p>  F\u00f6r att fr\u00e4scha upp mitt perspektiv och \u00e5terst\u00e4lla allt hopp jag har f\u00f6rlorat, i mina samh\u00e4llen, i mitt f\u00f6rh\u00e5llande till min h\u00e4lsa eller i mitt f\u00f6rh\u00e5llande till sj\u00e4lva hoppet. <\/p>\n<p class=\"p1\" style=\"text-align: center;\"><span class=\"s1\"><b>Jungfrun och Jungfrun reser sig<\/b><\/span><\/p>\n<p class=\"p3\"><span class=\"s1\">Jag utnyttjar nym\u00e5nen p\u00e5 fredag \u200b\u200bf\u00f6r att f\u00f6rnya arbetsprojekt som beh\u00f6ver en omstart och ett lyft. <\/span><\/p>\n<p>  Jag anv\u00e4nder nym\u00e5nen p\u00e5 fredag \u200b\u200bf\u00f6r att st\u00e4rka mina samarbeten, klarg\u00f6ra deras gr\u00e4nser, ta en best\u00e4md h\u00e5llning n\u00e4r det g\u00e4ller att ta hand om mina k\u00e4nslor. <\/p>\n<p>  Jag anv\u00e4nder nym\u00e5nen p\u00e5 fredag \u200b\u200bf\u00f6r att bed\u00f6ma eventuella intimitetsproblem som kan uppst\u00e5, och tar mig tid att diskutera deras betydelse och konsekvenser. <\/p>\n<p>  Jag anv\u00e4nder nym\u00e5nen p\u00e5 fredag \u200b\u200bf\u00f6r att p\u00e5minna mig sj\u00e4lv om att om mitt hj\u00e4rta inte \u00e4r i det, kommer jag att g\u00f6ra det en otj\u00e4nst. <\/p>\n<p>  Jag anv\u00e4nder nym\u00e5nen p\u00e5 fredag \u200b\u200bf\u00f6r att f\u00f6rst\u00e4rka det arbete jag tror p\u00e5. <\/p>\n<p class=\"p3\"><span class=\"s1\">Jag tycker att mitt jobb \u00e4r v\u00e4rt att jobba f\u00f6r. <\/span><\/p>\n<p>  Jag tror att allt jag g\u00f6r har en inverkan. <\/p>\n<p>  Jag tror att hur liten r\u00f6relse du \u00e4n g\u00f6r s\u00e5 kan den vara progressiv. <\/p>\n<p class=\"p3\"><span class=\"s1\">Jag \u00e4r inte intresserad av att g\u00e5 tillbaka. <\/span><\/p>\n<p>  Jag \u00e4r intressant att g\u00f6ra magi. <\/p>\n<p>  Jag \u00e4r intresserad av att g\u00f6ra historia. <\/p>\n<p>  Jag \u00e4r intresserad av vad vi kan f\u00e5 ut av den situation vi befinner oss i. <\/p>\n<p>Jag \u00e4r dedikerad till att uppt\u00e4cka vad som \u00e4r m\u00f6jligt. <\/p>\n<p>  Genom mitt arbete. <\/p>\n<p>  Genom mina relationer. <\/p>\n<p>  Genom mina samarbeten. <\/p>\n<p>  Genom varje utmaning jag m\u00f6ter och controlador mig igenom. <\/p>\n<p class=\"p1\" style=\"text-align: center;\"><span class=\"s1\"><b>V\u00e5gen och v\u00e5gens uppkomst<\/b><\/span><\/p>\n<p class=\"p3\"><span class=\"s1\">Jag \u00e5terskapar mig sj\u00e4lv genom den regenerativa praktiken att s\u00f6ka njutning. <\/span><\/p>\n<p>  Produktivitet utan n\u00f6je \u00e4r torrt slit. <\/p>\n<p>  Jag vet att en del av min befrielse, delvis, ligger i min f\u00f6rm\u00e5ga att ge tid och utrymme f\u00f6r gl\u00e4dje i mitt liv. <\/p>\n<p>  Jag vet att min mentala h\u00e4lsa delvis beror p\u00e5 min f\u00f6rm\u00e5ga att skratta med mina n\u00e4ra och k\u00e4ra. n\u00e4ra och k\u00e4ra <\/p>\n<p>  Jag vet att min k\u00e4nslom\u00e4ssiga h\u00e4lsa delvis beror p\u00e5 min f\u00f6rm\u00e5ga att slappna av, \u00f6ppna upp och ta emot tillgivenhet. <\/p>\n<p>  Jag vet att min andliga h\u00e4lsa delvis beror p\u00e5 mitt engagemang f\u00f6r den kreativa energi som r\u00f6r sig genom mig och som vill uttrycka sig som den \u00e4r. <\/p>\n<p>  Ingen skam. <\/p>\n<p>  Ingen skuld, inga nonsens. <\/p>\n<p class=\"p3\"><span class=\"s1\">Jag vet konstens kraft. <\/span><\/p>\n<p>  Jag vet kraften i kreativt sj\u00e4lvuttryck. <\/p>\n<p>  Jag vet v\u00e5r kraft<span class=\"Apple-converted-space\">  <\/span>energi som en g\u00e5ng frig\u00f6rs p\u00e5 grund av den intensitet med vilken den motarbetas av de som f\u00f6rs\u00f6ker kontrollera den. <\/p>\n<p>  Jag vet att gl\u00e4dje \u00e4r tillg\u00e4nglig f\u00f6r mig, \u00e4ven inf\u00f6r stora sv\u00e5righeter, n\u00e4r jag anv\u00e4nder min kreativa kraft. <\/p>\n<p>  Jag v\u00e4ntar inte p\u00e5 de perfekta f\u00f6ruts\u00e4ttningarna f\u00f6r min kreativitet att uttrycka sig. <\/p>\n<p>  Min kreativa energi \u00e4r perfekt och d\u00e4rf\u00f6r perfekt applicerbar i alla situationer. <\/p>\n<p class=\"p1\" style=\"text-align: center;\"><span class=\"s1\"><b>Scorpio och Scorpio Ascendant<\/b><\/span><\/p>\n<p class=\"p3\"><span class=\"s1\">Nym\u00e5nen p\u00e5 fredag \u200b\u200bber mig att hedra mina r\u00f6tter. <\/span><\/p>\n<p>  Han ber mig plantera n\u00e5gra. <\/p>\n<p>  Han ber mig att f\u00f6rnya mitt engagemang f\u00f6r behoven i mitt inre liv. <\/p>\n<p>  Han ber mig att rensa ett utrymme i mitt hemliv. <\/p>\n<p>  Han ber mig att radera alla kontrakt jag har med familjemedlemmar som hindrar min f\u00f6rm\u00e5ga att vara mig sj\u00e4lv eller ta den tid och det utrymme jag beh\u00f6ver.<\/p>\n<p class=\"p3\"><span class=\"s1\">Nym\u00e5nen p\u00e5 fredag \u200b\u200bber mig att f\u00f6rnya min verksamhetsbas. <\/span><\/p>\n<p>  Att ta lite tid p\u00e5 att st\u00e4da upp r\u00f6ran. <\/p>\n<p>  Att dekorera om. <\/p>\n<p>  F\u00f6r att bekr\u00e4fta mig sj\u00e4lv i mitt utrymme. <\/p>\n<p class=\"p3\"><span class=\"s1\">Nym\u00e5nen p\u00e5 fredag \u200b\u200bhj\u00e4lper mig att l\u00e4ka ett djupt problem. <\/span><\/p>\n<p>  Genom min vilja att unders\u00f6ka vad som ligger bakom varje problem kan jag finna st\u00f6rre klarhet. <\/p>\n<p>  Genom min villighet att gr\u00e4va under mitt f\u00f6rsvar kan jag finna ett st\u00f6rre lugn. <\/p>\n<p>  Genom min f\u00f6rm\u00e5ga att vara \u00e4rlig mot mig sj\u00e4lv kan jag bli en b\u00e4ttre familjemedlem f\u00f6r m\u00e4nskligheten. <\/p>\n<p class=\"p3\"><span class=\"s1\">Den h\u00e4r veckan f\u00f6r med sig en v\u00e5g av energi som kan hj\u00e4lpa mina arbetsprojekt att g\u00e5 fram\u00e5t. <\/span><\/p>\n<p>  Det ger energi som brinner b\u00e4ttre p\u00e5 kontoret och i gymmet. <\/p>\n<p>  Det anv\u00e4nds b\u00e4st i tj\u00e4nsten f\u00f6r mina projekt som de tj\u00e4nar. <\/p>\n<p>  Det \u00e4r b\u00e4ttre att anv\u00e4nda det produktivt, punkt. <\/p>\n<p class=\"p1\" style=\"text-align: center;\"><span class=\"s1\"><b>Skytten och Skytten Ascendant <\/b><\/span><\/p>\n<p class=\"p3\"><span class=\"s1\">Nym\u00e5nen p\u00e5 fredag \u200b\u200bstartar en uppsj\u00f6 av aktiviteter i mitt liv. <\/span><\/p>\n<p>  Fredagens nym\u00e5ne ber mig att ta kontroll \u00f6ver mitt schema. <\/p>\n<p>  Han ber mig att klarg\u00f6ra vad som \u00e4r on\u00f6digt och att uppm\u00e4rksamma vad som \u00e4r mest br\u00e5dskande och n\u00f6dv\u00e4ndigt. <\/p>\n<p>  Han ber mig titta p\u00e5 grunden f\u00f6r mitt liv och se vad som m\u00e5ste finnas p\u00e5 plats f\u00f6r att allt annat ska kunna g\u00f6ras. <\/p>\n<p>  Han ber mig ta h\u00e4nsyn till mina grundl\u00e4ggande behov. <\/p>\n<p>  Han ber mig vara sn\u00e4ll i min bed\u00f6mning av vad jag \u00e4r v\u00e4rd att f\u00e5.<\/p>\n<p class=\"p3\"><span class=\"s1\">Jag till\u00e5ter mig sj\u00e4lv att f\u00e5 det st\u00f6d jag beh\u00f6ver.<\/span><\/p>\n<p class=\"p3\"><span class=\"s1\">Fredagens nym\u00e5ne l\u00e5ter mig veta att de relationer som \u00e4r avg\u00f6rande f\u00f6r att uppr\u00e4tth\u00e5lla strukturerna i mitt arbete och mitt liv beh\u00f6ver arbete och liv. <\/span><\/p>\n<p>  Jag kan beh\u00f6va stanna upp och ta itu med en relationsfr\u00e5ga i min familj. <\/p>\n<p>  Du kanske m\u00e5ste omdefiniera en gr\u00e4ns. <\/p>\n<p>  Jag kan beh\u00f6va destina om mitt utrymme eller omdefiniera mitt engagemang f\u00f6r det.<\/p>\n<p class=\"p3\"><span class=\"s1\">Nym\u00e5nen p\u00e5 fredag \u200b\u200buppmuntrar mig att ge den information jag har. <\/span><\/p>\n<p>  Det uppmuntrar mig att tala. <\/p>\n<p>  kreativt. <\/p>\n<p>  Tappert. <\/p>\n<p>  Att g\u00f6ra det med stor gl\u00e4dje utan att censurera min energi eller min passion. <\/p>\n<p>  Nym\u00e5nen p\u00e5 fredag \u200b\u200bs\u00e4tter mig i kontakt med m\u00e5nga, s\u00e5 jag ser till att vara en s\u00e5 tydlig informationskanal som m\u00f6jligt genom att st\u00e4ndigt fr\u00e5ga mig sj\u00e4lv vad jag har att s\u00e4ga och vad jag beh\u00f6ver veta tills vidare. <\/p>\n<p class=\"p1\" style=\"text-align: center;\"><span class=\"s1\"><b>Stenbocken och Stenbocken Ascendant<\/b><\/span><\/p>\n<p class=\"p3\"><span class=\"s1\">Fredag \u200b\u200bnym\u00e5ne starta om mitt ekonomiska liv. <\/span><\/p>\n<p>  Han fr\u00e5gar mig vad jag har f\u00f6r planer f\u00f6r n\u00e4sta \u00e5r h\u00e4r. <\/p>\n<p>  Han vill veta vad jag \u00e4r villig att arbeta med och vilka talanger jag \u00e4r villig att \u00e4gna mig \u00e5t att utveckla. <\/p>\n<p>  Nym\u00e5nens f\u00f6rm\u00e5ga att positivt p\u00e5verka mitt liv beror p\u00e5 min f\u00f6rm\u00e5ga att dyka upp beredd att g\u00f6ra jobbet. <\/p>\n<p class=\"p3\"><span class=\"s1\">Fredagens nym\u00e5ne ber\u00e4ttar f\u00f6r mig hur mycket av mitt liv som \u00e4r redo f\u00f6r en \u00e5terst\u00e4llning, men jag m\u00e5ste vrida p\u00e5 nyckeln f\u00f6r att starta motorn. <\/span><\/p>\n<p>  S\u00e5 jag t\u00e4nker p\u00e5 vilka f\u00e4rdigheter, vilka talanger och vilka tillg\u00e5ngar jag vill odla under det kommande \u00e5ret och vidtar l\u00e4mpliga \u00e5tg\u00e4rder f\u00f6r att f\u00f6rverkliga dessa \u00f6nskem\u00e5l. <\/p>\n<p class=\"p3\"><span class=\"s1\">Arbete \u00e4r den hemliga ingrediensen som g\u00f6r \u00f6nskningar till verklighet. <\/span><\/p>\n<p>  Jag \u00e4r inte r\u00e4dd f\u00f6r jobbet och tvekar inte heller att anta det. <\/p>\n<p class=\"p3\"><span class=\"s1\">Nym\u00e5nen p\u00e5 fredag \u200b\u200bintr\u00e4ffar under en tid som ocks\u00e5 tydligg\u00f6r behovet av en f\u00f6r\u00e4ndring i hemmet. <\/span><\/p>\n<p>  Oavsett om det \u00e4r en hemf\u00f6rb\u00e4ttring, en potentiell flytt eller ett behov av lite mer sj\u00e4lvst\u00e4ndighet och frihet fr\u00e5n familjefr\u00e5gor, hj\u00e4lper den h\u00e4r veckan mig att komma till k\u00e4rnfr\u00e5gorna jag beh\u00f6ver t\u00e4nka, prata om och l\u00e4ra mig om. <\/p>\n<p>  Jag har l\u00e4tt f\u00f6r m\u00e4nniskor som jag kan beh\u00f6va ha sv\u00e5ra samtal med, men jag attackerar fr\u00e5gor som m\u00e5ste dekonstrueras, definitivt. <\/p>\n<p class=\"p1\" style=\"text-align: center;\"><span class=\"s1\"><b>Vattumannen och Vattumannen reser sig<\/b><\/span><\/p>\n<p class=\"p3\"><span class=\"s1\">Jag anv\u00e4nder nym\u00e5nen p\u00e5 fredag \u200b\u200bf\u00f6r att f\u00f6rnya min relation med mig sj\u00e4lv. <\/span><\/p>\n<p>  Mitt liv \u00e4r ingen popularitetst\u00e4vling. <\/p>\n<p>  Jag lever mitt liv p\u00e5 ett s\u00e4tt som f\u00e5r mig att m\u00e5 bra med mig sj\u00e4lv. <\/p>\n<p>  Att bli omtyckt \u00e4r inte po\u00e4ngen. <\/p>\n<p>  Att kunna tycka om mig sj\u00e4lv \u00e4r dock. <\/p>\n<p class=\"p3\"><span class=\"s1\">Jag anv\u00e4nder nym\u00e5nen p\u00e5 fredag \u200b\u200bf\u00f6r att regenerera. <\/span><\/p>\n<p>  Jag v\u00e4nder mig inte till externa k\u00e4llor f\u00f6r min energi. <\/p>\n<p>  Min energi kommer inifr\u00e5n och jag hedrar vad jag beh\u00f6ver g\u00f6ra f\u00f6r att ladda om. <\/p>\n<p>  Hela v\u00e4rlden kan beh\u00f6va mig, men n\u00e4r jag \u00e4r i n\u00f6d ser jag till att jag blir m\u00e4tt f\u00f6rst. <\/p>\n<p class=\"p3\"><span class=\"s1\">Jag anv\u00e4nder nym\u00e5nen p\u00e5 fredag \u200b\u200bf\u00f6r att klarg\u00f6ra ett par saker. <\/span><\/p>\n<p>  F\u00f6r att fixa det jag beh\u00f6ver. <\/p>\n<p>  F\u00f6r att starta om beh\u00f6ver du mig. <\/p>\n<p>  F\u00f6r att frig\u00f6ra utrymme f\u00f6r ny tillv\u00e4xt. <\/p>\n<p class=\"p3\"><span class=\"s1\">Med f\u00f6rnyad energi, med ett sn\u00e4vt schema, med telefonen m\u00f6jligen ringande, balanserar jag intensiteten i mina dagar med den egenv\u00e5rd jag l\u00e4ngtar efter. <\/span><\/p>\n<p>  Den \u00f6kade aktiviteten jag upplever nu \u00e4r ingen olycka. <\/p>\n<p>  Alla saker som kommer in genom min d\u00f6rr har ocks\u00e5 v\u00e4ntat p\u00e5 min ankomst. <\/p>\n<p>  Jag \u00e4r redo f\u00f6r angrepp av ansvar och jag h\u00e5ller mig sj\u00e4lv ansvarig f\u00f6r mig sj\u00e4lv och min h\u00e4lsa. <\/p>\n<p class=\"p1\" style=\"text-align: center;\"><span class=\"s1\"><b>Fiskarna och Fiskarna Ascendant<\/b><\/span><\/p>\n<p class=\"p3\"><span class=\"s1\">Nym\u00e5nen p\u00e5 fredag \u200b\u200bp\u00e5minner mig om att ta hand om mina k\u00e4nslom\u00e4ssiga, psykologiska och andliga behov. <\/span><\/p>\n<p>  Det p\u00e5minner mig om att f\u00e5 tid f\u00f6r mig sj\u00e4lv. <\/p>\n<p>  Det p\u00e5minner mig om att du har \u00f6verskridit och inte gjort n\u00e5got annat \u00e4n att f\u00f6rst\u00f6ra en m\u00f6jlighet. <\/p>\n<p class=\"p3\"><span class=\"s1\">S\u00e5 jag tar tillf\u00e4llet i akt att k\u00e4nna mig ansluten med en lugnare uppl\u00f6sning. <\/span><\/p>\n<p>  N\u00e5got som \u00e4r byggt i mig. <\/p>\n<p>  N\u00e5got som kommer ur mitt djup. <\/p>\n<p>  N\u00e5got som kanske inte \u00e4r redo att definieras men som inte kan utmanas. <\/p>\n<p>  Jag tar tillf\u00e4llet i akt att f\u00f6rnya mitt engagemang f\u00f6r att vara i kontakt med min inre v\u00e4rld. <\/p>\n<p>  Den d\u00e4r rika, m\u00f6rka, djupa marken d\u00e4r min sj\u00e4l bor. <\/p>\n<p>  Den d\u00e4r b\u00f6rdiga platsen d\u00e4r jag kan f\u00f6rnya mig. <\/p>\n<p>  Det d\u00e4r vackra landet d\u00e4r ingen kan n\u00e5 mig, men d\u00e4r jag kan n\u00e5 mig sj\u00e4lv och f\u00f6rnyas av min tro p\u00e5 det som inte kan ses och inte kan brytas. <\/p>\n<p class=\"p3\"><span class=\"s1\">Om jag har gjort det b\u00e4sta jag kan p\u00e5 alla omr\u00e5den i mitt liv, d\u00e5 anv\u00e4nder jag denna nym\u00e5ne f\u00f6r att \u00f6va p\u00e5 bel\u00e5tenhet.<b> <\/b>Har jag gjort det jag var tvungen att g\u00f6ra?  Har jag visat mig f\u00f6r sv\u00e5righeterna i mina relationer?  Har jag kunnat klara av mitt ansvar p\u00e5 jobbet?  Har jag kunnat h\u00e5lla mina \u00e5taganden gentemot mig sj\u00e4lv och de andra m\u00e4nniskorna i mitt liv som \u00e4r beroende av mig och som jag \u00e4r beroende av?  I s\u00e5 fall \u00e4r jag ifred. <\/span><\/p>\n<p>  Jag sl\u00e4pper mina f\u00f6rv\u00e4ntningar och litar p\u00e5 att livet fungerar som det ska. <\/p>\n<p>Vi hoppas att du gillade v\u00e5r artikel New Moon in Aquarius: Affirmation Horoscopes and allt relaterat till horoskop, tarot, ritualer och allt relaterat.<\/p>\n<figure class=\"wp-block-table is-style-regular\">\n<\/figure>\n<p>Intressanta saker att veta inneb\u00f6rden: Horoskop  <\/p>\n<p>\u00c4ven h\u00e4r l\u00e4mnar vi \u00e4mnen relaterade till: Horoskop<\/p>\n<\/p>\n<p><\/p>\n<p>Vi hoppas att du gillade v\u00e5r artikel New Moon in Aquarius: Affirmation Horoscopes<br \/>\n och allt om horoskop, tarot, ritualer och allt relaterat till det &#8230;<\/p>\n<figure class=\"wp-block-table is-style-regular\">\n<table style=\"width: 284px; height: 157px;\">\n<tbody>\n<tr>\n<td class=\"has-text-align-center\" data-align=\"center\"><img loading=\"lazy\" decoding=\"async\" class=\"alignleft\" src=\" https:\/\/goroskop.tv\/wp-content\/uploads\/2023\/05\/horoscopodo12.jpg \" alt=\" New Moon in Aquarius: Affirmation Horoscopes\n \" width=\"65\" height=\"95\" title=\"\"><img loading=\"lazy\" decoding=\"async\" class=\"alignleft\" style=\"width: 60px;\" src=\" https:\/\/goroskop.tv\/wp-content\/uploads\/2023\/05\/horoscopodo11.jpg \" alt=\" New Moon in Aquarius: Affirmation Horoscopes\n \" width=\"195\" height=\"300\" title=\"\"><img decoding=\"async\" class=\"alignleft\" style=\"width: 60px;\" src=\" https:\/\/goroskop.tv\/wp-content\/uploads\/2023\/05\/horoscopodo10.jpg \" alt=\" New Moon in Aquarius: Affirmation Horoscopes\n \" title=\"\"><\/td>\n<\/tr>\n<\/tbody>\n<\/table>\n<\/figure>\n<p>Intressanta saker att veta inneb\u00f6rden: <a href=\"https:\/\/sv.wikipedia.org\/wiki\/Horoskop\" target=\"_blank\" rel=\"nofollow noopener\"> Horoskop <\/a> <\/p>\n<p>H\u00e4r l\u00e4mnar vi ocks\u00e5 \u00e4mnen relaterade till: <a href=\" https:\/\/goroskop.tv\/sw\/den-perfekta-kandispojkvannen-for-dig\/\">Horoskop<\/a> <\/p>\n<div id=\"ez-toc-container\" class=\"ez-toc-v2_0_82_2 ez-toc-wrap-center counter-hierarchy ez-toc-counter ez-toc-grey ez-toc-container-direction\">\n<div class=\"ez-toc-title-container\">\n<div class=\"ez-toc-title\" style=\"cursor:inherit\">Table of Contents<\/div>\n<span class=\"ez-toc-title-toggle\"><a href=\"#\" class=\"ez-toc-pull-right ez-toc-btn ez-toc-btn-xs ez-toc-btn-default ez-toc-toggle\" aria-label=\"Alternar tabla de contenidos\"><span class=\"ez-toc-js-icon-con\"><span class=\"\"><span class=\"eztoc-hide\" style=\"display:none;\">Toggle<\/span><span class=\"ez-toc-icon-toggle-span\"><svg style=\"fill: #999;color:#999\" xmlns=\"http:\/\/www.w3.org\/2000\/svg\" class=\"list-377408\" width=\"20px\" height=\"20px\" viewBox=\"0 0 24 24\" fill=\"none\"><path d=\"M6 6H4v2h2V6zm14 0H8v2h12V6zM4 11h2v2H4v-2zm16 0H8v2h12v-2zM4 16h2v2H4v-2zm16 0H8v2h12v-2z\" fill=\"currentColor\"><\/path><\/svg><svg style=\"fill: #999;color:#999\" class=\"arrow-unsorted-368013\" xmlns=\"http:\/\/www.w3.org\/2000\/svg\" width=\"10px\" height=\"10px\" viewBox=\"0 0 24 24\" version=\"1.2\" baseProfile=\"tiny\"><path d=\"M18.2 9.3l-6.2-6.3-6.2 6.3c-.2.2-.3.4-.3.7s.1.5.3.7c.2.2.4.3.7.3h11c.3 0 .5-.1.7-.3.2-.2.3-.5.3-.7s-.1-.5-.3-.7zM5.8 14.7l6.2 6.3 6.2-6.3c.2-.2.3-.5.3-.7s-.1-.5-.3-.7c-.2-.2-.4-.3-.7-.3h-11c-.3 0-.5.1-.7.3-.2.2-.3.5-.3.7s.1.5.3.7z\"\/><\/svg><\/span><\/span><\/span><\/a><\/span><\/div>\n<nav><ul class='ez-toc-list ez-toc-list-level-1 eztoc-toggle-hide-by-default' ><li class='ez-toc-page-1 ez-toc-heading-level-2'><a class=\"ez-toc-link ez-toc-heading-1\" href=\"https:\/\/goroskop.tv\/sw\/new-moon-in-aquarius-affirmation-horoscopes\/#New_Moon_in_Aquarius_Affirmation_Horoscopes\" >New Moon in Aquarius: Affirmation Horoscopes<\/a><\/li><\/ul><\/nav><\/div>\n","protected":false},"excerpt":{"rendered":"<p>New Moon in Aquarius: Affirmation Horoscopes #TipsAstroPro M\u00e5ndagen den 23 januari Merkurius i Stenbockens sextiler Neptunus i Fiskarna, b\u00e5da vid 10\u00b0 Onsdagen den 25 januari 2017 Venus konjunkt Chiron vid 22\u00b0 Fiskarna Fredagen den 27 januari Kvicksilver l\u00e4mnar skuggfasen Venus i Fiskarnas kvadrat Saturnus, b\u00e5da vid 24\u00b0 Nym\u00e5ne vid 8\u00b0 \u200b\u200bVattumannen kl. 16:07 PT Mars &hellip;<\/p>\n","protected":false},"author":1,"featured_media":17,"comment_status":"closed","ping_status":"closed","sticky":false,"template":"","format":"standard","meta":{"footnotes":""},"categories":[2],"tags":[13933,117,5723,1271],"class_list":["post-61551","post","type-post","status-publish","format-standard","has-post-thumbnail","hentry","category-horoskop","tag-affirmation","tag-aquarius","tag-horoscopes","tag-moon"],"_links":{"self":[{"href":"https:\/\/goroskop.tv\/sw\/wp-json\/wp\/v2\/posts\/61551","targetHints":{"allow":["GET"]}}],"collection":[{"href":"https:\/\/goroskop.tv\/sw\/wp-json\/wp\/v2\/posts"}],"about":[{"href":"https:\/\/goroskop.tv\/sw\/wp-json\/wp\/v2\/types\/post"}],"author":[{"embeddable":true,"href":"https:\/\/goroskop.tv\/sw\/wp-json\/wp\/v2\/users\/1"}],"replies":[{"embeddable":true,"href":"https:\/\/goroskop.tv\/sw\/wp-json\/wp\/v2\/comments?post=61551"}],"version-history":[{"count":0,"href":"https:\/\/goroskop.tv\/sw\/wp-json\/wp\/v2\/posts\/61551\/revisions"}],"wp:featuredmedia":[{"embeddable":true,"href":"https:\/\/goroskop.tv\/sw\/wp-json\/wp\/v2\/media\/17"}],"wp:attachment":[{"href":"https:\/\/goroskop.tv\/sw\/wp-json\/wp\/v2\/media?parent=61551"}],"wp:term":[{"taxonomy":"category","embeddable":true,"href":"https:\/\/goroskop.tv\/sw\/wp-json\/wp\/v2\/categories?post=61551"},{"taxonomy":"post_tag","embeddable":true,"href":"https:\/\/goroskop.tv\/sw\/wp-json\/wp\/v2\/tags?post=61551"}],"curies":[{"name":"wp","href":"https:\/\/api.w.org\/{rel}","templated":true}]}}