{"id":61973,"date":"2023-09-05T16:21:16","date_gmt":"2023-09-05T16:21:16","guid":{"rendered":"https:\/\/goroskop.tv\/sw\/horoskop-for-nymanen-i-skytten\/"},"modified":"2023-09-05T16:21:16","modified_gmt":"2023-09-05T16:21:16","slug":"horoskop-for-nymanen-i-skytten","status":"publish","type":"post","link":"https:\/\/goroskop.tv\/sw\/horoskop-for-nymanen-i-skytten\/","title":{"rendered":"Horoskop f\u00f6r nym\u00e5nen i Skytten-"},"content":{"rendered":"<p><\/p>\n<h2><span class=\"ez-toc-section\" id=\"Horoskop_for_nymanen_i_Skytten\"><\/span><span class=\"ez-toc-section\" id=\"Horoscopos_para_la_Luna_Nueva_en_Sagitario\"><\/span>  Horoskop f\u00f6r nym\u00e5nen i Skytten-<span class=\"ez-toc-section-end\"><\/span><span class=\"ez-toc-section-end\"><\/span><\/h2>\n<figure id=\"attachment_3718\" aria-describedby=\"caption-attachment-3718\" style=\"width: 1600px\" class=\"wp-caption aligncenter\">chani collage<\/figure>\n<p><b>6:y tambi\u00e9n december<\/b><b>han<\/b><\/p>\n<p><b><i>Rikta Mercury-stationer vid 27\u00b0 Scorpio<\/i><\/b><\/p>\n<p>P\u00e5 samma dag som en av \u00e5rets mest gynnsamma nym\u00e5nar indikerar Merkurius ansikte riktningen f\u00f6r efectiva r\u00f6relser. <\/p>\n<p>  N\u00e4r planeterna \u00e4ndrar riktning drar de till sig fokus. <\/p>\n<p>  Mercury direktstationen hindras inte av n\u00e5gon annan planet, vilket g\u00f6r den \u00e4nnu mer anv\u00e4ndbar och i linje med dagens nystart. <\/p>\n<p>  Det betyder ocks\u00e5 att Merkurius snart kommer in i Skytten igen och kommer att sammanfoga Jupiter f\u00f6r andra g\u00e5ngen i detta tecken. <\/p>\n<p>  Detta ger oss ytterligare en m\u00f6jlighet att skicka och ta emot goda nyheter under de kommande veckorna.<\/p>\n<p>F\u00f6r n\u00e4rvarande \u00e4r bara Uranus i retrograd, vilket g\u00f6r det till en av de mest retrogradfria zonerna 2018. <\/p>\n<p>Med lite p\u00e5 v\u00e5rt s\u00e4tt \u00e4r det den perfekta tiden att b\u00f6rja arbeta med det vi mest vill ska manifestera denna m\u00e5ncykel.<\/p>\n<p><b><i>23:20 PT \u2013 Nym\u00e5ne vid 15\u00b0 Skytten<\/i><\/b><\/p>\n<p>Den sista nym\u00e5nen 2018 har oss dejtat p\u00e5 en otroligt h\u00f6g ton. <\/p>\n<p>  Tillsammans med Jupiter, dess h\u00e4rskare, \u00e4r denna nym\u00e5ne gynnsamt bel\u00e4gen. <\/p>\n<p>  Jupiter \u00e4lskar att hj\u00e4lpa till. <\/p>\n<p>  Det \u00e4r en planet som ger generositet d\u00e4r den saknades. <\/p>\n<p>  En energi av f\u00f6rnyelse d\u00e4r det fanns en f\u00f6rlust av tro. <\/p>\n<p>  Jupiter tar det som var platt och fyller det i tredimensionell form. <\/p>\n<p>  En nym\u00e5ne i samma tecken som Jupiter, med s\u00e5dan kraft, genomsyrar allt vi startar i detta \u00f6gonblick med en speciell kosmisk s\u00e5s.<\/p>\n<p>Den h\u00e4r nym\u00e5nen \u00e4r enorm i sina erbjudanden och uppmuntrar oss att bli en kanal f\u00f6r dess g\u00e5vor. <\/p>\n<p>  B\u00e5de Jupiter och Skytten \u00e4r andliga i sina str\u00e4vanden, och n\u00e4r de fokuseras p\u00e5 generositet \u00e4r andlighet en kraft utan dess like. <\/p>\n<p>  Denna nym\u00e5ne p\u00e5minner oss om att vi blir vad vi kan ge. <\/p>\n<p>  Vi lyckas n\u00e4r vi \u00e4r s\u00e4kra nog att dela med oss \u200b\u200bav det vi har utan att beh\u00f6va ber\u00f6m i geng\u00e4ld. <\/p>\n<p>  Jupiter i Skytten och denna nym\u00e5ne vill instruera oss i den subtila konsten att tro p\u00e5 v\u00e5r f\u00f6rm\u00e5ga att expandera oavsett vem som f\u00f6redrar att vi f\u00f6rblir sm\u00e5.<\/p>\n<p>Skytten r\u00f6r sig. <\/p>\n<p>  Han k\u00e4nner lite nederlag p\u00e5 grund av sitt stora driv. <\/p>\n<p>  Den m\u00e5ste galoppera mot en horisont, oavsett hur l\u00e5ngt, l\u00e5ngt eller osannolikt, h\u00e5nande belackare p\u00e5 v\u00e4gen. <\/p>\n<p>  Denna nym\u00e5ne uppmuntrar oss att agera p\u00e5 v\u00e5r deducible visdom och utveckla en koppling till den n\u00e4r vi g\u00e5r.<span class=\"Apple-converted-space\"> <\/span><\/p>\n<p>Med denna nym\u00e5ne har vi f\u00f6rm\u00e5gan att g\u00e5 vidare med det som tidigare verkade om\u00f6jligt, ofattbart eller ouppn\u00e5eligt.<span class=\"Apple-converted-space\"> <\/span><\/p>\n<p>M\u00e5 vi alla komma vidare och blomstra.<\/p>\n<p><i>F\u00f6r en guidad l\u00e4sning, ritual och meditation p\u00e5 ditt tecken f\u00f6r denna gynnsamma nym\u00e5ne, g\u00e5 med mig f\u00f6r <\/i><i>En taller f\u00f6r Nym\u00e5nen i Skytten, Fullm\u00e5nen i Kr\u00e4ftan och Lunar Cycle fr\u00e5n 6 december till 4 januari (PLUS Bonussolst\u00e5nd och ritualer f\u00f6r intentionsinst\u00e4llning 2019)<\/i><i>.<\/i><\/p>\n<p><b>7 december<\/b><b>han<\/b><\/p>\n<p><b><i>Mars konjunkt med Neptunus vid 13\u00b0 Fiskarna<\/i><\/b><\/p>\n<p>Det h\u00e4r \u00e4r en konstig och s\u00f6t koppling. <\/p>\n<p>  Konstigt eftersom Mars \u00e4r planeten f\u00f6r direkt och avg\u00f6rande handling och Neptunus \u00e4r allt annat \u00e4n direkt. <\/p>\n<p>  Avalons dimmor har ingenting p\u00e5 denna planet. <\/p>\n<p>  Omslutande Mars i dess berusande och desorienterande \u00e5ngor, anv\u00e4nds dagens astrologi b\u00e4st f\u00f6r att f\u00f6rest\u00e4lla oss och fantisera om vart vi vill \u00e5ka. <\/p>\n<p>  Att ta sig dit \u00e4r inte n\u00f6dv\u00e4ndigtvis f\u00f6r idag, men om vi g\u00f6r det kommer det att vara genom att ta de mest skakiga v\u00e4garna eller ren nyb\u00f6rjarlycka.<span class=\"Apple-converted-space\"> <\/span><\/p>\n<p><b>12 december<\/b><b>han<\/b><\/p>\n<p><b><i>Merkurius g\u00e5r in i Skytten igen<\/i><\/b><\/p>\n<p>De vanliga sv\u00e5righeterna som Merkurius i Skytten har uppv\u00e4gs av v\u00e4lsignelsen att vara med sin nuvarande h\u00e4rskare, Jupiter. <\/p>\n<p>  Merkurius g\u00f6r stora planer, men har ocks\u00e5 energin och entusiasmen att genomf\u00f6ra dem. <\/p>\n<p>  Att handla p\u00e5 enbart tro kan vara riskabelt, men Merkurius kommer att f\u00e5 oss att g\u00f6ra det ett tag. <\/p>\n<p>  Se vad som kan uppn\u00e5s genom att tro p\u00e5 dig sj\u00e4lv och uppmuntra dina b\u00e4sta anstr\u00e4ngningar. <\/p>\n<p><b>16 december<\/b><b>han<\/b><\/p>\n<p><b><i>Venus i Skorpionen sextil Saturnus i Stenbocken, b\u00e5da vid 9\u00b0<\/i><\/b><\/p>\n<p>Dagens astrologi hj\u00e4lper oss att utf\u00f6ra stora uppgifter med liten anstr\u00e4ngning och mycket gl\u00e4dje. <\/p>\n<p>  Venus och Saturnus m\u00f6ts f\u00f6r att p\u00e5minna oss om att produktiva partnerskap inspirerar v\u00e5r mognad. <\/p>\n<p>  De \u00e5taganden som \u00e4r r\u00e4tt f\u00f6r oss inspirerar till n\u00e5got som \u00e4r v\u00e4sentligt f\u00f6r v\u00e5r framtid. <\/p>\n<p>  Koppla dig till dem som f\u00e5r dig att vilja visa dig sj\u00e4lv som allt du kan vara.<span class=\"Apple-converted-space\"> <\/span><\/p>\n<p><b><i>Mars i Fiskarna sextil Pluto i Stenbocken, b\u00e5da vid 19\u00b0<\/i><\/b><\/p>\n<p>Mars och Pluto, som en duo, f\u00f6rdjupar v\u00e5rt momentum. <\/p>\n<p>  Dessa tv\u00e5 uppmuntrar oss att tro p\u00e5 v\u00e5r makt s\u00e5 att vi kan f\u00e5 det annars till synes om\u00f6jliga att h\u00e4nda. <\/p>\n<p>  Dessa tv\u00e5 \u00e4r otroligt \u00f6vertygande och uppmuntrar oss att g\u00f6ra det b\u00e4sta av det vi har n\u00e4r vi arbetar med det p\u00e5 alla s\u00e4tt vi kan.<span class=\"Apple-converted-space\"> <\/span><\/p>\n<p><b>20 december<\/b><b>han<\/b><\/p>\n<p><b><i>Sol i Skytten trigon Uranus i V\u00e4duren, b\u00e5da vid 28\u00b0<\/i><\/b><\/p>\n<p>N\u00e4r solen och Uranus m\u00f6ts hj\u00e4lper de oss att hitta s\u00e4tt att lyckas med v\u00e5r f\u00f6rm\u00e5ga att definiese oss sj\u00e4lva. <\/p>\n<p>  Att vara sann mot dig \u00e4r inget annat \u00e4n revolutionerande, och genom att g\u00f6ra det inspirerar du andra runt dig att g\u00f6ra detsamma. <\/p>\n<p>  Denna kedjereaktion hj\u00e4lper oss alla att t\u00e4nka utanf\u00f6r ramarna och hitta kreativa l\u00f6sningar p\u00e5 v\u00e5ra mest angel\u00e4gna problem. <\/p>\n<p><b>21 december<\/b><b>gata<\/b><b><span class=\"Apple-converted-space\"> <\/span><\/b><\/p>\n<p><b><i>Venus i Skorpionstrigon Neptunus i Fiskarna, b\u00e5da vid 13\u00b0<span class=\"Apple-converted-space\"> <\/span><\/i><\/b><\/p>\n<p>Idag hj\u00e4lper b\u00e5de Venus och Merkurius till att fira solst\u00e5ndet p\u00e5 r\u00e4tt s\u00e4tt. <\/p>\n<p>  Venus och Neptunus trigoner varandra skapar en idealisk k\u00e4rlekshistoria. <\/p>\n<p>  Denna episka duo anser att hj\u00e4rtat \u00e4r en helig plats att bygga. <\/p>\n<p>  Dagens astrologi spelar en dr\u00f6msk, romantisk l\u00e5t som soundtracket till v\u00e5ra vildaste fantasier. <\/p>\n<p>  Det \u00e4r mer \u00e4n troligt att dina fantasier kommer att avsl\u00f6ja sin sanning idag.<span class=\"Apple-converted-space\"> <\/span><\/p>\n<p><b><i>Merkurius konjunkterade Jupiter vid 9\u00b0 Skytten<span class=\"Apple-converted-space\"> <\/span><\/i><\/b><\/p>\n<p>F\u00f6r andra g\u00e5ngen under den senaste m\u00e5naden m\u00f6ts Merkurius och Jupiter i Skytten (den f\u00f6rsta var den 27 november). <\/p>\n<p>  Denna kombination \u00e4r hoppl\u00f6st trol\u00f6s och kr\u00e4ver att bara de mest entusiastiska id\u00e9erna kommer fram. <\/p>\n<p>  Perfekt f\u00f6r peptalk och festplaner, den h\u00e4r solst\u00e5ndsastrologin blir inget mindre \u00e4n sensationell.<span class=\"Apple-converted-space\"> <\/span><\/p>\n<p><b><i>Solst\u00e5ndet, solen g\u00e5r in i Stenbocken kl. 14:23 PT<\/i><\/b><\/p>\n<p>P\u00e5 norra halvklotet markerar den kortaste dagen och den l\u00e4ngsta natten ocks\u00e5 tidpunkten f\u00f6r solens \u00e5terkomst till l\u00e4ngre vistelser. <\/p>\n<p>  Vintersolst\u00e5ndet firas som solens \u00e5terf\u00f6delse och \u00e4r en tid d\u00e5 m\u00e5nga av v\u00e5ra f\u00f6rf\u00e4der utf\u00f6rde ritualer f\u00f6r att v\u00e4lkomna den. <\/p>\n<p>  Detta \u00e4r en process som \u00e4r lika psykologisk som andlig eller s\u00e4songsbetonad. <\/p>\n<p>  Handlingen att \u00e5tervinna ljuset \u00e4r en d\u00e4r vi ber att v\u00e5rt samvete ska v\u00e4ckas.<span class=\"Apple-converted-space\"> <\/span><\/p>\n<p>Vad jobbar du med f\u00f6r att bli mer medveten?  Anv\u00e4nd solst\u00e5ndet f\u00f6r att plantera fr\u00f6et till den avsikten.<span class=\"Apple-converted-space\"> <\/span><\/p>\n<p>Vintersolst\u00e5ndet \u00e4r en tid f\u00f6r att samlas med andra, t\u00e4nda lyktor, s\u00e4tta intentioner som kommer att v\u00e4xa med v\u00e4rmen fr\u00e5n solens uppg\u00e5ende ljus (som en nym\u00e5ne) och fira m\u00f6rkrets helande krafter. <\/p>\n<p>  Med en str\u00e5lande fullm\u00e5ne den 22 december kan denna natthimlen vara l\u00e5ng, men den lyser ocks\u00e5 av o\u00e4ndliga m\u00e4ngder inspiration.<\/p>\n<p>P\u00e5 s\u00f6dra halvklotet kommer sommarsolst\u00e5ndet. <\/p>\n<p>  Dagarna \u00e4r l\u00e4ngst och n\u00e4tterna kortast. <\/p>\n<p>  Att fira denna \u00e5rstid \u00e4r att gl\u00e4djas \u00e5t triumfen av ljus, v\u00e4rme och jordens \u00f6verfl\u00f6d. <\/p>\n<p>  Det \u00e4r ocks\u00e5 att uppskatta m\u00f6rkret som kommer h\u00e4rifr\u00e5n och ut. <\/p>\n<p>  Allt i naturen \u00e4r balanserat, och att fira dess rytmer p\u00e5minner oss om att g\u00f6ra detsamma.<\/p>\n<p>Solen kommer att finnas kvar i Stenbocken till den 20 januari.<\/p>\n<p><i>Dina nym\u00e5nehoroskop \u00e4r t\u00e4nkta att l\u00e4sas som en bekr\u00e4ftelse. <\/i><\/p>\n<p>  V\u00e4nligen omformulera vid behov. <\/p>\n<p>  Om du k\u00e4nner till b\u00e5de ditt stigande tecken och ditt soltecken, l\u00e4s b\u00e5da horoskopen. <\/p>\n<p>  B\u00e5da inneh\u00e5ller viktig information. <\/p>\n<p>  Du kommer att veta vilken som resonerar mest f\u00f6r dig veckan efter vecka. <\/p>\n<p>  Ta det som fungerar f\u00f6r dig, l\u00e4mna resten. <\/p>\n<p>  Om du vill dela detta arbete m\u00e5ste du citera det och l\u00e4nka till denna publikation och webbplats. <\/p>\n<p>  Tack f\u00f6r ditt st\u00f6d och f\u00f6r att du sprider ordet, vi uppskattar verkligen det och dig!<\/p>\n<p style=\"text-align: center;\"><b>Aries och Aries Ascendant<\/b><\/p>\n<p>Jag vet att mitt liv \u00e4r rikligt p\u00e5 grund av de v\u00e4lsignelser jag v\u00e4ljer att fokusera p\u00e5. <\/p>\n<p>  Jag vet att v\u00e4lsignelser som f\u00f6rbises har liten kraft j\u00e4mf\u00f6rt med de som f\u00f6rst\u00e4rks, f\u00f6rh\u00f6js och ges en plats p\u00e5 mitt livs mantel. <\/p>\n<p>  Jag vet att \u00e4ven n\u00e4r m\u00e4nniskor, platser och saker sviker mig, har jag n\u00e5gra tacksamhetsnycklar som st\u00f6djer mitt samvete.<span class=\"Apple-converted-space\"> <\/span><\/p>\n<p>Jag ser tillbaka p\u00e5 mitt liv och v\u00e4grar k\u00e4nna n\u00e5got annat \u00e4n medk\u00e4nsla f\u00f6r allt jag har k\u00e4mpat f\u00f6r. <\/p>\n<p>  Jag har tacksamhet f\u00f6r allt de har gett mig och k\u00e4rlek till de stigar jag har haft turen att f\u00e5 g\u00e5.<\/p>\n<p>Jag k\u00e4nner mig nedstr\u00f6ms f\u00f6rm\u00f6genheten. <\/p>\n<p>  Jag vidtar de \u00e5tg\u00e4rder som aktiverar min potential. <\/p>\n<p>  Jag g\u00e5r sj\u00e4lvs\u00e4kert mot en framtid som k\u00e4nner mig. <\/p>\n<p>  Att kunna lyssna, st\u00e4mma in p\u00e5 mitt inre \u00f6ra och anpassa mina beslut efter mina instinkter \u00e4r mark\u00f6ren f\u00f6r min tillv\u00e4xt. <\/p>\n<p>  Jag beh\u00f6ver ingen annans regelbok f\u00f6r att lyckas. <\/p>\n<p>  Om jag har goda v\u00e4nner som \u00e4r villiga att utmana mig att g\u00f6ra det b\u00e4ttre lika mycket som de \u00e4r villiga att \u00e4lska mig genom det enkla och det extrema, s\u00e5 \u00e4r jag bland de rikaste m\u00e4nniskorna i v\u00e4rlden. <\/p>\n<p>planet.<span class=\"Apple-converted-space\"> <\/span><\/p>\n<p>Nym\u00e5nen i december p\u00e5minner mig om att sikta in mig p\u00e5 det jag \u00e4lskar mest, l\u00e4ngtar efter och l\u00e4ngtar efter. <\/p>\n<p>  \u00c4ven om jag aldrig kommer dit, kommer jag \u00e5tminstone inte att sl\u00f6sa bort ett \u00f6gonblick p\u00e5 att komma dit jag verkligen inte vill vara. <\/p>\n<p>  Jag lovar mig sj\u00e4lv att jag inte kommer att \u00e4gna ett \u00f6gonblick av 2019 \u00e5t att fundera p\u00e5 om jag kan g\u00f6ra det jag fick h\u00e4r, att vackla p\u00e5 om jag \u00e4r v\u00e4rd det, eller tjata om mig sj\u00e4lv p\u00e5 n\u00e5got s\u00e4tt, form eller form. <\/p>\n<p><i>F\u00f6r en guidad l\u00e4sning, ritual och meditation p\u00e5 ditt tecken f\u00f6r denna gynnsamma nym\u00e5ne, g\u00e5 med mig f\u00f6r <\/i><i>En taller f\u00f6r Nym\u00e5nen i Skytten, Fullm\u00e5nen i Kr\u00e4ftan och Lunar Cycle fr\u00e5n 6 december till 4 januari (PLUS Bonussolst\u00e5nd och ritualer f\u00f6r intentionsinst\u00e4llning 2019)<\/i><i>.<\/i><\/p>\n<p style=\"text-align: center;\"><b>Oxen och Taurus Ascendant<\/b><\/p>\n<p>December nym\u00e5ne p\u00e5minner mig om vad som \u00e4r m\u00f6jligt n\u00e4r jag placerar mig i de samh\u00e4llen som inspirerar mina b\u00e4sta anstr\u00e4ngningar och erbjuder mig deras. <\/p>\n<p>  De som vet hur man ut\u00f6kar sin r\u00e4ckvidd genom glada och gener\u00f6sa kontakter med livet. <\/p>\n<p>  De som skapar utrymmen d\u00e4r andra kan l\u00e4ka och hj\u00e4lpa sig sj\u00e4lva. <\/p>\n<p>  De som vet att ge \u00e4r det enda guld som \u00e4r v\u00e4rt att utvinna.<span class=\"Apple-converted-space\"> <\/span><\/p>\n<p>Den generositet jag f\u00e5r fr\u00e5n andra \u00e4r \u00f6dmjuk. <\/p>\n<p>  Den generositet som jag f\u00f6rmedlar fr\u00e5n andra \u00e4r helande. <\/p>\n<p>  Den generositet jag f\u00e5r fr\u00e5n andra \u00e4r den perfekta motpolen till den fientlighet som den h\u00e4r v\u00e4rlden genererar dagligen. <\/p>\n<p>  Jag \u00e4r djupt tacksam f\u00f6r allt du ger mig, varje dag. <\/p>\n<p>  Jag vet att jag v\u00e4xer genom de samarbeten som energiskt kan matcha mig, utmana mig och uppmuntra mig och uppmuntra mig.<\/p>\n<p>Att skapa v\u00e4lst\u00e5nd inneb\u00e4r att jag v\u00e4grar att st\u00e5 still. <\/p>\n<p>  Generositeten fl\u00f6dar och jag l\u00e4r mig att r\u00f6ra mig med den. <\/p>\n<p>  N\u00e4r jag \u00e4r r\u00e4dd f\u00f6r att f\u00f6r\u00e4ndras, f\u00f6r att v\u00e4xa och expandera genom de m\u00f6jligheter som andra erbjuder mig, vet jag hur jag ska fr\u00e5ga mig sj\u00e4lv varf\u00f6r. <\/p>\n<p>  Jag vet att det \u00e4r f\u00f6rst\u00e5eligt att vara r\u00e4dd f\u00f6r vad du kan f\u00f6rlora, men det h\u00e4r \u00e4r ingen plats att bygga ett hem p\u00e5.<\/p>\n<p><i>F\u00f6r en guidad l\u00e4sning, ritual och meditation p\u00e5 ditt tecken f\u00f6r denna gynnsamma nym\u00e5ne, g\u00e5 med mig f\u00f6r <\/i><i>En taller f\u00f6r Nym\u00e5nen i Skytten, Fullm\u00e5nen i Kr\u00e4ftan och Lunar Cycle fr\u00e5n 6 december till 4 januari (PLUS Bonussolst\u00e5nd och ritualer f\u00f6r intentionsinst\u00e4llning 2019)<\/i><i>.<\/i><\/p>\n<p style=\"text-align: center;\"><b>Gemini och Gemini Ascendant<\/b><\/p>\n<p>Nym\u00e5nen i december p\u00e5minner mig om hur heliga mina relationer \u00e4r. <\/p>\n<p>  Mitt liv expanderar eller krymper alltid genom mina valda f\u00f6reningar, s\u00e5 jag v\u00e4ljer dem noggrant. <\/p>\n<p>  Jag vet att ju mer jag l\u00e4ker, desto mindre beh\u00f6ver jag behaga. <\/p>\n<p>  Ju mindre jag beh\u00f6ver gl\u00e4djas, desto mer utrymme finns f\u00f6r f\u00f6reningar som vimlar av njutning och syfte.<span class=\"Apple-converted-space\"> <\/span><\/p>\n<p>Jag \u00e4r inte h\u00e4r f\u00f6r att d\u00e4mpa min glans eftersom andra inte kan hantera sin reflektion.<span class=\"Apple-converted-space\"> <\/span><\/p>\n<p>Med denna nym\u00e5ne f\u00f6rbinder jag mig igen att uppleva \u00f6verfl\u00f6d av en bra passform. <\/p>\n<p>  Med denna nym\u00e5ne p\u00e5minns jag om t\u00e5lamod f\u00f6r allt som fortfarande letar sig fram till mig. <\/p>\n<p>  Med den h\u00e4r nym\u00e5nen v\u00e4grar jag att k\u00e4nna att jag g\u00e5r miste om de associationer jag \u00f6nskar inte har f\u00f6rverkligats \u00e4nnu. <\/p>\n<p>  Jag vet vid det h\u00e4r laget att min f\u00f6rm\u00e5ga att meditera p\u00e5 den energi jag vill attrahera \u00e4r det mest kraftfulla och kraftfulla uttalande jag kan g\u00f6ra. <\/p>\n<p>  Det \u00e4r en handling som hj\u00e4lper mig att lista ut vem jag ska jaga och vem jag ska sl\u00e4ppa taget. <\/p>\n<p>  Ju mer jag uppm\u00e4rksammar vad som verkar passa ihop, desto mindre intresserad \u00e4r jag av att ljuga f\u00f6r mig sj\u00e4lv n\u00e4r n\u00e5got inte passar. <\/p>\n<p>  Ju mer jag ger mig sj\u00e4lv, desto \u00f6mmare kan jag vara med det som \u00e4r sv\u00e5rt.<\/p>\n<p>Med denna nym\u00e5ne lovar jag att skapa utrymmen d\u00e4r \u00f6msesidig tillv\u00e4xt \u00e4r ett faktum, oberoende hyllas och de fackf\u00f6reningar som den skapar med andra \u00e4r en f\u00e4stning f\u00f6r att ladda br\u00e4nsle.<span class=\"Apple-converted-space\"> <\/span><\/p>\n<p><i>F\u00f6r en guidad l\u00e4sning, ritual och meditation p\u00e5 ditt tecken f\u00f6r denna gynnsamma nym\u00e5ne, g\u00e5 med mig f\u00f6r <\/i><i>En taller f\u00f6r Nym\u00e5nen i Skytten, Fullm\u00e5nen i Kr\u00e4ftan och Lunar Cycle fr\u00e5n 6 december till 4 januari (PLUS Bonussolst\u00e5nd och ritualer f\u00f6r intentionsinst\u00e4llning 2019)<\/i><i>.<\/i><\/p>\n<p style=\"text-align: center;\"><b>Cancer och uppkomsten av cancer<\/b><\/p>\n<p>Med nym\u00e5nen i december lovar jag att \u00f6vervinna de attityder som hindrar mitt arbete fr\u00e5n att expandera. <\/p>\n<p>  Jag noterar var jag tenderar att sakna tacksamhet. <\/p>\n<p>  Jag unders\u00f6ker mina system f\u00f6r f\u00f6rbittring som leder till min egen brist p\u00e5 anstr\u00e4ngning. <\/p>\n<p>  Jag g\u00f6r det till en prioritet att analysera vad han kan g\u00f6ra. <\/p>\n<p>  Ist\u00e4llet f\u00f6r att vara defensiv prioriterar jag att hitta s\u00e4tt att vara produktiv. <\/p>\n<p>  Jag g\u00f6r mitt b\u00e4sta f\u00f6r att se till att sv\u00e5ra saker kommuniceras med en s\u00e5 skicklig och omt\u00e4nksam k\u00e4nsla som m\u00f6jligt, men jag v\u00e4grar att fastna i det som inte \u00e4r l\u00f6sningsorienterat.<span class=\"Apple-converted-space\"> <\/span><\/p>\n<p>Jag \u00e4r engagerad i att f\u00f6rest\u00e4lla mig professionella l\u00f6sningar p\u00e5 alla arbetsplatsproblem.<span class=\"Apple-converted-space\"> <\/span><\/p>\n<p>Den h\u00e4r nym\u00e5nen p\u00e5minner mig om att jag \u00f6kar min f\u00f6rm\u00e5ga att sk\u00f6ta det arbete jag helst vill g\u00f6ra. <\/p>\n<p>  Jag \u00e4r fokuserad p\u00e5 det \u00f6verfl\u00f6d av bra saker som jag kan ge och ta emot i alla mina yrkespositioner.<span class=\"Apple-converted-space\"> <\/span><\/p>\n<p>Jag \u00e4r i partnerskap med mitt yrkesliv. <\/p>\n<p>  Jag \u00e4r i ett st\u00e4ndigt f\u00f6r\u00e4nderligt, st\u00e4ndigt utvecklande, st\u00e4ndigt blommande utbyte med allt jag jobbar med. <\/p>\n<p>  Jag v\u00e4grar att vara en martyr f\u00f6r denna process och ser ist\u00e4llet vad som h\u00e4nder n\u00e4r jag n\u00e4rmar mig den med en attityd av styrka, sj\u00e4lvf\u00f6rtroende och \u00f6verfl\u00f6d.<span class=\"Apple-converted-space\"> <\/span><\/p>\n<p>Jag \u00e4r dedikerad till att g\u00e5 in i 2019 med en policy om inget gn\u00e4ll, ingen r\u00e4tt och ingen lojalitet till n\u00e5got som sl\u00f6sar bort min talang. <\/p>\n<p>  Det finns lite som kan stoppa mig n\u00e4r jag \u00e4r villig att arbeta, undra och \u00f6vervinna alla behov av att g\u00f6ra m\u00e4nniskor n\u00f6jda. <\/p>\n<p>  Min talang l\u00e4r mig allt jag kan g\u00f6ra n\u00e4r jag arbetar utanf\u00f6r de f\u00f6rv\u00e4ntningar som andra har p\u00e5 mig.<span class=\"Apple-converted-space\"> <\/span><\/p>\n<p><i>F\u00f6r en guidad l\u00e4sning, ritual och meditation p\u00e5 ditt tecken f\u00f6r denna gynnsamma nym\u00e5ne, g\u00e5 med mig f\u00f6r <\/i><i>En taller f\u00f6r Nym\u00e5nen i Skytten, Fullm\u00e5nen i Kr\u00e4ftan och Lunar Cycle fr\u00e5n 6 december till 4 januari (PLUS Bonussolst\u00e5nd och ritualer f\u00f6r intentionsinst\u00e4llning 2019)<\/i><i>.<\/i><\/p>\n<p style=\"text-align: center;\"><b>Leo och Leo Ascendant<\/b><\/p>\n<p>Nym\u00e5nen i december p\u00e5minner mig om den o\u00e4ndliga kraften i min v\u00e4lanv\u00e4nda kreativa energi. <\/p>\n<p>  H\u00e4llt i beh\u00e5llare som respekterar mig och h\u00e5ller mig intresserad, \u00e4r min kreativa drivkraft en kraft som genererar sina egna m\u00f6jligheter. <\/p>\n<p>  Jag vet att att utveckla f\u00f6rm\u00e5gan att hitta r\u00e4tt passform \u00e4r en f\u00e4rdighet i sig, s\u00e5 jag finslipar mitt f\u00f6rh\u00e5llande med min deducible kunskap. <\/p>\n<p>Jag vet n\u00e4r n\u00e5got k\u00e4nns r\u00e4tt. <\/p>\n<p>  Jag vet n\u00e4r n\u00e5got k\u00e4nns fel. <\/p>\n<p>  Jag vet skillnaden mellan vad som \u00e4r mitt och vad som \u00e4r intressant, sp\u00e4nnande, men i slut\u00e4ndan inte f\u00f6r mig. <\/p>\n<p>  Jag trycker inte p\u00e5 saker som tillh\u00f6r n\u00e5gon annan.<span class=\"Apple-converted-space\"> <\/span><\/p>\n<p>Jag sparar min energi f\u00f6r att g\u00e5 mot det som kallar mig till det.<span class=\"Apple-converted-space\"> <\/span><\/p>\n<p>Jag vet att tacksamhet \u00e4r en givare. <\/p>\n<p>  Jag vet att ju mer jag tackar f\u00f6r m\u00f6jligheterna i mitt liv, desto mer minns jag att jag s\u00e5g dem som s\u00e5dana. <\/p>\n<p>  Den r\u00e4tta det grumlar mitt omd\u00f6me, f\u00f6rbitrar min sj\u00e4l och begr\u00e4nsar min f\u00f6rm\u00e5ga att skapa. <\/p>\n<p>  Ju mer jag kommer till mina kreativa projekt med en k\u00e4nsla av f\u00f6rundran och undran \u00f6ver vad de avsl\u00f6jar f\u00f6r mig, desto mer kan jag tj\u00e4na dig.<\/p>\n<p><i>F\u00f6r en guidad l\u00e4sning, ritual och meditation p\u00e5 ditt tecken f\u00f6r denna gynnsamma nym\u00e5ne, g\u00e5 med mig f\u00f6r <\/i><i>En taller f\u00f6r Nym\u00e5nen i Skytten, Fullm\u00e5nen i Kr\u00e4ftan och Lunar Cycle fr\u00e5n 6 december till 4 januari (PLUS Bonussolst\u00e5nd och ritualer f\u00f6r intentionsinst\u00e4llning 2019)<\/i><i>.<\/i><\/p>\n<p style=\"text-align: center;\"><b>Jungfrun och Jungfrun reser sig<\/b><\/p>\n<p>Riken i att odla ett inre liv slutar aldrig att f\u00f6rv\u00e5na mig. <\/p>\n<p>  Varje g\u00e5ng jag l\u00e4ker n\u00e5gon del av mitt f\u00f6rflutna kan jag uppleva mer av min potential. <\/p>\n<p>  Ju mer jag tappar intresset f\u00f6r relationer som bara dinglar l\u00f6ftet om anslutning framf\u00f6r mig, desto mer vet jag att jag \u00e4r \u00e4lskv\u00e4rd. <\/p>\n<p>  Ju mer jordad jag k\u00e4nner mig, desto mindre intresserad \u00e4r jag av att g\u00f6ra saker som saboterar mina anstr\u00e4ngningar.<span class=\"Apple-converted-space\"> <\/span><\/p>\n<p>Nym\u00e5nen i december p\u00e5minner mig om att f\u00f6r att ha ett framg\u00e5ngsrikt 2019 m\u00e5ste jag k\u00e4nna hem. <\/p>\n<p>  Jag kan inte f\u00f6rst\u00e5 vad jag \u00e4r kapabel till om jag har lite eller ingen plats att kalla min egen. <\/p>\n<p>  Jag \u00e4r villig att g\u00f6ra vad som helst f\u00f6r att bygga den, och jag \u00e4r v\u00e4rd det arbete som kr\u00e4vs f\u00f6r att g\u00f6ra de stabila strukturer som mina dr\u00f6mmar beh\u00f6ver. <\/p>\n<p>  Jag jobbar p\u00e5 att bota det jag kan med familjen. <\/p>\n<p>  Jag anstr\u00e4nger mig f\u00f6r att ge mer till dem som hj\u00e4lper mig att k\u00e4nna till sambandet. <\/p>\n<p>  Jag \u00e4gnar min energi \u00e5t att ta hand om mina k\u00e4rnbehov, v\u00e4rderingar och \u00f6nskem\u00e5l.<span class=\"Apple-converted-space\"> <\/span><\/p>\n<p>Med denna nym\u00e5ne ger jag mig sj\u00e4lv till\u00e5telse att blomstra i de omr\u00e5den som jag har blivit nekad eller nekad. <\/p>\n<p>  Jag vet att krympning aldrig \u00e4r ett krav som jag m\u00e5ste st\u00e4lla p\u00e5 mig sj\u00e4lv. <\/p>\n<p>  Jag vet att framg\u00e5ng \u00e4r en \u00e4ra som inte alla har, s\u00e5 hur jag \u00e4n f\u00e5r det s\u00e5 tar jag det.<span class=\"Apple-converted-space\"> <\/span><\/p>\n<p><i>F\u00f6r en guidad l\u00e4sning, ritual och meditation p\u00e5 ditt tecken f\u00f6r denna gynnsamma nym\u00e5ne, g\u00e5 med mig f\u00f6r <\/i><i>En taller f\u00f6r Nym\u00e5nen i Skytten, Fullm\u00e5nen i Kr\u00e4ftan och Lunar Cycle fr\u00e5n 6 december till 4 januari (PLUS Bonussolst\u00e5nd och ritualer f\u00f6r intentionsinst\u00e4llning 2019)<\/i><i>.<\/i><\/p>\n<p style=\"text-align: center;\"><b>V\u00e5gen och v\u00e5gens uppkomst<\/b><\/p>\n<p>December nym\u00e5ne \u00f6ppnar en m\u00e5nad som g\u00f6r det tydligt hur kraftfull min kommunikation \u00e4r. <\/p>\n<p>  Jag ser till att vara direkt om vad jag beh\u00f6ver, vad jag vill s\u00e4ga och vad jag har f\u00f6r avsikter. <\/p>\n<p>  Ju l\u00e4ngre fram jag kan vara, desto mer kan jag utveckla mina kontakter p\u00e5 s\u00e4tt som betyder mest f\u00f6r mig. <\/p>\n<p>  Dessa dagar \u00e4r fulla av l\u00e4rdomar om vilka som \u00e4r med i mitt team och att de \u00e4r p\u00e5 en helt annan planet.<span class=\"Apple-converted-space\"> <\/span><\/p>\n<p>Jag g\u00e5r med gravitationskraften som \u00e4r lika fin som den \u00e4r kraftfull. <\/p>\n<p>  Jag fyller min vardag med ett stort antal aktiviteter som \u00e5terst\u00e4ller min balans. <\/p>\n<p>  Jag vet att alla klagom\u00e5l jag har om att jag inte har tillr\u00e4ckligt med tid bara p\u00e5verkar min f\u00f6rm\u00e5ga att maximera de \u00f6gonblick jag har. <\/p>\n<p>  Jag v\u00e4grar att vara p\u00e5 min dags infall. <\/p>\n<p>  Jag s\u00e4tter mig sj\u00e4lv i mitt schema och f\u00f6rvandlar lite tid till kvalitetsuppm\u00e4rksamhetstid f\u00f6r mig sj\u00e4lv.<span class=\"Apple-converted-space\"> <\/span><\/p>\n<p>Jag uppm\u00e4rksammar de meddelanden som kommer till mig. <\/p>\n<p>  Jag \u00e4r i kontakt med mycket fler m\u00e4nniskor \u00e4n vanligt, men jag \u00e4r ocks\u00e5 i kontakt med mycket mer energi \u00e4n vanligt. <\/p>\n<p>  Jag avvisar eller f\u00f6rminskar inte mina deducible ledtr\u00e5dar och ledtr\u00e5dar. <\/p>\n<p>  Ist\u00e4llet f\u00f6ljer jag dem och noterar varje g\u00e5ng de leder mig till n\u00e5got of\u00f6ruts\u00e4gbart gl\u00e4djefullt, viktigt eller f\u00f6r\u00f6dande sant. <\/p>\n<p>  Jag vet att de ger mig ledtr\u00e5dar om anvisningarna att f\u00f6lja under dagen. <\/p>\n<p>  Ju mer jag bygger denna muskel, desto starkare blir min koppling till hela mitt liv.<\/p>\n<p><i>F\u00f6r en guidad l\u00e4sning, ritual och meditation p\u00e5 ditt tecken f\u00f6r denna gynnsamma nym\u00e5ne, g\u00e5 med mig f\u00f6r <\/i><i>En taller f\u00f6r Nym\u00e5nen i Skytten, Fullm\u00e5nen i Kr\u00e4ftan och Lunar Cycle fr\u00e5n 6 december till 4 januari (PLUS Bonussolst\u00e5nd och ritualer f\u00f6r intentionsinst\u00e4llning 2019)<\/i><i>.<\/i><\/p>\n<p style=\"text-align: center;\"><b>Scorpio och Scorpio Ascendant<\/b><\/p>\n<p>Nym\u00e5nen i december hj\u00e4lper mig att f\u00f6rst\u00e5 hur ofta jag har m\u00f6jligheten att f\u00f6rverkliga mina dr\u00f6mmar. <\/p>\n<p>  Att ha en viss talang \u00e4r n\u00e5got vi alla har gemensamt;  att ha f\u00f6rm\u00e5gan att utveckla det \u00e4r det inte. <\/p>\n<p>  Jag \u00e4r otroligt tacksam f\u00f6r alla s\u00e4tt jag kan gr\u00e4va djupare, utforska och ge mina g\u00e5vor. <\/p>\n<p>  \u00d6dmjuk \u00f6ver hur mycket jag fortfarande har att l\u00e4ra, hittar jag alla m\u00f6jliga s\u00e4tt att finslipa min praktik.<span class=\"Apple-converted-space\"> <\/span><\/p>\n<p>Nu kan jag k\u00e4nna effekten av att uppmuntra mina resurser att avsl\u00f6ja sig sj\u00e4lva. <\/p>\n<p>  Ju mer jag jobbar med dem, desto mer kan jag f\u00f6rst\u00e5 vad de vill g\u00f6ra. <\/p>\n<p>  Varje tillg\u00e5ng jag anv\u00e4nder hj\u00e4lper mig att f\u00f6rst\u00e5 hur jag b\u00e4ttre kan tj\u00e4na v\u00e4rlden. <\/p>\n<p>  Tillv\u00e4xten \u00e4r inte bara min. <\/p>\n<p>  Ju mer jag kan erbjuda, desto mer f\u00f6rs\u00e4tter jag mig i den positionen att ta emot.<span class=\"Apple-converted-space\"> <\/span><\/p>\n<p>Jag vet att de s\u00e4tter mig h\u00e4r f\u00f6r att trivas, men inte bara f\u00f6r mig.<span class=\"Apple-converted-space\"> <\/span><\/p>\n<p>Med den h\u00e4r nym\u00e5nen arbetar jag f\u00f6r att reda ut alla antaganden som mitt ego gjort, speciellt om min storhet, \u00f6verl\u00e4gsenhet eller o\u00f6vervinnlighet. <\/p>\n<p>  P\u00e5 det s\u00e4ttet kan jag f\u00f6rst\u00e5 sanningen om mina talanger och v\u00e4lsignelser och uppleva dem med stor tacksamhet. <\/p>\n<p><i>F\u00f6r en guidad l\u00e4sning, ritual och meditation p\u00e5 ditt tecken f\u00f6r denna gynnsamma nym\u00e5ne, g\u00e5 med mig f\u00f6r <\/i><i>En taller f\u00f6r Nym\u00e5nen i Skytten, Fullm\u00e5nen i Kr\u00e4ftan och Lunar Cycle fr\u00e5n 6 december till 4 januari (PLUS Bonussolst\u00e5nd och ritualer f\u00f6r intentionsinst\u00e4llning 2019)<\/i><i>.<\/i><\/p>\n<p style=\"text-align: center;\"><b>Skytten och Skytten Ascendant<span class=\"Apple-converted-space\"> <\/span><\/b><\/p>\n<p>Decembernym\u00e5nen \u00e4r definitivt en av de viktigaste de senaste \u00e5ren f\u00f6r mig. <\/p>\n<p>  Jag har inte l\u00e4ngre lyxen att d\u00f6lja vem jag \u00e4r, \u00e4ven om jag aldrig har tyckt det \u00e4r s\u00e4rskilt njutbart. <\/p>\n<p>  Jag har inte l\u00e4ngre f\u00f6rm\u00e5nen att l\u00e5tsas att jag inte bryr mig om mina starkaste dr\u00f6mmar (genom att g\u00f6ra det undertryckte jag bara mina system och min f\u00f6rm\u00e5ga att k\u00e4nna gl\u00e4dje). <\/p>\n<p>  Jag har inte l\u00e4ngre n\u00e5got intresse av att passa in, ett symptom p\u00e5 det m\u00e4nskliga tillst\u00e5ndet som g\u00f6r mig mer till en robot \u00e4n originalet som jag verkligen \u00e4r.<span class=\"Apple-converted-space\"> <\/span><\/p>\n<p>Det har kommit till min k\u00e4nnedom att det \u00e4r dags att ge upp all form av konventionell tr\u00f6st jag kan f\u00e5 genom att undertrycka mitt naturliga tillst\u00e5nd. <\/p>\n<p>  Jag \u00e4r fri att vara mitt glada, h\u00f6gljudda, l\u00f6jligt respektl\u00f6sa\/v\u00f6rdnadsfulla jag. <\/p>\n<p>  Det har kommit till min k\u00e4nnedom att f\u00f6r mycket kreativ energi vill rinna igenom mig f\u00f6r att fastna i vad andra anser vara respektabelt.<span class=\"Apple-converted-space\"> <\/span><\/p>\n<p>Jag vet att jag m\u00e5ste ta konsekvenserna av var och en av mina handlingar. <\/p>\n<p>  Jag vet att jag m\u00e5ste ta p\u00e5 mig b\u00f6rdan av min framtid genom att visa mig sj\u00e4lv och ta ansvar f\u00f6r mig sj\u00e4lv. <\/p>\n<p>  Jag vet att ingen kan leva mitt liv utom jag, s\u00e5 jag tar tillf\u00e4llet i akt att f\u00f6rklara att min gl\u00e4dje \u00e4r helig, min tacksamhet \u00e4r kraftfull och min entusiasm \u00e4r det som leder mig till min n\u00e4sta handling.<span class=\"Apple-converted-space\"> <\/span><\/p>\n<p>2019 g\u00f6r jag det klart att om det inte ringer p\u00e5 min d\u00f6rr s\u00e5 svarar jag inte.<span class=\"Apple-converted-space\"> <\/span><\/p>\n<p><i>F\u00f6r en guidad l\u00e4sning, ritual och meditation p\u00e5 ditt tecken f\u00f6r denna gynnsamma nym\u00e5ne, g\u00e5 med mig f\u00f6r <\/i><i>En taller f\u00f6r Nym\u00e5nen i Skytten, Fullm\u00e5nen i Kr\u00e4ftan och Lunar Cycle fr\u00e5n 6 december till 4 januari (PLUS Bonussolst\u00e5nd och ritualer f\u00f6r intentionsinst\u00e4llning 2019)<\/i><i>.<\/i><\/p>\n<p style=\"text-align: center;\"><b>Stenbocken och Stenbocken Ascendant<\/b><\/p>\n<p>Nym\u00e5nen i december p\u00e5minner mig om att de st\u00f6rsta prestationerna \u00e4r lika kopplade till mitt inre liv som de \u00e4r till det yttre. <\/p>\n<p>  Jag tar detta \u00f6gonblick f\u00f6r att komma ih\u00e5g vad som uppfyller mig p\u00e5 alla niv\u00e5er, med vetskapen om att det konkreta beviset p\u00e5 min tillv\u00e4xt \u00e4r lika viktigt som mitt k\u00e4nslom\u00e4ssiga, mentala och andliga v\u00e4lbefinnande. <\/p>\n<p>  H\u00e4lsan \u00e4r inte ensidig. <\/p>\n<p>  Det \u00e4r en m\u00e5ngfacetterad ekvation. <\/p>\n<p>  Jag \u00e4r st\u00e4ndigt f\u00e4ngslad av kopplingen mellan det arbete jag g\u00f6r internt och dess inverkan p\u00e5 mitt yrke, relationer och prestationer.<span class=\"Apple-converted-space\"> <\/span><\/p>\n<p>December markerar startpunkten f\u00f6r mitt behov av j\u00e4kt och b\u00f6rjar d\u00e4rmed en s\u00e4song d\u00e4r jag beh\u00f6ver anlita det som \u00e4r n\u00e4ringsrikt.<span class=\"Apple-converted-space\"> <\/span><\/p>\n<p>Allt arbete jag g\u00f6r bakom kulisserna just nu \u00e4r absolut n\u00f6dv\u00e4ndigt f\u00f6r min framtida tillv\u00e4xt. <\/p>\n<p>  Det \u00e4r inte alltid l\u00e4tt att lita p\u00e5 processer som inte f\u00e5r omedelbara ber\u00f6m, appl\u00e5der eller genombrott, men det \u00e4r d\u00e4r jag f\u00f6r n\u00e4rvarande bygger styrka. <\/p>\n<p>Nym\u00e5nen i december p\u00e5minner mig om att lita p\u00e5 mina inre motiv. <\/p>\n<p>  Jag utvecklar min f\u00f6rm\u00e5ga att lita p\u00e5 det som beh\u00f6ver utrymme i mitt livs privata omr\u00e5den, avsk\u00e4rmad fr\u00e5n sken av offentlig kritik tills det hinner bli sig sj\u00e4lv. <\/p>\n<p>  Ingen pappa s\u00e4tter sin son p\u00e5 scen utan f\u00f6rbereda sig ordentligt f\u00f6r situationen. <\/p>\n<p>  Jag kommer inte att be mina skapelser om n\u00e5got de inte redan \u00e4r villiga, redo eller kan ge. <\/p>\n<p>  Jag \u00e4r gener\u00f6s med allt i mitt liv som beh\u00f6ver mig f\u00f6r att skydda det.<span class=\"Apple-converted-space\"> <\/span><\/p>\n<p><i>F\u00f6r en guidad l\u00e4sning, ritual och meditation p\u00e5 ditt tecken f\u00f6r denna gynnsamma nym\u00e5ne, g\u00e5 med mig f\u00f6r <\/i><i>En taller f\u00f6r Nym\u00e5nen i Skytten, Fullm\u00e5nen i Kr\u00e4ftan och Lunar Cycle fr\u00e5n 6 december till 4 januari (PLUS Bonussolst\u00e5nd och ritualer f\u00f6r intentionsinst\u00e4llning 2019)<\/i><i>.<\/i><\/p>\n<p style=\"text-align: center;\"><b>Vattumannen och Vattumannen reser sig<\/b><\/p>\n<p>Decembernym\u00e5nen p\u00e5minner mig om hur viktigt det \u00e4r att vara n\u00e4ra dem som vet hur man skapar sin egen gl\u00e4dje. <\/p>\n<p>  De som vet hur man bygger ett hem f\u00f6r sin lycka. <\/p>\n<p>  De som vet hur de ska arbeta f\u00f6r sin egen tillfredsst\u00e4llelse utan att binda sig till f\u00f6rbittring f\u00f6r det de inte fick.<span class=\"Apple-converted-space\"> <\/span><\/p>\n<p>Jag kan ha blivit tilldelad en or\u00e4ttvis hand, men det finns inget som f\u00e5r mig att falla snabbare \u00e4n att fokusera p\u00e5 hur mycket jag inte har. <\/p>\n<p>  Jag vet hur man p\u00e5pekar or\u00e4ttvisor samtidigt som jag f\u00e5r tillg\u00e5ng till kraften i min gl\u00e4dje, n\u00f6je och f\u00f6rm\u00e5ga att forts\u00e4tta spela i mitt liv. <\/p>\n<p>  Jag vet att det finns en stor lycka i min villighet att omfamna sk\u00f6nheten i detta \u00f6gonblick samtidigt som jag \u00e4r uppm\u00e4rksam och arbetar f\u00f6r att demontera det som \u00e4r ruttet i centrum.<span class=\"Apple-converted-space\"> <\/span><\/p>\n<p>Jag l\u00e5ter segrarna f\u00f6r vad andra upplever f\u00f6rnya min beslutsamhet att forma mina egna inspirationer. <\/p>\n<p>  Alla j\u00e4mf\u00f6relser som uppst\u00e5r omdirigeras till f\u00f6rs\u00f6k att skapa mitt liv som jag vill att det ska vara. <\/p>\n<p>  Jag f\u00f6rd\u00f6mer eller f\u00f6rtrycker inte n\u00e5gon av mina reaktioner p\u00e5 de framg\u00e5ngar som andra upplever. <\/p>\n<p>  Jag l\u00e5ter det bara informera mig om mina f\u00f6rm\u00e5gor och p\u00e5minner mig om att vara tacksam f\u00f6r de alternativ som finns tillg\u00e4ngliga f\u00f6r mig. <\/p>\n<p>  Det finns s\u00e5 m\u00e5nga g\u00e5vor som kommer till mig genom mina samh\u00e4llen och jag kommer inte att kv\u00e4va eller bromsa dem genom att inte vara villig att omfamna det som redan \u00e4r \u00f6verfl\u00f6dande vackert i mitt liv.<span class=\"Apple-converted-space\"> <\/span><\/p>\n<p><i>F\u00f6r en guidad l\u00e4sning, ritual och meditation p\u00e5 ditt tecken f\u00f6r denna gynnsamma nym\u00e5ne, g\u00e5 med mig f\u00f6r <\/i><i>En taller f\u00f6r Nym\u00e5nen i Skytten, Fullm\u00e5nen i Kr\u00e4ftan och Lunar Cycle fr\u00e5n 6 december till 4 januari (PLUS Bonussolst\u00e5nd och ritualer f\u00f6r intentionsinst\u00e4llning 2019)<\/i><i>.<\/i><\/p>\n<p style=\"text-align: center;\"><b>Fiskarna och Fiskarna Ascendant<\/b><\/p>\n<p>Nym\u00e5nen i december hj\u00e4lper mig att fokusera min energi p\u00e5 det som just nu fungerar i min karri\u00e4r. <\/p>\n<p>  Det p\u00e5minner mig om att f\u00f6rstora mina g\u00e5vor genom att vara tacksam f\u00f6r dem. <\/p>\n<p>  Det kallar mig att \u00e4ga de verktyg jag har f\u00e5tt genom att vara verklig om vad jag beh\u00f6ver arbeta med.<span class=\"Apple-converted-space\"> <\/span><\/p>\n<p>Jag vet att min framg\u00e5ng \u00e4r en blandning av att anstr\u00e4nga mig med lite eller ingen sj\u00e4lv\u00f6mkan i processen. <\/p>\n<p>  Jag kanske \u00e4r tr\u00f6tt. <\/p>\n<p>  Jag kanske beh\u00f6ver en paus. <\/p>\n<p>  Men jag \u00e5ngrar inte mitt privilegium eller f\u00f6rbannar de villkor som \u00e4r r\u00e4ttvisa men inte hur jag vill ha dem.<span class=\"Apple-converted-space\"> <\/span><\/p>\n<p>Jag \u00e4r en annan sorts estrella.<span class=\"Apple-converted-space\"> <\/span><\/p>\n<p>Jag \u00e4r en mod healer. <\/p>\n<p>  Jag \u00e4r en compassion facilitator. <\/p>\n<p>  Jag \u00e4r en deep dealer. <\/p>\n<p>  Jag \u00e4r h\u00e4r f\u00f6r att v\u00e4xa p\u00e5 alla s\u00e4tt jag kan, b\u00e5de i v\u00e4rlden och i relation till mig sj\u00e4lv. <\/p>\n<p>  Jag vet att medan jag g\u00f6r detta beror kvaliteten p\u00e5 b\u00e5da p\u00e5 var och en. <\/p>\n<p>  V\u00e4rlden beh\u00f6ver mig f\u00f6r att ge den det b\u00e4sta jag kan, men det \u00e4r om\u00f6jligt om jag h\u00e5ller mig utanf\u00f6r allt som f\u00e5r kvalitet. <\/p>\n<p>tid.<span class=\"Apple-converted-space\"> <\/span><\/p>\n<p>2019 vill att jag ska expandera ut\u00f6ver vad jag trodde var m\u00f6jligt f\u00f6r ett \u00e5r sedan, men det kr\u00e4ver ocks\u00e5 att jag g\u00f6r det samtidigt som jag engagerar mig fullt ut f\u00f6r att f\u00f6rs\u00f6rja mig s\u00e5 \u00e4rligt som m\u00f6jligt. <\/p>\n<p>  Jag h\u00e5ller mig n\u00e4ra min sanning s\u00e5 att jag inte ljuger f\u00f6r v\u00e4rlden om vem och vad jag \u00e4r.<\/p>\n<p><i>F\u00f6r en guidad l\u00e4sning, ritual och meditation p\u00e5 ditt tecken f\u00f6r denna gynnsamma nym\u00e5ne, g\u00e5 med mig f\u00f6r <\/i><i>En taller f\u00f6r Nym\u00e5nen i Skytten, Fullm\u00e5nen i Kr\u00e4ftan och Lunar Cycle fr\u00e5n 6 december till 4 januari (PLUS Bonussolst\u00e5nd och ritualer f\u00f6r intentionsinst\u00e4llning 2019)<\/i><i>.<\/i><\/p>\n<p>Vi hoppas att du gillade v\u00e5r artikel Horoskop f\u00f6r nym\u00e5nen i Skytten &#8211; och allt relaterat till horoskop, tarot, ritualer och allt relaterat.<\/p>\n<figure class=\"wp-block-table is-style-regular\">\n<\/figure>\n<p>Intressanta saker att veta inneb\u00f6rden: Horoskop  <\/p>\n<p>\u00c4ven h\u00e4r l\u00e4mnar vi \u00e4mnen relaterade till: Horoskop<\/p>\n<\/p>\n<p><\/p>\n<p>Vi hoppas att du gillade v\u00e5r artikel Horoskop f\u00f6r nym\u00e5nen i Skytten-<br \/>\n och allt om horoskop, tarot, ritualer och allt relaterat till det &#8230;<\/p>\n<figure class=\"wp-block-table is-style-regular\">\n<table style=\"width: 284px; height: 157px;\">\n<tbody>\n<tr>\n<td class=\"has-text-align-center\" data-align=\"center\"><img loading=\"lazy\" decoding=\"async\" class=\"alignleft\" src=\" https:\/\/goroskop.tv\/wp-content\/uploads\/2023\/05\/horoscopodo12.jpg \" alt=\" Horoskop f\u00f6r nym\u00e5nen i Skytten-\n \" width=\"65\" height=\"95\" title=\"\"><img loading=\"lazy\" decoding=\"async\" class=\"alignleft\" style=\"width: 60px;\" src=\" https:\/\/goroskop.tv\/wp-content\/uploads\/2023\/05\/horoscopodo11.jpg \" alt=\" Horoskop f\u00f6r nym\u00e5nen i Skytten-\n \" width=\"195\" height=\"300\" title=\"\"><img decoding=\"async\" class=\"alignleft\" style=\"width: 60px;\" src=\" https:\/\/goroskop.tv\/wp-content\/uploads\/2023\/05\/horoscopodo10.jpg \" alt=\" Horoskop f\u00f6r nym\u00e5nen i Skytten-\n \" title=\"\"><\/td>\n<\/tr>\n<\/tbody>\n<\/table>\n<\/figure>\n<p>Intressanta saker att veta inneb\u00f6rden: <a href=\"https:\/\/sv.wikipedia.org\/wiki\/Horoskop\" target=\"_blank\" rel=\"nofollow noopener\"> Horoskop <\/a> <\/p>\n<p>H\u00e4r l\u00e4mnar vi ocks\u00e5 \u00e4mnen relaterade till: <a href=\" https:\/\/goroskop.tv\/sw\/den-perfekta-kandispojkvannen-for-dig\/\">Horoskop<\/a> <\/p>\n<div id=\"ez-toc-container\" class=\"ez-toc-v2_0_82_2 ez-toc-wrap-center counter-hierarchy ez-toc-counter ez-toc-grey ez-toc-container-direction\">\n<div class=\"ez-toc-title-container\">\n<div class=\"ez-toc-title\" style=\"cursor:inherit\">Table of Contents<\/div>\n<span class=\"ez-toc-title-toggle\"><a href=\"#\" class=\"ez-toc-pull-right ez-toc-btn ez-toc-btn-xs ez-toc-btn-default ez-toc-toggle\" aria-label=\"Alternar tabla de contenidos\"><span class=\"ez-toc-js-icon-con\"><span class=\"\"><span class=\"eztoc-hide\" style=\"display:none;\">Toggle<\/span><span class=\"ez-toc-icon-toggle-span\"><svg style=\"fill: #999;color:#999\" xmlns=\"http:\/\/www.w3.org\/2000\/svg\" class=\"list-377408\" width=\"20px\" height=\"20px\" viewBox=\"0 0 24 24\" fill=\"none\"><path d=\"M6 6H4v2h2V6zm14 0H8v2h12V6zM4 11h2v2H4v-2zm16 0H8v2h12v-2zM4 16h2v2H4v-2zm16 0H8v2h12v-2z\" fill=\"currentColor\"><\/path><\/svg><svg style=\"fill: #999;color:#999\" class=\"arrow-unsorted-368013\" xmlns=\"http:\/\/www.w3.org\/2000\/svg\" width=\"10px\" height=\"10px\" viewBox=\"0 0 24 24\" version=\"1.2\" baseProfile=\"tiny\"><path d=\"M18.2 9.3l-6.2-6.3-6.2 6.3c-.2.2-.3.4-.3.7s.1.5.3.7c.2.2.4.3.7.3h11c.3 0 .5-.1.7-.3.2-.2.3-.5.3-.7s-.1-.5-.3-.7zM5.8 14.7l6.2 6.3 6.2-6.3c.2-.2.3-.5.3-.7s-.1-.5-.3-.7c-.2-.2-.4-.3-.7-.3h-11c-.3 0-.5.1-.7.3-.2.2-.3.5-.3.7s.1.5.3.7z\"\/><\/svg><\/span><\/span><\/span><\/a><\/span><\/div>\n<nav><ul class='ez-toc-list ez-toc-list-level-1 eztoc-toggle-hide-by-default' ><li class='ez-toc-page-1 ez-toc-heading-level-2'><a class=\"ez-toc-link ez-toc-heading-1\" href=\"https:\/\/goroskop.tv\/sw\/horoskop-for-nymanen-i-skytten\/#Horoskop_for_nymanen_i_Skytten\" >Horoskop f\u00f6r nym\u00e5nen i Skytten-<\/a><\/li><\/ul><\/nav><\/div>\n","protected":false},"excerpt":{"rendered":"<p>Horoskop f\u00f6r nym\u00e5nen i Skytten- chani collage 6:y tambi\u00e9n decemberhan Rikta Mercury-stationer vid 27\u00b0 Scorpio P\u00e5 samma dag som en av \u00e5rets mest gynnsamma nym\u00e5nar indikerar Merkurius ansikte riktningen f\u00f6r efectiva r\u00f6relser. N\u00e4r planeterna \u00e4ndrar riktning drar de till sig fokus. Mercury direktstationen hindras inte av n\u00e5gon annan planet, vilket g\u00f6r den \u00e4nnu mer anv\u00e4ndbar &hellip;<\/p>\n","protected":false},"author":1,"featured_media":20,"comment_status":"closed","ping_status":"closed","sticky":false,"template":"","format":"standard","meta":{"footnotes":""},"categories":[2],"tags":[7,206,2601,438],"class_list":["post-61973","post","type-post","status-publish","format-standard","has-post-thumbnail","hentry","category-horoskop","tag-for","tag-horoskop","tag-nymanen","tag-skytten"],"_links":{"self":[{"href":"https:\/\/goroskop.tv\/sw\/wp-json\/wp\/v2\/posts\/61973","targetHints":{"allow":["GET"]}}],"collection":[{"href":"https:\/\/goroskop.tv\/sw\/wp-json\/wp\/v2\/posts"}],"about":[{"href":"https:\/\/goroskop.tv\/sw\/wp-json\/wp\/v2\/types\/post"}],"author":[{"embeddable":true,"href":"https:\/\/goroskop.tv\/sw\/wp-json\/wp\/v2\/users\/1"}],"replies":[{"embeddable":true,"href":"https:\/\/goroskop.tv\/sw\/wp-json\/wp\/v2\/comments?post=61973"}],"version-history":[{"count":0,"href":"https:\/\/goroskop.tv\/sw\/wp-json\/wp\/v2\/posts\/61973\/revisions"}],"wp:featuredmedia":[{"embeddable":true,"href":"https:\/\/goroskop.tv\/sw\/wp-json\/wp\/v2\/media\/20"}],"wp:attachment":[{"href":"https:\/\/goroskop.tv\/sw\/wp-json\/wp\/v2\/media?parent=61973"}],"wp:term":[{"taxonomy":"category","embeddable":true,"href":"https:\/\/goroskop.tv\/sw\/wp-json\/wp\/v2\/categories?post=61973"},{"taxonomy":"post_tag","embeddable":true,"href":"https:\/\/goroskop.tv\/sw\/wp-json\/wp\/v2\/tags?post=61973"}],"curies":[{"name":"wp","href":"https:\/\/api.w.org\/{rel}","templated":true}]}}