{"id":63279,"date":"2023-09-05T21:12:29","date_gmt":"2023-09-05T21:12:29","guid":{"rendered":"https:\/\/goroskop.tv\/sw\/manformorkelsen-i-skytten-juni-2020\/"},"modified":"2023-09-05T21:12:29","modified_gmt":"2023-09-05T21:12:29","slug":"manformorkelsen-i-skytten-juni-2020","status":"publish","type":"post","link":"https:\/\/goroskop.tv\/sw\/manformorkelsen-i-skytten-juni-2020\/","title":{"rendered":"M\u00e5nf\u00f6rm\u00f6rkelsen i Skytten \u2013 juni 2020"},"content":{"rendered":"<p><\/p>\n<h2><span class=\"ez-toc-section\" id=\"Manformorkelsen_i_Skytten_%E2%80%93_juni_2020\"><\/span><span class=\"ez-toc-section\" id=\"El_Eclipse_Lunar_en_Sagitario_%E2%80%93_Junio_%E2%80%8B%E2%80%8B2020\"><\/span>  M\u00e5nf\u00f6rm\u00f6rkelsen i Skytten \u2013 juni 2020<span class=\"ez-toc-section-end\"><\/span><span class=\"ez-toc-section-end\"><\/span><\/h2>\n<p><span style=\"font-weight: 400;\">Vi beh\u00f6ver en fantastisk visi\u00f3n, en obeveklig fantasi och en bottenl\u00f6s grop av mod att dra ur. <\/span><\/p>\n<p>  Vi beh\u00f6ver ramar som uppr\u00e4tth\u00e5ller m\u00f6jligheten till kollektiv h\u00e4lsa och gemensamt v\u00e4lbefinnande. <\/p>\n<p>  Vi m\u00e5ste investera i v\u00e5rdsystem som \u00e4r s\u00e5 starka att de kan f\u00e5nga oss n\u00e4r vi faller och b\u00e4ra oss genom de mest utmanande passagerna i v\u00e5r kollektiva evolution. <\/p>\n<p><span style=\"font-weight: 400;\">V\u00e5ra nuvarande system f\u00f6r f\u00e4ngelse skapades historiskt f\u00f6r att kriminalisera svarta m\u00e4nniskor och beh\u00e5lla vit \u00f6verh\u00f6ghet vid makten. <\/span><\/p>\n<p>  De kommer alltid att avsl\u00f6jas som de or\u00e4ttvisas gravar de \u00e4r. <\/p>\n<p>  Detta \u00f6gonblick \u00e4r en skarp p\u00e5minnelse om fasorna i det. <\/p>\n<p>  Detta v\u00e4lbeh\u00f6vliga utbrott \u00e4r refr\u00e4ngen till en l\u00e4ngesjungen protestl\u00e5t om att bli av med skadliga system och \u00e5terinvestera i <span style=\"font-weight: 400;\">V\u00e5rdn\u00e4tverk som bejakar och f\u00f6rb\u00e4ttrar livet, generativa och gener\u00f6sa.<\/span><span style=\"font-weight: 400;\"> <\/span><\/p>\n<p><span style=\"font-weight: 400;\">De som f\u00f6rvr\u00e4nger detta \u00f6gonblick med sina egna uppmaningar till of\u00f6rtj\u00e4nt enhet f\u00f6rs\u00f6ker st\u00f6ra detta uppror. <\/span><\/p>\n<p>  Om mitt i en revolution v\u00e5r sjukdom avsl\u00f6jas, \u00e4r det bra. <\/p>\n<p><span style=\"font-weight: 400;\">Packar upp v\u00e5rt vita privilegium<\/span><span style=\"font-weight: 400;\">    (och alla v\u00e5ra privilegier) \u00e4r t\u00e4nkt att utmana varje del av v\u00e5ra liv som har gjorts or\u00e4ttvist l\u00e4tt. <\/span><\/p>\n<p>  Solidaritet betyder ingenting om den inte ocks\u00e5 avvecklar v\u00e5r or\u00e4ttvist uppn\u00e5dda makt. <\/p>\n<p>  Fred \u00e4r ibland bara m\u00f6jlig n\u00e4r vi \u00e4r f\u00f6renade i st\u00f6rningar.<\/p>\n<p><b>Venus, planet f\u00f6r f\u00f6rening, harmoni och relationer, har varit i retrograd sedan den 13 maj.<\/b><span style=\"font-weight: 400;\">    N\u00e4r Venus \u00e4r retrograd ges vi m\u00f6jligheten att se \u00f6ver vad som orsakar motsatsen till enhet: separation, isolering, or\u00e4ttvisa. <\/span><\/p>\n<p>  Vi uppmanas att unders\u00f6ka bindv\u00e4ven i v\u00e5r v\u00e4rld och v\u00e5ra liv, ta del av vad som \u00e4r slitet, skadat, ur led och varf\u00f6r. <\/p>\n<p><b>Venus kvadrerar Mars den 2 juni.<\/b> <span style=\"font-weight: 400;\">som accentuerade dessa frakturer. <\/span><\/p>\n<p>  N\u00e4r Mars \u00e4r s\u00e5 aktiv vet vi att vilket system vi \u00e4n tittar p\u00e5 kommer att vara svullet, uppr\u00f6rt och \u00f6verhettat, men att feldiagnostisera symptomet p\u00e5 orsaken skulle vara d\u00e5lig praxis. <\/p>\n<p>  P\u00e5 en kollektiv niv\u00e5 vet vi att vit \u00f6verh\u00f6ghet och alla dess allierade \u00e4r skyldiga att ta itu med. <\/p>\n<p>  Allt mindre \u00e4n att direkt namnge g\u00e4rningsmannen \u00e4r att skylla p\u00e5 offret. <\/p>\n<p><b>Venus gjorde sin underl\u00e4gsna konjunktion till solen den 3 juni.<\/b><\/p>\n<p><span style=\"font-weight: 400;\">Inb\u00e4ddad mellan solen och jorden \u00e4r Venus s\u00e5 n\u00e4ra oss som den n\u00e5gonsin kommer att vara;  s\u00e5 \u00e4r v\u00e5rt behov av att b\u00e4ra v\u00e5r sm\u00e4rta med stor \u00f6mhet, ta itu med interpersonella skador och erk\u00e4nna sm\u00e4rtan som omger oss. <\/span><\/p>\n<p><span style=\"font-weight: 400;\">Vid denna konjunktion g\u00e5r Venus in i solens inre kammare. <\/span><\/p>\n<p>  Infunderad med solljusets st\u00e4rkande balsam hj\u00e4lper Venus oss att f\u00e5 klarhet i var sm\u00e4rtan finns och ger oss modet att b\u00f6rja l\u00e4ka den. <\/p>\n<p>  Denna konjunktion \u00e4r en speciell tid i Venus-cykeln och kommer vid en tidpunkt d\u00e5 vi har g\u00e5tt fr\u00e5n den extrema sociala isoleringen till en massiv rusning av m\u00e4nniskor som protesterar p\u00e5 gatorna. <\/p>\n<p><span style=\"font-weight: 400;\">Tvillings\u00e4songen \u00e4lskar ett \u00f6gonblick av dualitet.   <\/span><\/p>\n<p><b>m\u00f6rkret <\/b><b>m\u00e5nf\u00f6rm\u00f6rkelse i skytten<\/b><b>    sker den 5 juni klockan 12:12. <\/b><\/p>\n<p>m. <\/p>\n<p>Pt.<span style=\"font-weight: 400;\">  Denna f\u00f6rm\u00f6rkelse tar oss till den andra f\u00f6rm\u00f6rkelses\u00e4songen 2020. <\/span><\/p>\n<p>Den kommer med 3 f\u00f6rm\u00f6rkelser i rad (ist\u00e4llet f\u00f6r de vanliga 2);  en den 5 juni, en den 21 juni och en den 5 juli. <\/p>\n<p>  Eclipse Season avsl\u00f6jar vad som vanligtvis h\u00e4nvisas till skuggorna. <\/p>\n<p>  Det \u00e4r en tid att rensa gifter. <\/p>\n<p>  Markerar \u00f6gonblick av stor f\u00f6r\u00e4ndring. <\/p>\n<p><span style=\"font-weight: 400;\">Sitter n\u00e4ra den s\u00f6dra noden, mitt emot Venus retrograd och kvadratisk Mars, uppmuntrar denna f\u00f6rm\u00f6rkelse oss att rensa ut gifterna i v\u00e5ra system. <\/span><\/p>\n<p>  I Skytten inneb\u00e4r det att man ompr\u00f6var vad vi, eller samh\u00e4llet vi lever i, anser vara sant. <\/p>\n<p>  Lagar m\u00e5ste ses \u00f6ver. <\/p>\n<p>  Det samf\u00f6rst\u00e5nd vi lever under m\u00e5ste ifr\u00e5gas\u00e4ttas. <\/p>\n<p>  Det vi har haft tilltro till utreds. <\/p>\n<p>  Denna f\u00f6rm\u00f6rkelse, som intr\u00e4ffar mitt emot Venus och solen, f\u00f6rst\u00e4rker de k\u00e4nslor, v\u00e4rderingar och konflikter som Venus har hj\u00e4lpt till att f\u00f6ra till v\u00e5ra hj\u00e4rtan. <\/p>\n<p>  Square Mars och Neptunus, denna f\u00f6rm\u00f6rkelse ger b\u00e5de konflikt och massr\u00f6relse. <\/p>\n<p><span style=\"font-weight: 400;\">Detta \u00e4r inte l\u00e4tt astrologi. <\/span><\/p>\n<p>  Detta \u00e4r br\u00e5dskande astrologi. <\/p>\n<p><b>Efter solf\u00f6rm\u00f6rkelsen kommer Mars att tr\u00e4ffa Neptunus den 13 juni. <\/b><\/p>\n<p><span style=\"font-weight: 400;\">Neptunus f\u00f6r med sig dr\u00f6mmar om ett ideal. <\/span><\/p>\n<p>  Det \u00f6verskrider gr\u00e4nserna f\u00f6r den v\u00e4rld vi lever i och drar oss till f\u00f6rbindelser. <\/p>\n<p>  Det urholkar barri\u00e4rer, vilket \u00e4r n\u00f6dv\u00e4ndigt f\u00f6r massr\u00f6relser och utmanande p\u00e5 en interpersonell niv\u00e5. <\/p>\n<p>  Eftersom allt i Tvillingarna (inklusive Venus) har, eller kommer att vara, fyrkantig Neptunus i Fiskarna under sin transit, har f\u00f6rvirring och \u00e5ngestniv\u00e5er haft en chans att springa vilda. <\/p>\n<p>  Det \u00e4r alltid en utmaning att fokusera n\u00e4r planeter dominerar f\u00f6r\u00e4nderliga tecken;  l\u00e4gg till en pandemi och ett uppror och det \u00e4r n\u00e4stan om\u00f6jligt. <\/p>\n<p>  Det \u00e4r okej om du inte vet vad du ska g\u00f6ra hela tiden och k\u00e4nner 1000 olika saker p\u00e5 v\u00e4gen till kylen eller till protesten. <\/p>\n<p>  Var l\u00e4tt mot dig sj\u00e4lv. <\/p>\n<p>  Detta \u00e4r inte en tid f\u00f6r regelbundet schemalagd programmering. <\/p>\n<p><span style=\"font-weight: 400;\">Mars \u00e4r aktivisten och anstiftaren. <\/span><\/p>\n<p>  Konjunkt Neptunus beh\u00f6ver denna krigare en dr\u00f6m att f\u00f6rsvara. <\/p>\n<p>  N\u00e4r Mars n\u00e4rmar sig Neptunus ber den oss att inte l\u00e5ta oss luras av v\u00e5ra dr\u00f6mmar om j\u00e4mlikhet, h\u00e5llbarhet och r\u00e4ttvisa. <\/p>\n<p>  De kanske inte \u00e4r verklighet \u00e4nnu, men de v\u00e4ntar p\u00e5 att vi ska g\u00f6ra det.<\/p>\n<p><span style=\"font-weight: 400;\">Eclipse Season avsl\u00f6jar alltid skuggan, den sv\u00e5ra saken som m\u00e5ste g\u00f6ras medveten. <\/span><\/p>\n<p>  Retrograder p\u00e5minner oss alltid om att med noggrann granskning, gr\u00e4vning och granskning av det f\u00f6rflutna kan vi f\u00f6r\u00e4ndras. <\/p>\n<p>  Den h\u00e4r v\u00e4rlden kan f\u00f6r\u00e4ndras. <\/p>\n<p>  Vi har inte alltid levt s\u00e5 h\u00e4r. <\/p>\n<p>  Det beh\u00f6ver inte vara s\u00e5 h\u00e4r. <\/p>\n<p>  En annan v\u00e4rld \u00e4r m\u00f6jlig. <\/p>\n<p><span><i>Jag kommer inte att skriva horoskop f\u00f6r m\u00e5nf\u00f6rm\u00f6rkelse den h\u00e4r veckan, men om du vill ha en l\u00e4sning, ritual och guidad meditation specifikt f\u00f6r ditt tecken f\u00f6r denna f\u00f6rm\u00f6rkelse, sn\u00e4lla g\u00e5 med mig f\u00f6r <\/i><\/span><i><span style=\"font-weight: 400;\">En taller f\u00f6r nym\u00e5nen i Tvillingarna, M\u00e5nf\u00f6rm\u00f6rkelsen i Skytten och En resa genom Venus retrograd del 2<\/span><\/i><i><span style=\"font-weight: 400;\">. <\/span><\/i><\/p>\n<p>  Alla int\u00e4kter fr\u00e5n dessa f\u00f6rs\u00e4ljningar kommer att delas mellan <i><span style=\"font-weight: 400;\">Okra-projektet <\/span><\/i><i><span style=\"font-weight: 400;\">, <\/span><\/i><i><span style=\"font-weight: 400;\">STR\u00c5LE<\/span><\/i><i><span style=\"font-weight: 400;\">och <\/span><\/i><i><span style=\"font-weight: 400;\">nationell r\u00e4ddning<\/span><\/i><i><span style=\"font-weight: 400;\">. <\/span><\/i><\/p>\n<p>  Om du vill ha tillg\u00e5ng till workshopen men inte kan betala, v\u00e4nligen maila <i><span style=\"font-weight: 400;\">sales@chaninicholas.com<\/span><\/i><i><span style=\"font-weight: 400;\">  s\u00e5 skickar vi l\u00e4nken till dig. <\/span><\/i><\/p>\n<p>Vi hoppas att du gillade v\u00e5r artikel M\u00e5nf\u00f6rm\u00f6rkelsen i Skytten \u2013 juni 2020 och allt relaterat till horoskop, tarot, ritualer och allt relaterat.<\/p>\n<figure class=\"wp-block-table is-style-regular\">\n<\/figure>\n<p>Intressanta saker att veta inneb\u00f6rden: Horoskop  <\/p>\n<p>\u00c4ven h\u00e4r l\u00e4mnar vi \u00e4mnen relaterade till: Horoskop<\/p>\n<\/p>\n<p><\/p>\n<p>Vi hoppas att du gillade v\u00e5r artikel M\u00e5nf\u00f6rm\u00f6rkelsen i Skytten \u2013 juni 2020<br \/>\n och allt om horoskop, tarot, ritualer och allt relaterat till det &#8230;<\/p>\n<figure class=\"wp-block-table is-style-regular\">\n<table style=\"width: 284px; height: 157px;\">\n<tbody>\n<tr>\n<td class=\"has-text-align-center\" data-align=\"center\"><img loading=\"lazy\" decoding=\"async\" class=\"alignleft\" src=\" https:\/\/goroskop.tv\/wp-content\/uploads\/2023\/05\/horoscopodo12.jpg \" alt=\" M\u00e5nf\u00f6rm\u00f6rkelsen i Skytten \u2013 juni 2020\n \" width=\"65\" height=\"95\" title=\"\"><img loading=\"lazy\" decoding=\"async\" class=\"alignleft\" style=\"width: 60px;\" src=\" https:\/\/goroskop.tv\/wp-content\/uploads\/2023\/05\/horoscopodo11.jpg \" alt=\" M\u00e5nf\u00f6rm\u00f6rkelsen i Skytten \u2013 juni 2020\n \" width=\"195\" height=\"300\" title=\"\"><img decoding=\"async\" class=\"alignleft\" style=\"width: 60px;\" src=\" https:\/\/goroskop.tv\/wp-content\/uploads\/2023\/05\/horoscopodo10.jpg \" alt=\" M\u00e5nf\u00f6rm\u00f6rkelsen i Skytten \u2013 juni 2020\n \" title=\"\"><\/td>\n<\/tr>\n<\/tbody>\n<\/table>\n<\/figure>\n<p>Intressanta saker att veta inneb\u00f6rden: <a href=\"https:\/\/sv.wikipedia.org\/wiki\/Horoskop\" target=\"_blank\" rel=\"nofollow noopener\"> Horoskop <\/a> <\/p>\n<p>H\u00e4r l\u00e4mnar vi ocks\u00e5 \u00e4mnen relaterade till: <a href=\" https:\/\/goroskop.tv\/sw\/den-perfekta-kandispojkvannen-for-dig\/\">Horoskop<\/a> <\/p>\n<div id=\"ez-toc-container\" class=\"ez-toc-v2_0_82_2 ez-toc-wrap-center counter-hierarchy ez-toc-counter ez-toc-grey ez-toc-container-direction\">\n<div class=\"ez-toc-title-container\">\n<div class=\"ez-toc-title\" style=\"cursor:inherit\">Table of Contents<\/div>\n<span class=\"ez-toc-title-toggle\"><a href=\"#\" class=\"ez-toc-pull-right ez-toc-btn ez-toc-btn-xs ez-toc-btn-default ez-toc-toggle\" aria-label=\"Alternar tabla de contenidos\"><span class=\"ez-toc-js-icon-con\"><span class=\"\"><span class=\"eztoc-hide\" style=\"display:none;\">Toggle<\/span><span class=\"ez-toc-icon-toggle-span\"><svg style=\"fill: #999;color:#999\" xmlns=\"http:\/\/www.w3.org\/2000\/svg\" class=\"list-377408\" width=\"20px\" height=\"20px\" viewBox=\"0 0 24 24\" fill=\"none\"><path d=\"M6 6H4v2h2V6zm14 0H8v2h12V6zM4 11h2v2H4v-2zm16 0H8v2h12v-2zM4 16h2v2H4v-2zm16 0H8v2h12v-2z\" fill=\"currentColor\"><\/path><\/svg><svg style=\"fill: #999;color:#999\" class=\"arrow-unsorted-368013\" xmlns=\"http:\/\/www.w3.org\/2000\/svg\" width=\"10px\" height=\"10px\" viewBox=\"0 0 24 24\" version=\"1.2\" baseProfile=\"tiny\"><path d=\"M18.2 9.3l-6.2-6.3-6.2 6.3c-.2.2-.3.4-.3.7s.1.5.3.7c.2.2.4.3.7.3h11c.3 0 .5-.1.7-.3.2-.2.3-.5.3-.7s-.1-.5-.3-.7zM5.8 14.7l6.2 6.3 6.2-6.3c.2-.2.3-.5.3-.7s-.1-.5-.3-.7c-.2-.2-.4-.3-.7-.3h-11c-.3 0-.5.1-.7.3-.2.2-.3.5-.3.7s.1.5.3.7z\"\/><\/svg><\/span><\/span><\/span><\/a><\/span><\/div>\n<nav><ul class='ez-toc-list ez-toc-list-level-1 eztoc-toggle-hide-by-default' ><li class='ez-toc-page-1 ez-toc-heading-level-2'><a class=\"ez-toc-link ez-toc-heading-1\" href=\"https:\/\/goroskop.tv\/sw\/manformorkelsen-i-skytten-juni-2020\/#Manformorkelsen_i_Skytten_%E2%80%93_juni_2020\" >M\u00e5nf\u00f6rm\u00f6rkelsen i Skytten \u2013 juni 2020<\/a><\/li><\/ul><\/nav><\/div>\n","protected":false},"excerpt":{"rendered":"<p>M\u00e5nf\u00f6rm\u00f6rkelsen i Skytten \u2013 juni 2020 Vi beh\u00f6ver en fantastisk visi\u00f3n, en obeveklig fantasi och en bottenl\u00f6s grop av mod att dra ur. Vi beh\u00f6ver ramar som uppr\u00e4tth\u00e5ller m\u00f6jligheten till kollektiv h\u00e4lsa och gemensamt v\u00e4lbefinnande. Vi m\u00e5ste investera i v\u00e5rdsystem som \u00e4r s\u00e5 starka att de kan f\u00e5nga oss n\u00e4r vi faller och b\u00e4ra oss &hellip;<\/p>\n","protected":false},"author":1,"featured_media":41,"comment_status":"closed","ping_status":"closed","sticky":false,"template":"","format":"standard","meta":{"footnotes":""},"categories":[2],"tags":[207,4950,438],"class_list":["post-63279","post","type-post","status-publish","format-standard","has-post-thumbnail","hentry","category-horoskop","tag-juni","tag-manformorkelsen","tag-skytten"],"_links":{"self":[{"href":"https:\/\/goroskop.tv\/sw\/wp-json\/wp\/v2\/posts\/63279","targetHints":{"allow":["GET"]}}],"collection":[{"href":"https:\/\/goroskop.tv\/sw\/wp-json\/wp\/v2\/posts"}],"about":[{"href":"https:\/\/goroskop.tv\/sw\/wp-json\/wp\/v2\/types\/post"}],"author":[{"embeddable":true,"href":"https:\/\/goroskop.tv\/sw\/wp-json\/wp\/v2\/users\/1"}],"replies":[{"embeddable":true,"href":"https:\/\/goroskop.tv\/sw\/wp-json\/wp\/v2\/comments?post=63279"}],"version-history":[{"count":0,"href":"https:\/\/goroskop.tv\/sw\/wp-json\/wp\/v2\/posts\/63279\/revisions"}],"wp:featuredmedia":[{"embeddable":true,"href":"https:\/\/goroskop.tv\/sw\/wp-json\/wp\/v2\/media\/41"}],"wp:attachment":[{"href":"https:\/\/goroskop.tv\/sw\/wp-json\/wp\/v2\/media?parent=63279"}],"wp:term":[{"taxonomy":"category","embeddable":true,"href":"https:\/\/goroskop.tv\/sw\/wp-json\/wp\/v2\/categories?post=63279"},{"taxonomy":"post_tag","embeddable":true,"href":"https:\/\/goroskop.tv\/sw\/wp-json\/wp\/v2\/tags?post=63279"}],"curies":[{"name":"wp","href":"https:\/\/api.w.org\/{rel}","templated":true}]}}