{"id":63610,"date":"2023-09-05T22:20:30","date_gmt":"2023-09-05T22:20:30","guid":{"rendered":"https:\/\/goroskop.tv\/sw\/en-anteckning-om-vardagjamningen-mars\/"},"modified":"2023-09-05T22:20:30","modified_gmt":"2023-09-05T22:20:30","slug":"en-anteckning-om-vardagjamningen-mars","status":"publish","type":"post","link":"https:\/\/goroskop.tv\/sw\/en-anteckning-om-vardagjamningen-mars\/","title":{"rendered":"En anteckning om v\u00e5rdagj\u00e4mningen \u2013 mars"},"content":{"rendered":"<p><\/p>\n<h2><span class=\"ez-toc-section\" id=\"En_anteckning_om_vardagjamningen_%E2%80%93_mars_2020\"><\/span><span class=\"ez-toc-section\" id=\"Una_nota_sobre_el_equinoccio_vernal_%E2%80%93_marzo_de_2020\"><\/span>  En anteckning om v\u00e5rdagj\u00e4mningen \u2013 mars 2020<span class=\"ez-toc-section-end\"><\/span><span class=\"ez-toc-section-end\"><\/span><\/h2>\n<p><b>mars, 19<\/b><\/p>\n<p><i><span style=\"font-weight: 400;\">20:50 PT \u2013 Dagj\u00e4mning\/Sun kommer in i V\u00e4duren<\/span><\/i><\/p>\n<p><span style=\"font-weight: 400;\">Var och en av oss \u00e4r en del av den h\u00e4r v\u00e4rldens om\u00f6jligt intrikata n\u00e4t. <\/span><\/p>\n<p>  V\u00e5r \u00f6msesidiga omsorg \u00e4r limmet. <\/p>\n<p>  V\u00e5rt \u00f6msesidiga beroende \u00e4r inte f\u00f6rhandlingsbart. <\/p>\n<p>  The Myth of Going It Alone \u00e4r en fantastisk ber\u00e4ttelse med ett bittert slut. <\/p>\n<p><span style=\"font-weight: 400;\">Individualism \u00e4r en folkh\u00e4lsokris. <\/span><\/p>\n<p><span style=\"font-weight: 400;\">Pandemier kommer att h\u00e4nda. <\/span><\/p>\n<p>  Naturkatastrofer \u00e4r ett faktum. <\/p>\n<p>  Livet \u00e4r lika traumatiskt som det \u00e4r triumferande. <\/p>\n<p>  Vi klarade oss inte av det h\u00e4r utan varandra. <\/p>\n<p><span style=\"font-weight: 400;\">\u00c4ven n\u00e4r v\u00e5rt privilegium till\u00e5ter oss illusionen av att vara sj\u00e4lvgjorda, kommer vi s\u00e5 sm\u00e5ningom att ge efter f\u00f6r os\u00e4kerheten av att vara i en kropp. <\/span><\/p>\n<p>  Stunder som dessa g\u00f6r oss v\u00e4ldigt medvetna om det. <\/p>\n<p>  Vi har r\u00e4tt i att oroa oss f\u00f6r att vi kan bli sjuka (mer) och lida (mer \u00e4n vi redan g\u00f6r). <\/p>\n<p>  Det mycket verkliga hotet mot v\u00e5r fysiska h\u00e4lsa som vi st\u00e5r inf\u00f6r tvingar oss att packa upp de k\u00e4nslor som lever under ytan av v\u00e5r medvetenhet. <\/p>\n<p>  Att leva i ett samh\u00e4lle som l\u00e4mnar de marginaliserade bland oss, d\u00f6mda att lida f\u00f6r etablerade system f\u00f6r att f\u00e5 dem att misslyckas, kommer att f\u00f6rf\u00f6lja oss tills vi kan r\u00e5da bot p\u00e5 det. <\/p>\n<p><span style=\"font-weight: 400;\">Det \u00e4r dags, f\u00f6rflutna, att leva i en v\u00e4rld d\u00e4r behov tillgodoses och \u00f6verdrifter delas. <\/span><\/p>\n<p><span style=\"font-weight: 400;\">Dagj\u00e4mningen intr\u00e4ffar den 19 mars klockan 20.50. <\/span><\/p>\n<p>m. <\/p>\n<p>Pt. <\/p>\n<p>  Det markerar s\u00e4songsbytet och b\u00f6rjan av Aries Season. <\/p>\n<p>  N\u00e4r solen g\u00e5r in i detta tecken s\u00e4gs den lysa dj\u00e4rvt. <\/p>\n<p>  Tappert. <\/p>\n<p>  Stark. <\/p>\n<p>  V\u00e4duren har passion, energi och entusiasm. <\/p>\n<p>  Det sl\u00e5ss, hetsar och v\u00e4cker kontroverser. <\/p>\n<p>  Robust och p\u00e5 livets slagf\u00e4lt, Aries s\u00f6ker och talar om v\u00e5rens f\u00f6rnyande kraft. <\/p>\n<p>  Som alla bra kardinaltecken, ger V\u00e4duren f\u00f6r\u00e4ndring, \u00e4r energisk, handlingsinriktad och redo att sl\u00e5ss. <\/p>\n<p><span style=\"font-weight: 400;\">Dock.<\/span><\/p>\n<p><span style=\"font-weight: 400;\">Stenbocken \u00e4r fortfarande den mest befolkade delen av himlen. <\/span><\/p>\n<p>  Mars, Jupiter, Saturnus, Pluto och South Node-klustret l\u00e4ngs landskapet med jordtecknet som \u00e4r k\u00e4nt f\u00f6r sin f\u00f6rk\u00e4rlek f\u00f6r begr\u00e4nsningar, begr\u00e4nsningar och sj\u00e4lvbeh\u00e4rskning. <\/p>\n<p><span style=\"font-weight: 400;\">Mars genererar v\u00e4rme som kan orsaka inflammation och skada systemet. <\/span><\/p>\n<p>  Saturnus begr\u00e4nsar, isolerar och s\u00e4tter gr\u00e4nser. <\/p>\n<p>  Jupiter \u00f6verdriver, f\u00f6rstorar och optimerar. <\/p>\n<p>  Pluto gr\u00e4ver. <\/p>\n<p>  Den s\u00f6dra noden t\u00f6ms. <\/p>\n<p>  Tillsammans fokuserar de p\u00e5 n\u00e5gra av de sv\u00e5raste m\u00e4nskliga \u00e4mnena. <\/p>\n<p><span style=\"font-weight: 400;\">B\u00f6rjan av \u00e5ret gav oss Saturnus\/Pluto-konjunktionen i Stenbocken, vilket satte en dyster ton f\u00f6r 2020. <\/span><\/p>\n<p>H\u00e4r talar Saturnus och Pluto om f\u00f6r\u00e4ndringar i v\u00e5r ekonomi, som avsl\u00f6jar v\u00e5rt personliga och kollektiva skuggmaterial, och de kan s\u00e4tta en ganska dyster k\u00e4nsla f\u00f6r \u00e5ret att leva inom. <\/p>\n<p><span style=\"font-weight: 400;\">Inom n\u00e4sta vecka kommer Mars och Jupiter, och sedan Mars och Pluto att vara i (och n\u00e4ra) samma grad som Saturnus\/Pluto-konjunktionen. <\/span><\/p>\n<p>  Genom att samla ambition och mod kan en Mars\/Jupiter-konjunktion ocks\u00e5 f\u00f6rst\u00e4rka skadan Mars kan g\u00f6ra. <\/p>\n<p>  \u00d6verskottsv\u00e4rme, feber och larm b\u00f6r inte uteslutas och kan markera en tid av \u00f6kad medvetenhet om covid-19. <\/p>\n<p>  Mars och Pluto talar tillsammans om en sorts extrem beslutsamhet att g\u00e5 hela v\u00e4gen, men just nu kan de ocks\u00e5 tala om en grym individualism som tar oss \u00e4nnu l\u00e4ngre bort fr\u00e5n de n\u00e4t av v\u00e5rd vi s\u00e5 desperat beh\u00f6ver just nu. <\/p>\n<p>  Snart g\u00e5r Saturnus in i Vattumannen och Mars f\u00f6ljer efter. <\/p>\n<p>  De tv\u00e5 tr\u00e4ffas den 31 mars. <\/p>\n<p>  Mars impulsivitet och Saturnus strikta regler och f\u00f6reskrifter kommer att kollidera. <\/p>\n<p>  Den sv\u00e5raste av transiter mellan de traditionella planeterna, Saturnus och Mars tillsammans, kan begr\u00e4nsa v\u00e5ra r\u00f6relser, placera otroliga hinder i v\u00e5r v\u00e4g och tvinga oss att meditera n\u00e4r vi inte kan r\u00f6ra oss och hitta varje spricka och springa att glida igenom n\u00e4r vi kan .<\/p>\n<p><span style=\"font-weight: 400;\">M\u00e5 alla dessa Mars r\u00f6relser hj\u00e4lpa oss att hitta modet att m\u00f6ta detta \u00f6gonblick och omfamna l\u00e4rdomarna det ger. <\/span><\/p>\n<p><span style=\"font-weight: 400;\">M\u00e5 det hj\u00e4lpa oss att finna modet att delta i de v\u00e4rdef\u00f6r\u00e4ndringar v\u00e5r kultur s\u00e5 desperat beh\u00f6ver. <\/span><\/p>\n<p><span style=\"font-weight: 400;\">M\u00e5 det hj\u00e4lpa oss att v\u00e5ga gr\u00e5ta, vila, n\u00e5 ut till n\u00e4ra och k\u00e4ra, ta ett djupt andetag, skriva och be om hj\u00e4lp n\u00e4r vi beh\u00f6ver det. <\/span><\/p>\n<p><span style=\"font-weight: 400;\">M\u00e5 det ge oss tillr\u00e4ckligt med mod att ta de n\u00f6dv\u00e4ndiga stegen f\u00f6r att fr\u00e4mja v\u00e5ra revolutioner och v\u00e5r evolution. <\/span><\/p>\n<p><em>F\u00f6r att arbeta djupare med denna dagj\u00e4mning har jag l\u00e4sning, ritual, meditation och altaref\u00f6rslag i En taller f\u00f6r v\u00e5rdagj\u00e4mningen, Nym\u00e5ne i V\u00e4duren, Fullm\u00e5ne i V\u00e5gen och Astrologi fr\u00e5n 19 mars till 21 april + Ytterligare ritual f\u00f6r Saturnus att tr\u00e4da in i Vattumannen <\/em><\/p>\n<p>Vi hoppas att du gillade v\u00e5r artikel En anteckning om v\u00e5rdagj\u00e4mningen \u2013 mars 2020 och allt relaterat till horoskop, tarot, ritualer och allt relaterat.<\/p>\n<figure class=\"wp-block-table is-style-regular\">\n<\/figure>\n<p>Intressanta saker att veta inneb\u00f6rden: Horoskop  <\/p>\n<p>\u00c4ven h\u00e4r l\u00e4mnar vi \u00e4mnen relaterade till: Horoskop<\/p>\n<\/p>\n<p><\/p>\n<p>Vi hoppas att du gillade v\u00e5r artikel En anteckning om v\u00e5rdagj\u00e4mningen \u2013 mars<br \/>\n och allt om horoskop, tarot, ritualer och allt relaterat till det &#8230;<\/p>\n<figure class=\"wp-block-table is-style-regular\">\n<table style=\"width: 284px; height: 157px;\">\n<tbody>\n<tr>\n<td class=\"has-text-align-center\" data-align=\"center\"><img loading=\"lazy\" decoding=\"async\" class=\"alignleft\" src=\" https:\/\/goroskop.tv\/wp-content\/uploads\/2023\/05\/horoscopodo12.jpg \" alt=\" En anteckning om v\u00e5rdagj\u00e4mningen \u2013 mars\n \" width=\"65\" height=\"95\" title=\"\"><img loading=\"lazy\" decoding=\"async\" class=\"alignleft\" style=\"width: 60px;\" src=\" https:\/\/goroskop.tv\/wp-content\/uploads\/2023\/05\/horoscopodo11.jpg \" alt=\" En anteckning om v\u00e5rdagj\u00e4mningen \u2013 mars\n \" width=\"195\" height=\"300\" title=\"\"><img decoding=\"async\" class=\"alignleft\" style=\"width: 60px;\" src=\" https:\/\/goroskop.tv\/wp-content\/uploads\/2023\/05\/horoscopodo10.jpg \" alt=\" En anteckning om v\u00e5rdagj\u00e4mningen \u2013 mars\n \" title=\"\"><\/td>\n<\/tr>\n<\/tbody>\n<\/table>\n<\/figure>\n<p>Intressanta saker att veta inneb\u00f6rden: <a href=\"https:\/\/sv.wikipedia.org\/wiki\/Horoskop\" target=\"_blank\" rel=\"nofollow noopener\"> Horoskop <\/a> <\/p>\n<p>H\u00e4r l\u00e4mnar vi ocks\u00e5 \u00e4mnen relaterade till: <a href=\" https:\/\/goroskop.tv\/sw\/den-perfekta-kandispojkvannen-for-dig\/\">Horoskop<\/a> <\/p>\n<div id=\"ez-toc-container\" class=\"ez-toc-v2_0_82_2 ez-toc-wrap-center counter-hierarchy ez-toc-counter ez-toc-grey ez-toc-container-direction\">\n<div class=\"ez-toc-title-container\">\n<div class=\"ez-toc-title\" style=\"cursor:inherit\">Table of Contents<\/div>\n<span class=\"ez-toc-title-toggle\"><a href=\"#\" class=\"ez-toc-pull-right ez-toc-btn ez-toc-btn-xs ez-toc-btn-default ez-toc-toggle\" aria-label=\"Alternar tabla de contenidos\"><span class=\"ez-toc-js-icon-con\"><span class=\"\"><span class=\"eztoc-hide\" style=\"display:none;\">Toggle<\/span><span class=\"ez-toc-icon-toggle-span\"><svg style=\"fill: #999;color:#999\" xmlns=\"http:\/\/www.w3.org\/2000\/svg\" class=\"list-377408\" width=\"20px\" height=\"20px\" viewBox=\"0 0 24 24\" fill=\"none\"><path d=\"M6 6H4v2h2V6zm14 0H8v2h12V6zM4 11h2v2H4v-2zm16 0H8v2h12v-2zM4 16h2v2H4v-2zm16 0H8v2h12v-2z\" fill=\"currentColor\"><\/path><\/svg><svg style=\"fill: #999;color:#999\" class=\"arrow-unsorted-368013\" xmlns=\"http:\/\/www.w3.org\/2000\/svg\" width=\"10px\" height=\"10px\" viewBox=\"0 0 24 24\" version=\"1.2\" baseProfile=\"tiny\"><path d=\"M18.2 9.3l-6.2-6.3-6.2 6.3c-.2.2-.3.4-.3.7s.1.5.3.7c.2.2.4.3.7.3h11c.3 0 .5-.1.7-.3.2-.2.3-.5.3-.7s-.1-.5-.3-.7zM5.8 14.7l6.2 6.3 6.2-6.3c.2-.2.3-.5.3-.7s-.1-.5-.3-.7c-.2-.2-.4-.3-.7-.3h-11c-.3 0-.5.1-.7.3-.2.2-.3.5-.3.7s.1.5.3.7z\"\/><\/svg><\/span><\/span><\/span><\/a><\/span><\/div>\n<nav><ul class='ez-toc-list ez-toc-list-level-1 eztoc-toggle-hide-by-default' ><li class='ez-toc-page-1 ez-toc-heading-level-2'><a class=\"ez-toc-link ez-toc-heading-1\" href=\"https:\/\/goroskop.tv\/sw\/en-anteckning-om-vardagjamningen-mars\/#En_anteckning_om_vardagjamningen_%E2%80%93_mars_2020\" >En anteckning om v\u00e5rdagj\u00e4mningen \u2013 mars 2020<\/a><\/li><\/ul><\/nav><\/div>\n","protected":false},"excerpt":{"rendered":"<p>En anteckning om v\u00e5rdagj\u00e4mningen \u2013 mars 2020 mars, 19 20:50 PT \u2013 Dagj\u00e4mning\/Sun kommer in i V\u00e4duren Var och en av oss \u00e4r en del av den h\u00e4r v\u00e4rldens om\u00f6jligt intrikata n\u00e4t. V\u00e5r \u00f6msesidiga omsorg \u00e4r limmet. V\u00e5rt \u00f6msesidiga beroende \u00e4r inte f\u00f6rhandlingsbart. The Myth of Going It Alone \u00e4r en fantastisk ber\u00e4ttelse med ett &hellip;<\/p>\n","protected":false},"author":1,"featured_media":20,"comment_status":"closed","ping_status":"closed","sticky":false,"template":"","format":"standard","meta":{"footnotes":""},"categories":[2],"tags":[14100,230,14150],"class_list":["post-63610","post","type-post","status-publish","format-standard","has-post-thumbnail","hentry","category-horoskop","tag-anteckning","tag-mars","tag-vardagjamningen"],"_links":{"self":[{"href":"https:\/\/goroskop.tv\/sw\/wp-json\/wp\/v2\/posts\/63610","targetHints":{"allow":["GET"]}}],"collection":[{"href":"https:\/\/goroskop.tv\/sw\/wp-json\/wp\/v2\/posts"}],"about":[{"href":"https:\/\/goroskop.tv\/sw\/wp-json\/wp\/v2\/types\/post"}],"author":[{"embeddable":true,"href":"https:\/\/goroskop.tv\/sw\/wp-json\/wp\/v2\/users\/1"}],"replies":[{"embeddable":true,"href":"https:\/\/goroskop.tv\/sw\/wp-json\/wp\/v2\/comments?post=63610"}],"version-history":[{"count":0,"href":"https:\/\/goroskop.tv\/sw\/wp-json\/wp\/v2\/posts\/63610\/revisions"}],"wp:featuredmedia":[{"embeddable":true,"href":"https:\/\/goroskop.tv\/sw\/wp-json\/wp\/v2\/media\/20"}],"wp:attachment":[{"href":"https:\/\/goroskop.tv\/sw\/wp-json\/wp\/v2\/media?parent=63610"}],"wp:term":[{"taxonomy":"category","embeddable":true,"href":"https:\/\/goroskop.tv\/sw\/wp-json\/wp\/v2\/categories?post=63610"},{"taxonomy":"post_tag","embeddable":true,"href":"https:\/\/goroskop.tv\/sw\/wp-json\/wp\/v2\/tags?post=63610"}],"curies":[{"name":"wp","href":"https:\/\/api.w.org\/{rel}","templated":true}]}}