{"id":65036,"date":"2023-09-06T09:36:02","date_gmt":"2023-09-06T09:36:02","guid":{"rendered":"https:\/\/goroskop.tv\/sw\/vilken-fodelsesten-ar-bla-safir\/"},"modified":"2023-09-06T09:36:02","modified_gmt":"2023-09-06T09:36:02","slug":"vilken-fodelsesten-ar-bla-safir","status":"publish","type":"post","link":"https:\/\/goroskop.tv\/sw\/vilken-fodelsesten-ar-bla-safir\/","title":{"rendered":"Vilken f\u00f6delsesten \u00e4r bl\u00e5 safir?"},"content":{"rendered":"<p><\/p>\n<h2><span class=\"ez-toc-section\" id=\"Vilken_fodelsesten_ar_bla_safir\"><\/span><span class=\"ez-toc-section\" id=\"%C2%BFQue_piedra_de_nacimiento_es_el_zafiro_azul\"><\/span>  Vilken f\u00f6delsesten \u00e4r bl\u00e5 safir?<span class=\"ez-toc-section-end\"><\/span><span class=\"ez-toc-section-end\"><\/span><\/h2>\n<p>Safirp\u00e4rlan, som har varit uppskattad i tusentals \u00e5r, \u00e4r f\u00f6delsestenen f\u00f6r september. <\/p>\n<p>  Termen safir syftar generellt p\u00e5 den bl\u00e5 varianten av korund, medan rubin \u00e4r den r\u00f6da versionen, men denna f\u00f6delsesten finns i ett brett utbud av olika nyanser. <\/p>\n<p>  \u00abSafir kommer fr\u00e5n det grekiska ordet sappheiros, och bl\u00e5 safir \u00e4r en av de mest popul\u00e4ra f\u00e4rgade stenarna. <\/p>\n<p>  Safirer har l\u00e4nge f\u00f6rknippats med monarki och romantik. <\/p>\n<p>  De tros ocks\u00e5 representera trohet och sj\u00e4l. <\/p>\n<p>  L\u00e4s vidare f\u00f6r att l\u00e4ra dig mer om septemberf\u00f6delsestenen, inklusive dess ursprung och platser.<\/p>\n<h2><span class=\"ez-toc-section\" id=\"Nar_foddes_den_bla_safiren\"><\/span><span class=\"ez-toc-section\" id=\"%C2%BFCuando_nacio_el_zafiro_azul\"><\/span><span id=\"ezoic-pub-ad-placeholder-144\" class=\"ezoic-adpicker-ad\"><\/span><span class=\"ezoic-ad ezoic-at-0 box-4 box-4144 adtester-container adtester-container-144\" data-ez-name=\"hiszodiac_com-box-4\"><span id=\"div-gpt-ad-hiszodiac_com-box-4-0\" ezaw=\"250\" ezah=\"250\" style=\"position:relative;z-index:0;display:inline-block;padding:0;width:100%;max-width:1200px;margin-left:auto!important;margin-right:auto!important;min-height:250px;min-width:250px\" class=\"ezoic-ad\"><\/span><\/span>N\u00e4r f\u00f6ddes den bl\u00e5 safiren?<span class=\"ez-toc-section-end\"><\/span><span class=\"ez-toc-section-end\"><\/span><\/h2>\n<p>Safir |  Septembers f\u00f6delsesten, septembersafiren, \u00e4r mest eftertraktad i sin djupa, rena bl\u00e5 nyans, \u00e4ven om den ocks\u00e5 finns i rosa, gult och gr\u00f6nt. <\/p>\n<p>  \u00c4delstenen symboliserar lojalitet och f\u00f6rtroende, samt att skydda de som st\u00e5r dig n\u00e4ra under medeltiden.<\/p>\n<h2><span class=\"ez-toc-section\" id=\"Vad_betyder_bla_safir\"><\/span><span class=\"ez-toc-section\" id=\"%C2%BFQue_significa_zafiro_azul\"><\/span><span id=\"ezoic-pub-ad-placeholder-145\" class=\"ezoic-adpicker-ad\"><\/span><span class=\"ezoic-ad ezoic-at-0 banner-1 banner-1145 adtester-container adtester-container-145\" data-ez-name=\"hiszodiac_com-banner-1\"><span id=\"div-gpt-ad-hiszodiac_com-banner-1-0\" ezaw=\"468\" ezah=\"60\" style=\"position:relative;z-index:0;display:inline-block;padding:0;width:100%;max-width:1200px;margin-left:auto!important;margin-right:auto!important;min-height:90px;min-width:728px\" class=\"ezoic-ad\"><\/span><\/span>Vad betyder bl\u00e5 safir?<span class=\"ez-toc-section-end\"><\/span><span class=\"ez-toc-section-end\"><\/span><\/h2>\n<p>Dessa prisade bl\u00e5 stenar har representerat mental klarhet, andlig syn och psykisk medvetenhet under l\u00e5ng tid. <\/p>\n<p>  Enligt chakrateorin erbjuder safirer helande egenskaper och hj\u00e4lper till att \u00f6ppna det tredje \u00f6gat f\u00f6r djupare f\u00f6rst\u00e5else. <\/p>\n<p>  Dessutom ut\u00f6kar de halschakrat, vilket g\u00f6r kommunikationen med andra mycket l\u00e4ttare och minskar sannolikheten f\u00f6r missf\u00f6rst\u00e5nd och ol\u00f6sta dispyter.<\/p>\n<p>Djupt safirbl\u00e5tt anses ha himmelska egenskaper och f\u00f6rknippas med profetior och gudomlig gunst. <\/p>\n<p>  P\u00e4rlan har en rik historia inom religion och folklore \u00f6ver hela v\u00e4rlden. <\/p>\n<p>  Under antiken och medeltiden representerade bl\u00e5 safirer toppen av himmelsk tro och optimism. <\/p>\n<p>  De ans\u00e5gs ocks\u00e5 ha egenskaper som gav tur, andlig insikt och skydd.<\/p>\n<p>Dessa ov\u00e4rderliga p\u00e4rlor f\u00f6rblir en kraftfull representation av makt, generositet och gott omd\u00f6me i den actualizada v\u00e4rlden.<\/p>\n<h2><span class=\"ez-toc-section\" id=\"Varfor_ar_safir_fodelsestenen_i_september\"><\/span><span class=\"ez-toc-section\" id=\"%C2%BFPor_que_el_zafiro_es_la_piedra_de_nacimiento_de_septiembre\"><\/span><span id=\"ezoic-pub-ad-placeholder-146\" class=\"ezoic-adpicker-ad\"><\/span><span class=\"ezoic-ad ezoic-at-0 large-leaderboard-2 large-leaderboard-2146 adtester-container adtester-container-146\" data-ez-name=\"hiszodiac_com-large-leaderboard-2\"><span id=\"div-gpt-ad-hiszodiac_com-large-leaderboard-2-0\" ezaw=\"300\" ezah=\"250\" style=\"position:relative;z-index:0;display:inline-block;padding:0;min-height:250px;min-width:300px\" class=\"ezoic-ad\"><\/span><\/span>Varf\u00f6r \u00e4r safir f\u00f6delsestenen i september?<span class=\"ez-toc-section-end\"><\/span><span class=\"ez-toc-section-end\"><\/span><\/h2>\n<p>Septemberf\u00f6delsestenen f\u00f6rknippas med sanning, renhet och sp\u00e5domar i vidskepelse och folklore. <\/p>\n<p>  Man tror att b\u00e4ra safirsmycken kommer att skydda dig fr\u00e5n det onda \u00f6gat och avund.<\/p>\n<h2><span class=\"ez-toc-section\" id=\"Vad_symboliserar_fodelsestenen_i_safir\"><\/span><span class=\"ez-toc-section\" id=\"%C2%BFQue_simboliza_la_piedra_de_nacimiento_de_zafiro\"><\/span><span id=\"ezoic-pub-ad-placeholder-147\" class=\"ezoic-adpicker-ad\"><\/span><span class=\"ezoic-ad ezoic-at-0 leader-1 leader-1147 adtester-container adtester-container-147\" data-ez-name=\"hiszodiac_com-leader-1\"><span id=\"div-gpt-ad-hiszodiac_com-leader-1-0\" ezaw=\"336\" ezah=\"280\" style=\"position:relative;z-index:0;display:inline-block;padding:0;width:100%;max-width:1200px;margin-left:auto!important;margin-right:auto!important;min-height:280px;min-width:336px\" class=\"ezoic-ad\"><\/span><\/span>Vad symboliserar f\u00f6delsestenen i safir?<span class=\"ez-toc-section-end\"><\/span><span class=\"ez-toc-section-end\"><\/span><\/h2>\n<p>Safir, f\u00f6delsestenen i september, \u00e4r k\u00e4nd f\u00f6r att vara en av de mest eftertraktade \u00e4delstenarna i st\u00f6rre delen av den m\u00e4nskliga civilisationen. <\/p>\n<p>  Det representerar egenskaper som uppriktighet, lojalitet och sanning. <\/p>\n<p>  Sapphire har ett v\u00e4lf\u00f6rtj\u00e4nt rykte som en av v\u00e4rldens mest kungliga och romantiska \u00e4delstenar.<\/p>\n<h2><span class=\"ez-toc-section\" id=\"Ar_safir_en_fodelsesten_for_juli\"><\/span><span class=\"ez-toc-section\" id=\"%C2%BFEs_el_zafiro_una_piedra_de_nacimiento_para_julio\"><\/span><span id=\"ezoic-pub-ad-placeholder-148\" class=\"ezoic-adpicker-ad\"><\/span><span class=\"ezoic-ad ezoic-at-0 leader-3 leader-3148 adtester-container adtester-container-148\" data-ez-name=\"hiszodiac_com-leader-3\"><span id=\"div-gpt-ad-hiszodiac_com-leader-3-0\" ezaw=\"336\" ezah=\"280\" style=\"position:relative;z-index:0;display:inline-block;padding:0;width:100%;max-width:1200px;margin-left:auto!important;margin-right:auto!important;min-height:280px;min-width:336px\" class=\"ezoic-ad\"><\/span><\/span>\u00c4r safir en f\u00f6delsesten f\u00f6r juli?<span class=\"ez-toc-section-end\"><\/span><span class=\"ez-toc-section-end\"><\/span><\/h2>\n<p>Vilka stenar representerar f\u00f6delsen av varje m\u00e5nad?  Granat, ametist, akvamarin, diamant, smaragd, alexandrit, rubin, peridot, safir, turmalin, topas och bl\u00e5 topas \u00e4r de \u00e4delstenar som f\u00f6rknippas med m\u00e5naderna januari till december. <\/p>\n<p>  L\u00e4r dig mer om dessa v\u00e4lk\u00e4nda \u00e4delstenar.<\/p>\n<h2><span class=\"ez-toc-section\" id=\"Vem_ska_bara_en_bla_safir\"><\/span><span class=\"ez-toc-section\" id=\"%C2%BFQuien_deberia_llevar_un_zafiro_en_azul\"><\/span><span id=\"ezoic-pub-ad-placeholder-153\" class=\"ezoic-adpicker-ad\"><\/span><span class=\"ezoic-ad ezoic-at-0 large-mobile-banner-1 large-mobile-banner-1153 adtester-container adtester-container-153\" data-ez-name=\"hiszodiac_com-large-mobile-banner-1\"><span id=\"div-gpt-ad-hiszodiac_com-large-mobile-banner-1-0\" ezaw=\"250\" ezah=\"250\" style=\"position:relative;z-index:0;display:inline-block;padding:0;width:100%;max-width:1200px;margin-left:auto!important;margin-right:auto!important;min-height:250px;min-width:250px\" class=\"ezoic-ad\"><\/span><\/span>Vem ska b\u00e4ra en bl\u00e5 safir?<span class=\"ez-toc-section-end\"><\/span><span class=\"ez-toc-section-end\"><\/span><\/h2>\n<p>Normalt anv\u00e4nds planeternas positioner i en persons horoskop f\u00f6r att rekommendera \u00e4delstenar inom astrologi och handl\u00e4kning. <\/p>\n<p>  Tecken p\u00e5 Stenbocken och Vattumannen och den bl\u00e5 safiren g\u00e5r bra \u00f6verens. <\/p>\n<p>  Lord Saturnus \u00e4r h\u00e4rskaren \u00f6ver b\u00e5da soltecknen.<\/p>\n<h2><span class=\"ez-toc-section\" id=\"Vad_ar_kraften_i_den_bla_safiren\"><\/span><span class=\"ez-toc-section\" id=\"%C2%BFCual_es_el_poder_del_zafiro_azul\"><\/span><span id=\"ezoic-pub-ad-placeholder-154\" class=\"ezoic-adpicker-ad\"><\/span><span class=\"ezoic-ad ezoic-at-0 leader-2 leader-2154 adtester-container adtester-container-154\" data-ez-name=\"hiszodiac_com-leader-2\"><span id=\"div-gpt-ad-hiszodiac_com-leader-2-0\" ezaw=\"300\" ezah=\"250\" style=\"position:relative;z-index:0;display:inline-block;padding:0;min-height:250px;min-width:300px\" class=\"ezoic-ad\"><\/span><\/span>Vad \u00e4r kraften i den bl\u00e5 safiren?<span class=\"ez-toc-section-end\"><\/span><span class=\"ez-toc-section-end\"><\/span><\/h2>\n<p>Safir finns ofta i f\u00f6rlovningsringar och har en romantisk association. <\/p>\n<p>  I synnerhet kan bl\u00e5 safir, som ansluter till halschakrat, anv\u00e4ndas f\u00f6r att f\u00f6rb\u00e4ttra sj\u00e4lvuttrycket. <\/p>\n<p>  F\u00f6rutom att \u00f6ppna det tredje \u00f6gats chakra kan kungbl\u00e5 safir hj\u00e4lpa dig att bli mer medveten om ditt ansvar f\u00f6r dina id\u00e9er och k\u00e4nslor. <\/p>\n<p>  Det p\u00e5st\u00e5s f\u00f6rb\u00e4ttra din moraliska karakt\u00e4r och ditt omd\u00f6me. <\/p>\n<p>  M\u00f6rkbl\u00e5tt f\u00f6rknippas med visdom och sj\u00e4lvf\u00f6rb\u00e4ttring i feng shui.<\/p>\n<h2><span class=\"ez-toc-section\" id=\"Vad_innebar_det_att_bara_en_safirring\"><\/span><span class=\"ez-toc-section\" id=\"%C2%BFQue_significa_usar_un_anillo_de_zafiro\"><\/span><span id=\"ezoic-pub-ad-placeholder-155\" class=\"ezoic-adpicker-ad\"><\/span>Vad inneb\u00e4r det att b\u00e4ra en safirring?<span class=\"ez-toc-section-end\"><\/span><span class=\"ez-toc-section-end\"><\/span><\/h2>\n<p>Det \u00e4r naturligt att anta att eftersom r\u00f6tt \u00e4r min favoritf\u00e4rg, skulle jag ha en rubinring. <\/p>\n<p>  Men n\u00e4r min man \u00f6verraskade mig med en resa till resortens smyckesbutik n\u00e4r vi var p\u00e5 smekm\u00e5nad i Jamaica, f\u00f6ll jag inte f\u00f6r det. <\/p>\n<p>  Ett band av bl\u00e5 safirer och diamanter som jag fortfarande gillar att b\u00e4ra p\u00e5 min h\u00f6gra hand nu \u00e4r ringen som jag bara inte kunde l\u00e4mna bakom mig. <\/p>\n<p>  L\u00e4s vidare f\u00f6r att l\u00e4ra dig mer om betydelsen, vidskepelsen och historien om den magnifika safiren.<\/p>\n<p>Naturligtvis, ju klarare och mer briljant en p\u00e4rla \u00e4r, desto mer v\u00e4rdefull \u00e4r den, precis som de flesta andra \u00e4delstenar och till och med diamanter. <\/p>\n<p>  Det finns n\u00e5gra olika nyanser av safirer, men bl\u00e5tt \u00e4r det mest popul\u00e4ra. <\/p>\n<p>  Prinsessan Dianas f\u00f6rlovningsring, nu Kate Middleton, var den mest k\u00e4nda kungsbl\u00e5 safiren i samtida historia. <\/p>\n<p>  Den 8-karats safiren i mitten av ringen \u00e4r omgiven av 14 diamantaccenter och \u00e4r k\u00e4nd \u00f6ver hela v\u00e4rlden f\u00f6r sin sl\u00e5ende men \u00e4nd\u00e5 delikata sk\u00f6nhet. <\/p>\n<p>  Men dessa enast\u00e5ende damer var inte de f\u00f6rsta kungligheterna som bar safirsmycken med sina vackra bl\u00e5 nyanser. <\/p>\n<p>  Safirer har l\u00e4nge varit en favorit bland kungligheter p\u00e5 grund av deras ov\u00e4rderliga egenskaper och betydelse som en av de tidigaste k\u00e4nda juvelerna och deras h\u00e5rdhet p\u00e5 9 av 10 p\u00e5 Mohs skala, vilket inneb\u00e4r att de har stor h\u00e5rdhet och inte l\u00e4tt att repa.<\/p>\n<p>De gamla perserna var h\u00e4ngivna safirer och trodde till och med att planeten byggdes p\u00e5 en enorm bl\u00e5. <\/p>\n<p>  Eftersom den reflekterade den bl\u00e5 diamanten trodde de att himlen var bl\u00e5. <\/p>\n<p>  Andra kulturer har l\u00e4nge haft uppfattningen att safirer har b\u00e5de fysiska och andliga helande egenskaper.<\/p>\n<p>S\u00e5 vad betyder en safir i modern tid?  Enligt m\u00e5nga traditioner tros safirer representera helighet, kunskap, dygd, rikedom och lycka f\u00f6r kungar. <\/p>\n<p>  En safir i en f\u00f6rlovningsring representerar ocks\u00e5 trohet och uppriktighet. <\/p>\n<p>  Trevligt va?<\/p>\n<p>Om du inte gillar tanken p\u00e5 en helt diamantf\u00f6rlovningsring, \u00f6verv\u00e4g en fantastisk safirring eller br\u00f6llopsring f\u00f6r att blanda ihop saker och ting lite.  Det \u00e4r l\u00e4tt att bli k\u00e4r och bli k\u00e4r!  i m\u00e5nga \u00e5r fram\u00f6ver med s\u00e5dan tidl\u00f6s sk\u00f6nhet.<\/p>\n<h2><span class=\"ez-toc-section\" id=\"Bar_bebisar_i_september_bla_safirsmycken\"><\/span><span class=\"ez-toc-section\" id=\"%C2%BFLos_bebes_de_septiembre_usan_joyas_de_zafiro_azul\"><\/span><span id=\"ezoic-pub-ad-placeholder-156\" class=\"ezoic-adpicker-ad\"><\/span><span class=\"ezoic-ad ezoic-at-0 large-mobile-banner-2 large-mobile-banner-2156 adtester-container adtester-container-156\" data-ez-name=\"hiszodiac_com-large-mobile-banner-2\"><span id=\"div-gpt-ad-hiszodiac_com-large-mobile-banner-2-0\" ezaw=\"468\" ezah=\"60\" style=\"position:relative;z-index:0;display:inline-block;padding:0;width:100%;max-width:1200px;margin-left:auto!important;margin-right:auto!important;min-height:90px;min-width:728px\" class=\"ezoic-ad\"><\/span><\/span>B\u00e4r bebisar i september bl\u00e5 safirsmycken?<span class=\"ez-toc-section-end\"><\/span><span class=\"ez-toc-section-end\"><\/span><\/h2>\n<p>Jungfrun \u00e4r stj\u00e4rntecknet f\u00f6r dem som f\u00f6ddes mellan 24 augusti och 22 september. <\/p>\n<p>Merkurius \u00e4r tecknets styrande planet, och Jungfrun \u00e4r dess symbol. <\/p>\n<p>  Beroende p\u00e5 deras styrande planeter upplever varje individ b\u00e5de gynnsam och negativ utveckling. <\/p>\n<p>  Men att b\u00e4ra en birthstone har en betydande inverkan p\u00e5 att berika och f\u00f6rb\u00e4ttra en persons liv. <\/p>\n<p>  Det kanaliserar all positiv energi fr\u00e5n den styrande planeten och f\u00e5r den att sympatisera med b\u00e4raren.<\/p>\n<p>Jungfruns f\u00f6delsesten \u00e4r bl\u00e5 safir;  Legenden s\u00e4ger att kraften i denna sten ligger i str\u00e5larna den emanerar. <\/p>\n<p>  Det p\u00e5verkar i h\u00f6g grad anv\u00e4ndaren p\u00e5 grund av dess unika ton, kristallstruktur och egenskaper. <\/p>\n<p>  Stenen \u00e4r bl\u00e5, vilket anses vara en mycket viktig och kraftfull nyans. <\/p>\n<p>  J\u00e4mf\u00f6rt med andra stenar av liknande f\u00e4rg, tros den bl\u00e5 nyansen av safir vara den ljusaste.<\/p>\n<p>Vi hoppas att du gillade v\u00e5r artikel Vilken f\u00f6delsesten \u00e4r den bl\u00e5 safiren? och allt relaterat till horoskop, tarot, ritualer och allt relaterat.<\/p>\n<figure class=\"wp-block-table is-style-regular\">\n<\/figure>\n<p>Intressanta saker att veta inneb\u00f6rden: Tarot  <\/p>\n<p>\u00c4ven h\u00e4r l\u00e4mnar vi \u00e4mnen relaterade till: Tarot<\/p>\n<\/p>\n<p><\/p>\n<p>Vi hoppas att du gillade v\u00e5r artikel Vilken f\u00f6delsesten \u00e4r bl\u00e5 safir?<br \/>\n och allt om horoskop, tarot, ritualer och allt relaterat till det &#8230;<\/p>\n<figure class=\"wp-block-table is-style-regular\">\n<table style=\"width: 284px; height: 157px;\">\n<tbody>\n<tr>\n<td class=\"has-text-align-center\" data-align=\"center\"><img loading=\"lazy\" decoding=\"async\" class=\"alignleft\" src=\" https:\/\/goroskop.tv\/wp-content\/uploads\/2023\/05\/tarot1.jpg \" alt=\" Vilken f\u00f6delsesten \u00e4r bl\u00e5 safir?\n \" width=\"65\" height=\"95\" title=\"\"><img loading=\"lazy\" decoding=\"async\" class=\"alignleft\" style=\"width: 60px;\" src=\" https:\/\/goroskop.tv\/wp-content\/uploads\/2023\/05\/tarot2.jpg \" alt=\" Vilken f\u00f6delsesten \u00e4r bl\u00e5 safir?\n \" width=\"195\" height=\"300\" title=\"\"><img decoding=\"async\" class=\"alignleft\" style=\"width: 60px;\" src=\" https:\/\/goroskop.tv\/wp-content\/uploads\/2023\/05\/tarot3.jpg \" alt=\" Vilken f\u00f6delsesten \u00e4r bl\u00e5 safir?\n \" title=\"\"><\/td>\n<\/tr>\n<\/tbody>\n<\/table>\n<\/figure>\n<p>Intressanta saker att veta inneb\u00f6rden: <a href=\"https:\/\/sv.wikipedia.org\/wiki\/Tarot\" target=\"_blank\" rel=\"nofollow noopener\"> Tarot <\/a> <\/p>\n<p>H\u00e4r l\u00e4mnar vi ocks\u00e5 \u00e4mnen relaterade till: <a href=\" https:\/\/goroskop.tv\/sw\/kommer-leo-och-skorpionen-overens-som-vanner\/\">Tarot<\/a><\/p>\n<div id=\"ez-toc-container\" class=\"ez-toc-v2_0_82_2 ez-toc-wrap-center counter-hierarchy ez-toc-counter ez-toc-grey ez-toc-container-direction\">\n<div class=\"ez-toc-title-container\">\n<div class=\"ez-toc-title\" style=\"cursor:inherit\">Table of Contents<\/div>\n<span class=\"ez-toc-title-toggle\"><a href=\"#\" class=\"ez-toc-pull-right ez-toc-btn ez-toc-btn-xs ez-toc-btn-default ez-toc-toggle\" aria-label=\"Alternar tabla de contenidos\"><span class=\"ez-toc-js-icon-con\"><span class=\"\"><span class=\"eztoc-hide\" style=\"display:none;\">Toggle<\/span><span class=\"ez-toc-icon-toggle-span\"><svg style=\"fill: #999;color:#999\" xmlns=\"http:\/\/www.w3.org\/2000\/svg\" class=\"list-377408\" width=\"20px\" height=\"20px\" viewBox=\"0 0 24 24\" fill=\"none\"><path d=\"M6 6H4v2h2V6zm14 0H8v2h12V6zM4 11h2v2H4v-2zm16 0H8v2h12v-2zM4 16h2v2H4v-2zm16 0H8v2h12v-2z\" fill=\"currentColor\"><\/path><\/svg><svg style=\"fill: #999;color:#999\" class=\"arrow-unsorted-368013\" xmlns=\"http:\/\/www.w3.org\/2000\/svg\" width=\"10px\" height=\"10px\" viewBox=\"0 0 24 24\" version=\"1.2\" baseProfile=\"tiny\"><path d=\"M18.2 9.3l-6.2-6.3-6.2 6.3c-.2.2-.3.4-.3.7s.1.5.3.7c.2.2.4.3.7.3h11c.3 0 .5-.1.7-.3.2-.2.3-.5.3-.7s-.1-.5-.3-.7zM5.8 14.7l6.2 6.3 6.2-6.3c.2-.2.3-.5.3-.7s-.1-.5-.3-.7c-.2-.2-.4-.3-.7-.3h-11c-.3 0-.5.1-.7.3-.2.2-.3.5-.3.7s.1.5.3.7z\"\/><\/svg><\/span><\/span><\/span><\/a><\/span><\/div>\n<nav><ul class='ez-toc-list ez-toc-list-level-1 eztoc-toggle-hide-by-default' ><li class='ez-toc-page-1 ez-toc-heading-level-2'><a class=\"ez-toc-link ez-toc-heading-1\" href=\"https:\/\/goroskop.tv\/sw\/vilken-fodelsesten-ar-bla-safir\/#Vilken_fodelsesten_ar_bla_safir\" >Vilken f\u00f6delsesten \u00e4r bl\u00e5 safir?<\/a><\/li><li class='ez-toc-page-1 ez-toc-heading-level-2'><a class=\"ez-toc-link ez-toc-heading-2\" href=\"https:\/\/goroskop.tv\/sw\/vilken-fodelsesten-ar-bla-safir\/#Nar_foddes_den_bla_safiren\" >N\u00e4r f\u00f6ddes den bl\u00e5 safiren?<\/a><\/li><li class='ez-toc-page-1 ez-toc-heading-level-2'><a class=\"ez-toc-link ez-toc-heading-3\" href=\"https:\/\/goroskop.tv\/sw\/vilken-fodelsesten-ar-bla-safir\/#Vad_betyder_bla_safir\" >Vad betyder bl\u00e5 safir?<\/a><\/li><li class='ez-toc-page-1 ez-toc-heading-level-2'><a class=\"ez-toc-link ez-toc-heading-4\" href=\"https:\/\/goroskop.tv\/sw\/vilken-fodelsesten-ar-bla-safir\/#Varfor_ar_safir_fodelsestenen_i_september\" >Varf\u00f6r \u00e4r safir f\u00f6delsestenen i september?<\/a><\/li><li class='ez-toc-page-1 ez-toc-heading-level-2'><a class=\"ez-toc-link ez-toc-heading-5\" href=\"https:\/\/goroskop.tv\/sw\/vilken-fodelsesten-ar-bla-safir\/#Vad_symboliserar_fodelsestenen_i_safir\" >Vad symboliserar f\u00f6delsestenen i safir?<\/a><\/li><li class='ez-toc-page-1 ez-toc-heading-level-2'><a class=\"ez-toc-link ez-toc-heading-6\" href=\"https:\/\/goroskop.tv\/sw\/vilken-fodelsesten-ar-bla-safir\/#Ar_safir_en_fodelsesten_for_juli\" >\u00c4r safir en f\u00f6delsesten f\u00f6r juli?<\/a><\/li><li class='ez-toc-page-1 ez-toc-heading-level-2'><a class=\"ez-toc-link ez-toc-heading-7\" href=\"https:\/\/goroskop.tv\/sw\/vilken-fodelsesten-ar-bla-safir\/#Vem_ska_bara_en_bla_safir\" >Vem ska b\u00e4ra en bl\u00e5 safir?<\/a><\/li><li class='ez-toc-page-1 ez-toc-heading-level-2'><a class=\"ez-toc-link ez-toc-heading-8\" href=\"https:\/\/goroskop.tv\/sw\/vilken-fodelsesten-ar-bla-safir\/#Vad_ar_kraften_i_den_bla_safiren\" >Vad \u00e4r kraften i den bl\u00e5 safiren?<\/a><\/li><li class='ez-toc-page-1 ez-toc-heading-level-2'><a class=\"ez-toc-link ez-toc-heading-9\" href=\"https:\/\/goroskop.tv\/sw\/vilken-fodelsesten-ar-bla-safir\/#Vad_innebar_det_att_bara_en_safirring\" >Vad inneb\u00e4r det att b\u00e4ra en safirring?<\/a><\/li><li class='ez-toc-page-1 ez-toc-heading-level-2'><a class=\"ez-toc-link ez-toc-heading-10\" href=\"https:\/\/goroskop.tv\/sw\/vilken-fodelsesten-ar-bla-safir\/#Bar_bebisar_i_september_bla_safirsmycken\" >B\u00e4r bebisar i september bl\u00e5 safirsmycken?<\/a><\/li><\/ul><\/nav><\/div>\n","protected":false},"excerpt":{"rendered":"<p>Vilken f\u00f6delsesten \u00e4r bl\u00e5 safir? Safirp\u00e4rlan, som har varit uppskattad i tusentals \u00e5r, \u00e4r f\u00f6delsestenen f\u00f6r september. Termen safir syftar generellt p\u00e5 den bl\u00e5 varianten av korund, medan rubin \u00e4r den r\u00f6da versionen, men denna f\u00f6delsesten finns i ett brett utbud av olika nyanser. \u00abSafir kommer fr\u00e5n det grekiska ordet sappheiros, och bl\u00e5 safir \u00e4r &hellip;<\/p>\n","protected":false},"author":1,"featured_media":48,"comment_status":"closed","ping_status":"closed","sticky":false,"template":"","format":"standard","meta":{"footnotes":""},"categories":[4],"tags":[10,1206,275,4106,86],"class_list":["post-65036","post","type-post","status-publish","format-standard","has-post-thumbnail","hentry","category-tarot","tag-ar","tag-bla","tag-fodelsesten","tag-safir","tag-vilken"],"_links":{"self":[{"href":"https:\/\/goroskop.tv\/sw\/wp-json\/wp\/v2\/posts\/65036","targetHints":{"allow":["GET"]}}],"collection":[{"href":"https:\/\/goroskop.tv\/sw\/wp-json\/wp\/v2\/posts"}],"about":[{"href":"https:\/\/goroskop.tv\/sw\/wp-json\/wp\/v2\/types\/post"}],"author":[{"embeddable":true,"href":"https:\/\/goroskop.tv\/sw\/wp-json\/wp\/v2\/users\/1"}],"replies":[{"embeddable":true,"href":"https:\/\/goroskop.tv\/sw\/wp-json\/wp\/v2\/comments?post=65036"}],"version-history":[{"count":0,"href":"https:\/\/goroskop.tv\/sw\/wp-json\/wp\/v2\/posts\/65036\/revisions"}],"wp:featuredmedia":[{"embeddable":true,"href":"https:\/\/goroskop.tv\/sw\/wp-json\/wp\/v2\/media\/48"}],"wp:attachment":[{"href":"https:\/\/goroskop.tv\/sw\/wp-json\/wp\/v2\/media?parent=65036"}],"wp:term":[{"taxonomy":"category","embeddable":true,"href":"https:\/\/goroskop.tv\/sw\/wp-json\/wp\/v2\/categories?post=65036"},{"taxonomy":"post_tag","embeddable":true,"href":"https:\/\/goroskop.tv\/sw\/wp-json\/wp\/v2\/tags?post=65036"}],"curies":[{"name":"wp","href":"https:\/\/api.w.org\/{rel}","templated":true}]}}