{"id":65728,"date":"2023-09-06T12:02:11","date_gmt":"2023-09-06T12:02:11","guid":{"rendered":"https:\/\/goroskop.tv\/sw\/kraftans-fargegenskaper-och-karlek\/"},"modified":"2023-09-06T12:02:11","modified_gmt":"2023-09-06T12:02:11","slug":"kraftans-fargegenskaper-och-karlek","status":"publish","type":"post","link":"https:\/\/goroskop.tv\/sw\/kraftans-fargegenskaper-och-karlek\/","title":{"rendered":"Kr\u00e4ftans f\u00e4rgegenskaper och k\u00e4rlek"},"content":{"rendered":"<p><\/p>\n<h2><span class=\"ez-toc-section\" id=\"Kraftans_fargegenskaper_och_karlek\"><\/span><span class=\"ez-toc-section\" id=\"Cancer_Color_Caracteristicas_y_Amor\"><\/span>  Kr\u00e4ftans f\u00e4rgegenskaper och k\u00e4rlek<span class=\"ez-toc-section-end\"><\/span><\/h2>\n<p>Den representativa f\u00e4rgen p\u00e5 stj\u00e4rntecknet Cancer \u00e4r silver. <\/p>\n<p>  Ju n\u00e4rmare gr\u00e5tt kommer svart, desto mer mystiskt och dramatiskt blir det. <\/p>\n<p>  Silver \u00e4r ocks\u00e5 gl\u00e4nsande och elegant.<\/p>\n<p>Ju n\u00e4rmare det kommer vitt, desto mer lysande och rent blir det. <\/p>\n<p>  Och s\u00e5 \u00e4r cancern, som lever mellan ytterligheterna. <\/p>\n<p>  Silver som kraftf\u00e4rg f\u00f6rdubblar den fantastiska accenten.<\/p>\n<p>De andra nyanserna som \u00e4r kopplade till stj\u00e4rntecknet Cancer \u00e4r lila, bl\u00e5 och pasteller i allm\u00e4nhet. <\/p>\n<p>  Det s\u00e4gs att dessa f\u00e4rger \u00e4r f\u00f6rdelaktiga f\u00f6r alla inf\u00f6dda i detta tecken och att de b\u00f6r anv\u00e4nda dessa toner i alla typer av f\u00f6rem\u00e5l som de omger sig med, s\u00e5som kl\u00e4der eller hemdekorationer.<\/p>\n<p>L\u00e5t oss se hur f\u00e4rgen p\u00e5 stj\u00e4rntecknet p\u00e5verkar egenskaperna hos dessa inf\u00f6dda!<\/p>\n<p>M\u00e4nniskor som har silver som teckenf\u00e4rg \u00e4r fantasifulla, reserverade och deducible. <\/p>\n<p>  Din balanserade, sj\u00e4lvs\u00e4kra och sj\u00e4lvst\u00e4ndiga livsstil \u00e4r attraktiv och det \u00e4r \u00e4ven din vanliga k\u00e4nslom\u00e4ssiga avskildhet. <\/p>\n<p>  Deras kreativa och h\u00e5rt arbetande anda ger dem vanligtvis det tillfredsst\u00e4llande, andliga liv de l\u00e4ngtar efter.<\/p>\n<p>Silver gynnas av coola men \u00e4nd\u00e5 energiska m\u00e4nniskor som gillar att utmana sig sj\u00e4lva i olika anstr\u00e4ngningar och tycker om att l\u00e4ra sig nya saker fr\u00e5n varje upplevelse de g\u00e5r igenom. <\/p>\n<p>  De vet hur de ska agera och vad de ska s\u00e4ga n\u00e4r som helst och i vilken situation som helst, men de tenderar att f\u00f6rbli reserverade och fokuserade p\u00e5 sina egna liv. <\/p>\n<p>  De \u00e4r tysta och d\u00f6ljer ofta sina k\u00e4nslor och har komplicerade och f\u00f6rvirrande k\u00e4rleksliv.<\/p>\n<p>De hatar inget mer \u00e4n att bli or\u00e4ttvist behandlade och det \u00e4r de enda \u00f6gonblicken d\u00e5 de agerar och vill bli uppm\u00e4rksammade och visa all sin dolda styrka. <\/p>\n<p>  F\u00e4rgen Silver symboliserar aktivitet, andlighet och insikt. <\/p>\n<p>  Det \u00e4r f\u00f6rknippat med aktivitet och inspirerar till r\u00f6relse.<\/p>\n<p>De som f\u00f6redrar silver \u00e4r lika deducible och k\u00e4nslom\u00e4ssiga f\u00f6r\u00e4lskade som de \u00e4r i den andra aspekten av deras liv. <\/p>\n<p>  De \u00e4r m\u00e4nniskor med h\u00f6g andlig anknytning och l\u00e4ngtar efter en relation d\u00e4r de inte bara kan etablera en k\u00e4nslom\u00e4ssig f\u00f6rbindelse med sin partner, utan ocks\u00e5 en djupare f\u00f6rst\u00e5else f\u00f6r k\u00e4rlek och lojalitet. <\/p>\n<p>  De kan ses som kl\u00e4ngiga, men i sj\u00e4lva verket \u00e4r det deras behov av att visa och ta emot lika mycket tillgivenhet.<\/p>\n<p>De \u00e4r tillgivna och milda n\u00e4r en person v\u00e4l f\u00e5r deras uppm\u00e4rksamhet och de kommer s\u00e4kerligen inte att l\u00e4mna n\u00e4r n\u00e5gon vinner deras f\u00f6rtroende. <\/p>\n<p>  Dessa m\u00e4nniskor dras till nyhet och uppt\u00e4ckten av nytt territorium, men de vet ocks\u00e5 n\u00e4r de ska stoppa detta beteende och helt enkelt n\u00f6ja sig med en person som de erbjuder sin odelade k\u00e4rlek och uppm\u00e4rksamhet.<\/p>\n<p>Ibland \u00e4r de lynniga och sv\u00e5ra att hantera, men bel\u00f6ningen av att ha en s\u00e5dan person vid sin vih \u00e4r mycket st\u00f6rre. <\/p>\n<p>  De \u00e4r extremt romantiska och l\u00e5ter ofta sina hj\u00e4rtan styra deras sinnen, men deras intuition l\u00e5ter dem aldrig fatta fel beslut. <\/p>\n<p>  De \u00e4r ocks\u00e5 snabba att g\u00e5 bort fr\u00e5n alla relationer som inte \u00e4r tillr\u00e4ckligt tillfredsst\u00e4llande f\u00f6r dem.<\/p>\n<p>Vi hoppas att du gillade v\u00e5r artikel Cancer Color Characteristics and Love<\/p>\n<p>  och allt relaterat till horoskop, tarot, ritualer och allt relaterat..<\/p>\n<figure class=\"wp-block-table is-style-regular\">\n<\/figure>\n<p>Intressanta saker att veta inneb\u00f6rden: Horoskop  <\/p>\n<p>\u00c4ven h\u00e4r l\u00e4mnar vi \u00e4mnen relaterade till: Horoskop<\/p>\n<\/p>\n<p><\/p>\n<p>Vi hoppas att du gillade v\u00e5r artikel Kr\u00e4ftans f\u00e4rgegenskaper och k\u00e4rlek<br \/>\n och allt om horoskop, tarot, ritualer och allt relaterat till det &#8230;<\/p>\n<figure class=\"wp-block-table is-style-regular\">\n<table style=\"width: 284px; height: 157px;\">\n<tbody>\n<tr>\n<td class=\"has-text-align-center\" data-align=\"center\"><img loading=\"lazy\" decoding=\"async\" class=\"alignleft\" src=\" https:\/\/goroskop.tv\/wp-content\/uploads\/2023\/05\/horoscopodo12.jpg \" alt=\" Kr\u00e4ftans f\u00e4rgegenskaper och k\u00e4rlek\n \" width=\"65\" height=\"95\" title=\"\"><img loading=\"lazy\" decoding=\"async\" class=\"alignleft\" style=\"width: 60px;\" src=\" https:\/\/goroskop.tv\/wp-content\/uploads\/2023\/05\/horoscopodo11.jpg \" alt=\" Kr\u00e4ftans f\u00e4rgegenskaper och k\u00e4rlek\n \" width=\"195\" height=\"300\" title=\"\"><img decoding=\"async\" class=\"alignleft\" style=\"width: 60px;\" src=\" https:\/\/goroskop.tv\/wp-content\/uploads\/2023\/05\/horoscopodo10.jpg \" alt=\" Kr\u00e4ftans f\u00e4rgegenskaper och k\u00e4rlek\n \" title=\"\"><\/td>\n<\/tr>\n<\/tbody>\n<\/table>\n<\/figure>\n<p>Intressanta saker att veta inneb\u00f6rden: <a href=\"https:\/\/sv.wikipedia.org\/wiki\/Horoskop\" target=\"_blank\" rel=\"nofollow noopener\"> Horoskop <\/a> <\/p>\n<p>H\u00e4r l\u00e4mnar vi ocks\u00e5 \u00e4mnen relaterade till: <a href=\" https:\/\/goroskop.tv\/sw\/den-perfekta-kandispojkvannen-for-dig\/\">Horoskop<\/a> <\/p>\n<div id=\"ez-toc-container\" class=\"ez-toc-v2_0_82_2 ez-toc-wrap-center counter-hierarchy ez-toc-counter ez-toc-grey ez-toc-container-direction\">\n<div class=\"ez-toc-title-container\">\n<div class=\"ez-toc-title\" style=\"cursor:inherit\">Table of Contents<\/div>\n<span class=\"ez-toc-title-toggle\"><a href=\"#\" class=\"ez-toc-pull-right ez-toc-btn ez-toc-btn-xs ez-toc-btn-default ez-toc-toggle\" aria-label=\"Alternar tabla de contenidos\"><span class=\"ez-toc-js-icon-con\"><span class=\"\"><span class=\"eztoc-hide\" style=\"display:none;\">Toggle<\/span><span class=\"ez-toc-icon-toggle-span\"><svg style=\"fill: #999;color:#999\" xmlns=\"http:\/\/www.w3.org\/2000\/svg\" class=\"list-377408\" width=\"20px\" height=\"20px\" viewBox=\"0 0 24 24\" fill=\"none\"><path d=\"M6 6H4v2h2V6zm14 0H8v2h12V6zM4 11h2v2H4v-2zm16 0H8v2h12v-2zM4 16h2v2H4v-2zm16 0H8v2h12v-2z\" fill=\"currentColor\"><\/path><\/svg><svg style=\"fill: #999;color:#999\" class=\"arrow-unsorted-368013\" xmlns=\"http:\/\/www.w3.org\/2000\/svg\" width=\"10px\" height=\"10px\" viewBox=\"0 0 24 24\" version=\"1.2\" baseProfile=\"tiny\"><path d=\"M18.2 9.3l-6.2-6.3-6.2 6.3c-.2.2-.3.4-.3.7s.1.5.3.7c.2.2.4.3.7.3h11c.3 0 .5-.1.7-.3.2-.2.3-.5.3-.7s-.1-.5-.3-.7zM5.8 14.7l6.2 6.3 6.2-6.3c.2-.2.3-.5.3-.7s-.1-.5-.3-.7c-.2-.2-.4-.3-.7-.3h-11c-.3 0-.5.1-.7.3-.2.2-.3.5-.3.7s.1.5.3.7z\"\/><\/svg><\/span><\/span><\/span><\/a><\/span><\/div>\n<nav><ul class='ez-toc-list ez-toc-list-level-1 eztoc-toggle-hide-by-default' ><li class='ez-toc-page-1 ez-toc-heading-level-2'><a class=\"ez-toc-link ez-toc-heading-1\" href=\"https:\/\/goroskop.tv\/sw\/kraftans-fargegenskaper-och-karlek\/#Kraftans_fargegenskaper_och_karlek\" >Kr\u00e4ftans f\u00e4rgegenskaper och k\u00e4rlek<\/a><\/li><\/ul><\/nav><\/div>\n","protected":false},"excerpt":{"rendered":"<p>Kr\u00e4ftans f\u00e4rgegenskaper och k\u00e4rlek Den representativa f\u00e4rgen p\u00e5 stj\u00e4rntecknet Cancer \u00e4r silver. Ju n\u00e4rmare gr\u00e5tt kommer svart, desto mer mystiskt och dramatiskt blir det. Silver \u00e4r ocks\u00e5 gl\u00e4nsande och elegant. Ju n\u00e4rmare det kommer vitt, desto mer lysande och rent blir det. Och s\u00e5 \u00e4r cancern, som lever mellan ytterligheterna. Silver som kraftf\u00e4rg f\u00f6rdubblar den &hellip;<\/p>\n","protected":false},"author":1,"featured_media":41,"comment_status":"closed","ping_status":"closed","sticky":false,"template":"","format":"standard","meta":{"footnotes":""},"categories":[2],"tags":[14311,315,402,40],"class_list":["post-65728","post","type-post","status-publish","format-standard","has-post-thumbnail","hentry","category-horoskop","tag-fargegenskaper","tag-karlek","tag-kraftans","tag-och"],"_links":{"self":[{"href":"https:\/\/goroskop.tv\/sw\/wp-json\/wp\/v2\/posts\/65728","targetHints":{"allow":["GET"]}}],"collection":[{"href":"https:\/\/goroskop.tv\/sw\/wp-json\/wp\/v2\/posts"}],"about":[{"href":"https:\/\/goroskop.tv\/sw\/wp-json\/wp\/v2\/types\/post"}],"author":[{"embeddable":true,"href":"https:\/\/goroskop.tv\/sw\/wp-json\/wp\/v2\/users\/1"}],"replies":[{"embeddable":true,"href":"https:\/\/goroskop.tv\/sw\/wp-json\/wp\/v2\/comments?post=65728"}],"version-history":[{"count":0,"href":"https:\/\/goroskop.tv\/sw\/wp-json\/wp\/v2\/posts\/65728\/revisions"}],"wp:featuredmedia":[{"embeddable":true,"href":"https:\/\/goroskop.tv\/sw\/wp-json\/wp\/v2\/media\/41"}],"wp:attachment":[{"href":"https:\/\/goroskop.tv\/sw\/wp-json\/wp\/v2\/media?parent=65728"}],"wp:term":[{"taxonomy":"category","embeddable":true,"href":"https:\/\/goroskop.tv\/sw\/wp-json\/wp\/v2\/categories?post=65728"},{"taxonomy":"post_tag","embeddable":true,"href":"https:\/\/goroskop.tv\/sw\/wp-json\/wp\/v2\/tags?post=65728"}],"curies":[{"name":"wp","href":"https:\/\/api.w.org\/{rel}","templated":true}]}}