{"id":66470,"date":"2023-09-06T14:33:01","date_gmt":"2023-09-06T14:33:01","guid":{"rendered":"https:\/\/goroskop.tv\/sw\/varfor-andrades-fodelsestenen-i-december\/"},"modified":"2023-09-06T14:33:01","modified_gmt":"2023-09-06T14:33:01","slug":"varfor-andrades-fodelsestenen-i-december","status":"publish","type":"post","link":"https:\/\/goroskop.tv\/sw\/varfor-andrades-fodelsestenen-i-december\/","title":{"rendered":"Varf\u00f6r \u00e4ndrades f\u00f6delsestenen i december?"},"content":{"rendered":"<p><\/p>\n<h2><span class=\"ez-toc-section\" id=\"Varfor_andrades_fodelsestenen_i_december\"><\/span><span class=\"ez-toc-section\" id=\"%C2%BFPor_que_cambio_la_piedra_natal_de_diciembre\"><\/span>  Varf\u00f6r \u00e4ndrades f\u00f6delsestenen i december?<span class=\"ez-toc-section-end\"><\/span><span class=\"ez-toc-section-end\"><\/span><\/h2>\n<p>P\u00e5 Mohs h\u00e5rdhetsskalan \u00e4r zirkon mellan 6 och 7,5. <\/p>\n<p>  Det v\u00e4rms ofta upp f\u00f6r att g\u00f6ra orange, gul, r\u00f6d, bl\u00e5 och f\u00e4rgl\u00f6sa varianter. <\/p>\n<p>  \u00c4delstenen \u00e4r vanligtvis stabil i n\u00e4rvaro av ljus, men efter l\u00e5ngvarig exponering f\u00f6r starkt ljus kan vissa v\u00e4rmebehandlade stenar \u00e5terg\u00e5 till sina ursprungliga f\u00e4rger, som vanligtvis \u00e4r ljusbruna. <\/p>\n<p>  Vissa zirkoner kan \u00e4ndra f\u00e4rg n\u00e4r de uts\u00e4tts f\u00f6r v\u00e4rme. <\/p>\n<p>  N\u00e4r den uts\u00e4tts f\u00f6r kemikalier f\u00f6rblir f\u00f6delsestenen i december stabil.<\/p>\n<p>Zirkon tenderar att slitas, s\u00e5 det rekommenderas att undvika att anv\u00e4nda det i anstr\u00e4ngande aktiviteter som tr\u00e4dg\u00e5rdsarbete, friidrott eller hush\u00e5llsarbete.<\/p>\n<p>Anv\u00e4nd en mjuk borste och varmt vatten med en mild tv\u00e5l f\u00f6r att reng\u00f6ra din zirkon. <\/p>\n<p>  Denna f\u00f6delsesten i december b\u00f6r inte reng\u00f6ras med ultraljud eller \u00e5ngtv\u00e4tt.<\/p>\n<h2><span class=\"ez-toc-section\" id=\"Vilken_var_den_ursprungliga_fodelsestenen_for_decemberfodelsestenen\"><\/span><span class=\"ez-toc-section\" id=\"%C2%BFCual_fue_la_piedra_de_nacimiento_inicial_de_la_piedra_natal_de_diciembre\"><\/span><span id=\"ezoic-pub-ad-placeholder-144\" class=\"ezoic-adpicker-ad\"><\/span>Vilken var den ursprungliga f\u00f6delsestenen f\u00f6r decemberf\u00f6delsestenen?<span class=\"ez-toc-section-end\"><\/span><span class=\"ez-toc-section-end\"><\/span><\/h2>\n<p>\u00c4ven om det inte \u00e4r den enda m\u00e5naden med flera erk\u00e4nda f\u00f6delsestenar, har december flest f\u00f6delsestenar totalt sett. <\/p>\n<p>  Traditionella decemberf\u00f6delsestenar inkluderade turkos och lapis lazuli, en annan v\u00e4lk\u00e4nd bl\u00e5 \u00e4delsten. <\/p>\n<p>  De mest popul\u00e4ra actualizada \u00e4delstenarna f\u00f6r decemberf\u00f6delsedagar idag \u00e4r den ljusaste bl\u00e5 topas och zirkon.<\/p>\n<h2><span class=\"ez-toc-section\" id=\"Varfor_finns_det_flera_fodelsestenar_for_december\"><\/span><span class=\"ez-toc-section\" id=\"%C2%BFPor_que_hay_varias_piedras_de_nacimiento_para_diciembre\"><\/span><span id=\"ezoic-pub-ad-placeholder-145\" class=\"ezoic-adpicker-ad\"><\/span><span class=\"ezoic-ad ezoic-at-0 banner-1 banner-1145 adtester-container adtester-container-145\" data-ez-name=\"hiszodiac_com-banner-1\"><span id=\"div-gpt-ad-hiszodiac_com-banner-1-0\" ezaw=\"300\" ezah=\"250\" style=\"position:relative;z-index:0;display:inline-block;padding:0;min-height:250px;min-width:300px\" class=\"ezoic-ad\"><\/span><\/span>Varf\u00f6r finns det flera f\u00f6delsestenar f\u00f6r december?<span class=\"ez-toc-section-end\"><\/span><span class=\"ez-toc-section-end\"><\/span><\/h2>\n<p>Detta faktum orsakar viss f\u00f6rvirring, men variationen av m\u00f6jligheter under n\u00e5gra m\u00e5nader utvecklades f\u00f6r att ge kunderna ett urval av billigare val ut\u00f6ver de dyrare och mer typiska stenarna. <\/p>\n<p>  N\u00e4r december fick ett tredje birthstone-alternativ i oktober 2002, var det det sista f\u00f6rs\u00f6ket att standardisera birthstone-systemet.<\/p>\n<h2><span class=\"ez-toc-section\" id=\"Har_fodelsestenen_for_december_andrats\"><\/span><span class=\"ez-toc-section\" id=\"%C2%BFHa_cambiado_la_piedra_natal_de_diciembre\"><\/span><span id=\"ezoic-pub-ad-placeholder-146\" class=\"ezoic-adpicker-ad\"><\/span>Har f\u00f6delsestenen f\u00f6r december \u00e4ndrats?<span class=\"ez-toc-section-end\"><\/span><span class=\"ez-toc-section-end\"><\/span><\/h2>\n<p>Ursprungligen var decemberf\u00f6delsestenarna turkos och lapis lazuli. <\/p>\n<p>  B\u00e5da visar vinterinspirerade bl\u00e5 toner. <\/p>\n<p>  Men med tidens g\u00e5ng skulle denna lista f\u00f6r\u00e4ndras. <\/p>\n<p>  Lapis lazuli ers\u00e4tts av bl\u00e5 zirkon i b\u00f6rjan av 1950-talet som ett resultat av \u00f6kande konsumentefterfr\u00e5gan.<\/p>\n<h2><span class=\"ez-toc-section\" id=\"Vilka_tre_stenar_ar_decemberfodelsestenar\"><\/span><span class=\"ez-toc-section\" id=\"%C2%BFQue_tres_piedras_son_las_piedras_de_nacimiento_de_diciembre\"><\/span><span id=\"ezoic-pub-ad-placeholder-147\" class=\"ezoic-adpicker-ad\"><\/span>Vilka tre stenar \u00e4r decemberf\u00f6delsestenar?<span class=\"ez-toc-section-end\"><\/span><span class=\"ez-toc-section-end\"><\/span><\/h2>\n<p>P\u00e5 grund av deras attraktiva bl\u00e5aktiga f\u00e4rg \u00e4lskar m\u00e5nga f\u00f6delsestenar f\u00f6r december m\u00e5nad. <\/p>\n<p>  Turkos, bl\u00e5 zirkon och tanzanit \u00e4r de tre \u00e4delstenarna f\u00f6r december, och de har alla vackra blixtar av bl\u00e5tt ist\u00e4llet f\u00f6r de vanliga julf\u00e4rgerna r\u00f6tt och gr\u00f6nt.<\/p>\n<h2><span class=\"ez-toc-section\" id=\"Hur_ovanlig_ar_fodelsestenen_i_december\"><\/span><span class=\"ez-toc-section\" id=\"%C2%BFQue_tan_poco_comun_es_la_piedra_de_nacimiento_de_diciembre\"><\/span><span id=\"ezoic-pub-ad-placeholder-148\" class=\"ezoic-adpicker-ad\"><\/span><span class=\"ezoic-ad ezoic-at-0 large-mobile-banner-2 large-mobile-banner-2148 adtester-container adtester-container-148\" data-ez-name=\"hiszodiac_com-large-mobile-banner-2\"><span id=\"div-gpt-ad-hiszodiac_com-large-mobile-banner-2-0\" ezaw=\"300\" ezah=\"250\" style=\"position:relative;z-index:0;display:inline-block;padding:0;min-height:250px;min-width:300px\" class=\"ezoic-ad\"><\/span><\/span>Hur ovanlig \u00e4r f\u00f6delsestenen i december?<span class=\"ez-toc-section-end\"><\/span><span class=\"ez-toc-section-end\"><\/span><\/h2>\n<p>Du \u00e4r en av de f\u00e5 lyckliga som har denna vackra \u00e4delsten som din f\u00f6delsesten om du \u00e4r f\u00f6dd i december m\u00e5nad. <\/p>\n<p>  Den sista bl\u00e5 \u00e4delstenen, diamanten, \u00e4r tusen g\u00e5nger s\u00e4llsyntare.<\/p>\n<h2><span class=\"ez-toc-section\" id=\"Vilken_fodelsesten_har_den_sallsynta_stenen\"><\/span><span class=\"ez-toc-section\" id=\"%C2%BFQue_piedra_de_nacimiento_tiene_la_piedra_mas_rara\"><\/span><span id=\"ezoic-pub-ad-placeholder-153\" class=\"ezoic-adpicker-ad\"><\/span><span class=\"ezoic-ad ezoic-at-0 large-mobile-banner-1 large-mobile-banner-1153 adtester-container adtester-container-153\" data-ez-name=\"hiszodiac_com-large-mobile-banner-1\"><span id=\"div-gpt-ad-hiszodiac_com-large-mobile-banner-1-0\" ezaw=\"300\" ezah=\"250\" style=\"position:relative;z-index:0;display:inline-block;padding:0;min-height:250px;min-width:300px\" class=\"ezoic-ad\"><\/span><\/span>Vilken f\u00f6delsesten har den s\u00e4llsynta stenen?<span class=\"ez-toc-section-end\"><\/span><span class=\"ez-toc-section-end\"><\/span><\/h2>\n<p>Medan vissa f\u00f6delsestenar \u00e4r mer tillg\u00e4ngliga \u00e4n andra, tros s\u00e4rskilt \u00e4delstenar vara relativt s\u00e4llsynta. <\/p>\n<p>  Men eftersom vissa riktigt dyra stenar inte \u00e4r s\u00e5 s\u00e4llsynta och vice versa, kan prislappar vara missvisande n\u00e4r det kommer till s\u00e4llsynthet. <\/p>\n<p>  Till exempel, \u00e4ven om den \u00e4r dyr, \u00e4r aprildiamanten mindre s\u00e4llsynt \u00e4n rubiner, smaragder och alexandrit. <\/p>\n<p>  P\u00e5 tal om alexandrit, det \u00e4r nu den dyraste och s\u00e4llsynta \u00e4delstenen p\u00e5 f\u00f6delsestenslistan. <\/p>\n<p>  Dessutom \u00e4r svarta opaler extremt s\u00e4llsynta.<\/p>\n<p>Birthstones ger ett sp\u00e4nnande s\u00e4tt att v\u00e4lja smycken. <\/p>\n<p>  De till\u00e5ter m\u00e4nniskor att unders\u00f6ka smycken som de annars skulle undvika. <\/p>\n<p>  Men birthstones \u00e4r inte alltid vad folk tror att de \u00e4r, s\u00e5 se till att k\u00f6pa birthstonesmycken av r\u00e4tt anledningar n\u00e4r du g\u00f6r ditt val.<\/p>\n<h2><span class=\"ez-toc-section\" id=\"Ar_bla_topas_fodelsestenen_i_december\"><\/span><span class=\"ez-toc-section\" id=\"%C2%BFEs_el_topacio_azul_la_piedra_de_nacimiento_de_diciembre\"><\/span><span id=\"ezoic-pub-ad-placeholder-154\" class=\"ezoic-adpicker-ad\"><\/span>\u00c4r bl\u00e5 topas f\u00f6delsestenen i december?<span class=\"ez-toc-section-end\"><\/span><span class=\"ez-toc-section-end\"><\/span><\/h2>\n<p>Den vanligaste topasf\u00e4rgen och decemberf\u00f6delsestenen, bl\u00e5 topas representerar uppriktighet, intensiv k\u00e4nslom\u00e4ssig anknytning och k\u00e4nslom\u00e4ssig klarhet. <\/p>\n<p>  Den fj\u00e4rde \u00e5rspresentid\u00e9n \u00e4r bl\u00e5 topas, f\u00f6delsestenen f\u00f6r december. <\/p>\n<p>  Eftersom bl\u00e5 topas \u00e4r en s\u00e5 vacker sten f\u00e5r den alla p\u00e5 din lista att k\u00e4nna sig str\u00e5lande, \u00e4ven om du inte har en id\u00e9present att erbjuda en v\u00e4n eller \u00e4lskade eller bara har slut p\u00e5 id\u00e9er. <\/p>\n<p>  Vi har ett brett urval av bl\u00e5 topassmycken p\u00e5 Joseph&#8217;s Jewelry f\u00f6r att passa alla smaker och prisklasser.<\/p>\n<h2><span class=\"ez-toc-section\" id=\"Hur_manga_fodelsestenar_finns_det_i_december\"><\/span><span class=\"ez-toc-section\" id=\"%C2%BFCuantas_piedras_de_nacimiento_hay_en_diciembre\"><\/span><span id=\"ezoic-pub-ad-placeholder-155\" class=\"ezoic-adpicker-ad\"><\/span>Hur m\u00e5nga f\u00f6delsestenar finns det i december?<span class=\"ez-toc-section-end\"><\/span><span class=\"ez-toc-section-end\"><\/span><\/h2>\n<p>Zirkon, tanzanit och turkos \u00e4r de tre \u00e4delstenarna som \u00e4r f\u00f6rknippade med decemberf\u00f6delsedagar. <\/p>\n<p>  Alla dessa \u00e4delstenar har distinkta bl\u00e5 nyanser, vilket g\u00f6r dem till idealiska decemberf\u00f6delsestenar f\u00f6r kalla Minnesota-vintrar. <\/p>\n<p>  Zirkon finns i en m\u00e4ngd olika nyanser, men bl\u00e5tt \u00e4r \u00f6verl\u00e4gset mest popul\u00e4rt.<\/p>\n<h2><span class=\"ez-toc-section\" id=\"Vad_kallas_decemberfodelsestenen\"><\/span><span class=\"ez-toc-section\" id=\"%C2%BFComo_se_llama_la_piedra_natal_de_diciembre\"><\/span><span id=\"ezoic-pub-ad-placeholder-156\" class=\"ezoic-adpicker-ad\"><\/span>Vad kallas decemberf\u00f6delsestenen?<span class=\"ez-toc-section-end\"><\/span><span class=\"ez-toc-section-end\"><\/span><\/h2>\n<p>Turkos \u00e4r mer ogenomskinligt \u00e4n genomskinligt, till skillnad fr\u00e5n m\u00e5nga andra smycken. <\/p>\n<p>  Dess bl\u00e5gr\u00f6na nyans kan variera fr\u00e5n ljusgr\u00f6n eller gr\u00e5gr\u00f6n till himmelsbl\u00e5 eller bl\u00e5gr\u00f6n.<\/p>\n<p>Vi hoppas att du gillade v\u00e5r artikel Varf\u00f6r \u00e4ndrades f\u00f6delsestenen i december? och allt relaterat till horoskop, tarot, ritualer och allt relaterat.<\/p>\n<figure class=\"wp-block-table is-style-regular\">\n<\/figure>\n<p>Intressanta saker att veta inneb\u00f6rden: Tarot  <\/p>\n<p>\u00c4ven h\u00e4r l\u00e4mnar vi \u00e4mnen relaterade till: Tarot<\/p>\n<\/p>\n<p><\/p>\n<p>Vi hoppas att du gillade v\u00e5r artikel Varf\u00f6r \u00e4ndrades f\u00f6delsestenen i december?<br \/>\n och allt om horoskop, tarot, ritualer och allt relaterat till det &#8230;<\/p>\n<figure class=\"wp-block-table is-style-regular\">\n<table style=\"width: 284px; height: 157px;\">\n<tbody>\n<tr>\n<td class=\"has-text-align-center\" data-align=\"center\"><img loading=\"lazy\" decoding=\"async\" class=\"alignleft\" src=\" https:\/\/goroskop.tv\/wp-content\/uploads\/2023\/05\/tarot1.jpg \" alt=\" Varf\u00f6r \u00e4ndrades f\u00f6delsestenen i december?\n \" width=\"65\" height=\"95\" title=\"\"><img loading=\"lazy\" decoding=\"async\" class=\"alignleft\" style=\"width: 60px;\" src=\" https:\/\/goroskop.tv\/wp-content\/uploads\/2023\/05\/tarot2.jpg \" alt=\" Varf\u00f6r \u00e4ndrades f\u00f6delsestenen i december?\n \" width=\"195\" height=\"300\" title=\"\"><img decoding=\"async\" class=\"alignleft\" style=\"width: 60px;\" src=\" https:\/\/goroskop.tv\/wp-content\/uploads\/2023\/05\/tarot3.jpg \" alt=\" Varf\u00f6r \u00e4ndrades f\u00f6delsestenen i december?\n \" title=\"\"><\/td>\n<\/tr>\n<\/tbody>\n<\/table>\n<\/figure>\n<p>Intressanta saker att veta inneb\u00f6rden: <a href=\"https:\/\/sv.wikipedia.org\/wiki\/Tarot\" target=\"_blank\" rel=\"nofollow noopener\"> Tarot <\/a> <\/p>\n<p>H\u00e4r l\u00e4mnar vi ocks\u00e5 \u00e4mnen relaterade till: <a href=\" https:\/\/goroskop.tv\/sw\/kommer-leo-och-skorpionen-overens-som-vanner\/\">Tarot<\/a><\/p>\n<div id=\"ez-toc-container\" class=\"ez-toc-v2_0_82_2 ez-toc-wrap-center counter-hierarchy ez-toc-counter ez-toc-grey ez-toc-container-direction\">\n<div class=\"ez-toc-title-container\">\n<div class=\"ez-toc-title\" style=\"cursor:inherit\">Table of Contents<\/div>\n<span class=\"ez-toc-title-toggle\"><a href=\"#\" class=\"ez-toc-pull-right ez-toc-btn ez-toc-btn-xs ez-toc-btn-default ez-toc-toggle\" aria-label=\"Alternar tabla de contenidos\"><span class=\"ez-toc-js-icon-con\"><span class=\"\"><span class=\"eztoc-hide\" style=\"display:none;\">Toggle<\/span><span class=\"ez-toc-icon-toggle-span\"><svg style=\"fill: #999;color:#999\" xmlns=\"http:\/\/www.w3.org\/2000\/svg\" class=\"list-377408\" width=\"20px\" height=\"20px\" viewBox=\"0 0 24 24\" fill=\"none\"><path d=\"M6 6H4v2h2V6zm14 0H8v2h12V6zM4 11h2v2H4v-2zm16 0H8v2h12v-2zM4 16h2v2H4v-2zm16 0H8v2h12v-2z\" fill=\"currentColor\"><\/path><\/svg><svg style=\"fill: #999;color:#999\" class=\"arrow-unsorted-368013\" xmlns=\"http:\/\/www.w3.org\/2000\/svg\" width=\"10px\" height=\"10px\" viewBox=\"0 0 24 24\" version=\"1.2\" baseProfile=\"tiny\"><path d=\"M18.2 9.3l-6.2-6.3-6.2 6.3c-.2.2-.3.4-.3.7s.1.5.3.7c.2.2.4.3.7.3h11c.3 0 .5-.1.7-.3.2-.2.3-.5.3-.7s-.1-.5-.3-.7zM5.8 14.7l6.2 6.3 6.2-6.3c.2-.2.3-.5.3-.7s-.1-.5-.3-.7c-.2-.2-.4-.3-.7-.3h-11c-.3 0-.5.1-.7.3-.2.2-.3.5-.3.7s.1.5.3.7z\"\/><\/svg><\/span><\/span><\/span><\/a><\/span><\/div>\n<nav><ul class='ez-toc-list ez-toc-list-level-1 eztoc-toggle-hide-by-default' ><li class='ez-toc-page-1 ez-toc-heading-level-2'><a class=\"ez-toc-link ez-toc-heading-1\" href=\"https:\/\/goroskop.tv\/sw\/varfor-andrades-fodelsestenen-i-december\/#Varfor_andrades_fodelsestenen_i_december\" >Varf\u00f6r \u00e4ndrades f\u00f6delsestenen i december?<\/a><\/li><li class='ez-toc-page-1 ez-toc-heading-level-2'><a class=\"ez-toc-link ez-toc-heading-2\" href=\"https:\/\/goroskop.tv\/sw\/varfor-andrades-fodelsestenen-i-december\/#Vilken_var_den_ursprungliga_fodelsestenen_for_decemberfodelsestenen\" >Vilken var den ursprungliga f\u00f6delsestenen f\u00f6r decemberf\u00f6delsestenen?<\/a><\/li><li class='ez-toc-page-1 ez-toc-heading-level-2'><a class=\"ez-toc-link ez-toc-heading-3\" href=\"https:\/\/goroskop.tv\/sw\/varfor-andrades-fodelsestenen-i-december\/#Varfor_finns_det_flera_fodelsestenar_for_december\" >Varf\u00f6r finns det flera f\u00f6delsestenar f\u00f6r december?<\/a><\/li><li class='ez-toc-page-1 ez-toc-heading-level-2'><a class=\"ez-toc-link ez-toc-heading-4\" href=\"https:\/\/goroskop.tv\/sw\/varfor-andrades-fodelsestenen-i-december\/#Har_fodelsestenen_for_december_andrats\" >Har f\u00f6delsestenen f\u00f6r december \u00e4ndrats?<\/a><\/li><li class='ez-toc-page-1 ez-toc-heading-level-2'><a class=\"ez-toc-link ez-toc-heading-5\" href=\"https:\/\/goroskop.tv\/sw\/varfor-andrades-fodelsestenen-i-december\/#Vilka_tre_stenar_ar_decemberfodelsestenar\" >Vilka tre stenar \u00e4r decemberf\u00f6delsestenar?<\/a><\/li><li class='ez-toc-page-1 ez-toc-heading-level-2'><a class=\"ez-toc-link ez-toc-heading-6\" href=\"https:\/\/goroskop.tv\/sw\/varfor-andrades-fodelsestenen-i-december\/#Hur_ovanlig_ar_fodelsestenen_i_december\" >Hur ovanlig \u00e4r f\u00f6delsestenen i december?<\/a><\/li><li class='ez-toc-page-1 ez-toc-heading-level-2'><a class=\"ez-toc-link ez-toc-heading-7\" href=\"https:\/\/goroskop.tv\/sw\/varfor-andrades-fodelsestenen-i-december\/#Vilken_fodelsesten_har_den_sallsynta_stenen\" >Vilken f\u00f6delsesten har den s\u00e4llsynta stenen?<\/a><\/li><li class='ez-toc-page-1 ez-toc-heading-level-2'><a class=\"ez-toc-link ez-toc-heading-8\" href=\"https:\/\/goroskop.tv\/sw\/varfor-andrades-fodelsestenen-i-december\/#Ar_bla_topas_fodelsestenen_i_december\" >\u00c4r bl\u00e5 topas f\u00f6delsestenen i december?<\/a><\/li><li class='ez-toc-page-1 ez-toc-heading-level-2'><a class=\"ez-toc-link ez-toc-heading-9\" href=\"https:\/\/goroskop.tv\/sw\/varfor-andrades-fodelsestenen-i-december\/#Hur_manga_fodelsestenar_finns_det_i_december\" >Hur m\u00e5nga f\u00f6delsestenar finns det i december?<\/a><\/li><li class='ez-toc-page-1 ez-toc-heading-level-2'><a class=\"ez-toc-link ez-toc-heading-10\" href=\"https:\/\/goroskop.tv\/sw\/varfor-andrades-fodelsestenen-i-december\/#Vad_kallas_decemberfodelsestenen\" >Vad kallas decemberf\u00f6delsestenen?<\/a><\/li><\/ul><\/nav><\/div>\n","protected":false},"excerpt":{"rendered":"<p>Varf\u00f6r \u00e4ndrades f\u00f6delsestenen i december? P\u00e5 Mohs h\u00e5rdhetsskalan \u00e4r zirkon mellan 6 och 7,5. Det v\u00e4rms ofta upp f\u00f6r att g\u00f6ra orange, gul, r\u00f6d, bl\u00e5 och f\u00e4rgl\u00f6sa varianter. \u00c4delstenen \u00e4r vanligtvis stabil i n\u00e4rvaro av ljus, men efter l\u00e5ngvarig exponering f\u00f6r starkt ljus kan vissa v\u00e4rmebehandlade stenar \u00e5terg\u00e5 till sina ursprungliga f\u00e4rger, som vanligtvis \u00e4r &hellip;<\/p>\n","protected":false},"author":1,"featured_media":59,"comment_status":"closed","ping_status":"closed","sticky":false,"template":"","format":"standard","meta":{"footnotes":""},"categories":[4],"tags":[4162,233,125,28],"class_list":["post-66470","post","type-post","status-publish","format-standard","has-post-thumbnail","hentry","category-tarot","tag-andrades","tag-december","tag-fodelsestenen","tag-varfor"],"_links":{"self":[{"href":"https:\/\/goroskop.tv\/sw\/wp-json\/wp\/v2\/posts\/66470","targetHints":{"allow":["GET"]}}],"collection":[{"href":"https:\/\/goroskop.tv\/sw\/wp-json\/wp\/v2\/posts"}],"about":[{"href":"https:\/\/goroskop.tv\/sw\/wp-json\/wp\/v2\/types\/post"}],"author":[{"embeddable":true,"href":"https:\/\/goroskop.tv\/sw\/wp-json\/wp\/v2\/users\/1"}],"replies":[{"embeddable":true,"href":"https:\/\/goroskop.tv\/sw\/wp-json\/wp\/v2\/comments?post=66470"}],"version-history":[{"count":0,"href":"https:\/\/goroskop.tv\/sw\/wp-json\/wp\/v2\/posts\/66470\/revisions"}],"wp:featuredmedia":[{"embeddable":true,"href":"https:\/\/goroskop.tv\/sw\/wp-json\/wp\/v2\/media\/59"}],"wp:attachment":[{"href":"https:\/\/goroskop.tv\/sw\/wp-json\/wp\/v2\/media?parent=66470"}],"wp:term":[{"taxonomy":"category","embeddable":true,"href":"https:\/\/goroskop.tv\/sw\/wp-json\/wp\/v2\/categories?post=66470"},{"taxonomy":"post_tag","embeddable":true,"href":"https:\/\/goroskop.tv\/sw\/wp-json\/wp\/v2\/tags?post=66470"}],"curies":[{"name":"wp","href":"https:\/\/api.w.org\/{rel}","templated":true}]}}