{"id":66571,"date":"2023-09-06T14:53:27","date_gmt":"2023-09-06T14:53:27","guid":{"rendered":"https:\/\/goroskop.tv\/sw\/vad-ska-man-gora-under\/"},"modified":"2023-09-06T14:53:27","modified_gmt":"2023-09-06T14:53:27","slug":"vad-ska-man-gora-under","status":"publish","type":"post","link":"https:\/\/goroskop.tv\/sw\/vad-ska-man-gora-under\/","title":{"rendered":"Vad ska man g\u00f6ra under"},"content":{"rendered":"<p><\/p>\n<h2><span class=\"ez-toc-section\" id=\"Vad_ska_man_gora_under\"><\/span><span class=\"ez-toc-section\" id=\"Que_hacer_durante_el\"><\/span>  Vad ska man g\u00f6ra under<span class=\"ez-toc-section-end\"><\/span><span class=\"ez-toc-section-end\"><\/span><\/h2>\n<p>S\u00e5 du kanske har h\u00f6rt talas om nym\u00e5ne- och fullm\u00e5neritualer och det h\u00e4r som kallas m\u00e5nen. <em>Magi<\/em>men du \u00e4r inte s\u00e4ker p\u00e5 hur du ska arbeta med Grand Mumma moon eller vad du ska g\u00f6ra under m\u00e5nens faser.<\/p>\n<p>Fler kvinnor \u00e4n n\u00e5gonsin pratar och arbetar med m\u00e5nens heliga energi och planerar sina dagar i m\u00e5nar ist\u00e4llet f\u00f6r m\u00e5nader (inklusive jag). <\/p>\n<p>  Men om du \u00e4r ny p\u00e5 att leva i m\u00e5nens faser, var b\u00f6rjar du s\u00e5 att den inte f\u00f6rvirrar dig och blir mer av en sak \u00e4n du? <em>ha <\/em>F\u00f6r att bocka av en o\u00e4ndlig att-g\u00f6ra-lista?<\/p>\n<h2><span class=\"ez-toc-section\" id=\"Mancykeln_och_solcykeln\"><\/span><span class=\"ez-toc-section\" id=\"El_ciclo_lunar_y_el_ciclo_solar\"><\/span>M\u00e5ncykeln och solcykeln<span class=\"ez-toc-section-end\"><\/span><span class=\"ez-toc-section-end\"><\/span><\/h2>\n<p>M\u00e5nen representerar det feminina, medan solen representerar det maskulina. <\/p>\n<p>  Vi f\u00f6ljer deras cykel, medan m\u00e4nnen f\u00f6ljer deras 1-dagars cykel. <\/p>\n<p>  det finns <em>s\u00e5 <\/em>mycket bevis som tyder p\u00e5 att vi f\u00f6rst levde i ett matriarkalt m\u00e5ndyrkande samh\u00e4lle. <\/p>\n<p>  Detta har bara g\u00e5tt mot patriarkatet gradvis under de senaste 5000 \u00e5ren.<\/p>\n<p>Det \u00e4r ingen slump att m\u00e4nniskor levde i m\u00e5ncykler ist\u00e4llet f\u00f6r m\u00e5nader eller en solkalender. <\/p>\n<p>  Kvinnor samlades i m\u00e5nhyddor f\u00f6r att bl\u00f6da tillsammans, fira hur magnifika deras kroppar \u00e4r, ta emot h\u00f6gre visdom fr\u00e5n Modergudinnan (och sig sj\u00e4lva) och f\u00f6ra tillbaka detta till sina samh\u00e4llen.<\/p>\n<p>N\u00e4r man t\u00e4nker p\u00e5 m\u00e4nniskans \u00e5lder och v\u00e5r jords \u00e5lder, \u00e4r solkalendern vi f\u00f6ljer idag ett nytt s\u00e4tt att leva och g\u00f6r absolut <em>Nej <\/em>k\u00e4nsla!  M\u00e5naderna \u00e4r f\u00f6rvr\u00e4ngda med ett slumpm\u00e4ssigt antal dagar i varje, bara f\u00f6r att passa in i de 365 dagar det tar f\u00f6r jorden att kretsa runt solen. <\/p>\n<p>  December \u00e4r den tolfte m\u00e5naden, men \u00abdec\u00bb betyder <em>t\u00edo<\/em>. <\/p>\n<p>  Juli kallas bara juli f\u00f6r att Julius Caesar hade ett stort ego och ville ha en m\u00e5nad uppkallad efter honom.<\/p>\n<p>Det var s\u00e5 vi tappade kontakten med m\u00e5nens cykel och b\u00f6rjade dyrka solen.<\/p>\n<h2><span class=\"ez-toc-section\" id=\"Varfor_ar_mancykeln_sa_kraftfull_for_kvinnor\"><\/span><span class=\"ez-toc-section\" id=\"%C2%BFPor_que_el_ciclo_lunar_es_tan_poderoso_para_las_mujeres\"><\/span>Varf\u00f6r \u00e4r m\u00e5ncykeln s\u00e5 kraftfull f\u00f6r kvinnor?<span class=\"ez-toc-section-end\"><\/span><span class=\"ez-toc-section-end\"><\/span><\/h2>\n<p>M\u00e5nens cykel varar cirka 29 dagar, samma l\u00e4ngd i genomsnitt som en kvinnas menstruationscykel. <\/p>\n<p>  Hon flyter genom fyra huvudfaser i sin cykel, och det g\u00f6r vi ocks\u00e5. <\/p>\n<p>  Faktum \u00e4r att energin i var och en av dess huvudfaser ocks\u00e5 sammanfaller med energin i v\u00e5ra huvudfaser av menstruationscykeln (galen, eller hur?!). <\/p>\n<p>  Varje m\u00e5n- och menstruationsfas \u00e4r ocks\u00e5 kopplad till en \u00e5rstid och en arketyp.<\/p>\n<p><strong>Fas 1: Nym\u00e5ne \/ Mensfas \/ Vinter \/ Gammal kvinna<\/strong><\/p>\n<p><strong>Fas 2: Halvm\u00e5ne \/ Follikul\u00e4r fas \/ V\u00e5r \/ Jungfru<\/strong><\/p>\n<p><strong>Fas 3: Fullm\u00e5ne \/ \u00c4gglossningsfas \/ Sommar \/ Mamma<\/strong><\/p>\n<p><strong>Fas 4: Avtagande m\u00e5ne \/ Lutealfas \/ H\u00f6st\/H\u00f6st \/ Vild kvinna<\/strong><\/p>\n<p>N\u00e4r vi ansluter till hennes cykel och med v\u00e5r egen inre cykel, utnyttjar vi v\u00e5r feminina energi. <\/p>\n<p>  Vi k\u00e4nner oss mer kopplade till planetens naturliga rytmer. <\/p>\n<p>  Kvinnor och natur \u00e4r trots allt ouppl\u00f6sligt f\u00f6rbundna. <\/p>\n<p>  Vi speglar Mummas natur med v\u00e5r menstruationscykel och den eviga cykeln av liv, d\u00f6d och \u00e5terf\u00f6delse som vi b\u00e5da f\u00f6ljer.<\/p>\n<p>N\u00e4r vi v\u00e4ljer att leva v\u00e5ra liv med detta naturliga fl\u00f6de av energi, k\u00e4nner vi oss mer i harmoni, kopplade till v\u00e5r inre visdom, lyckligare och friskare och kan manifestera vad vi verkligen \u00f6nskar. <\/p>\n<p>  Ist\u00e4llet f\u00f6r att trycka och dra flyter vi;  vi rider p\u00e5 v\u00e5gen <\/p>\n<p>  Vi expanderar n\u00e4r v\u00e5r energi \u00f6kar, vi vilar n\u00e4r vi k\u00e4nner det inre kallet, och detta skapar ett mycket mer h\u00e5llbart s\u00e4tt att leva (i motsats till <em>G\u00e5!  G\u00e5!  G\u00e5<\/em>f\u00f6rhastad mentalitet).<\/p>\n<p>Den stora delen \u00e4r att \u00e4ven om du inte upplever en menstruationscykel, erbjuder m\u00e5nen oss en universell cykel som vi alla kan arbeta med, oavsett vem vi \u00e4r eller var vi bor.<\/p>\n<h2><span class=\"ez-toc-section\" id=\"Hur_arbetet_med_manen_har_forandrat_mitt_liv\"><\/span><span class=\"ez-toc-section\" id=\"Como_trabajar_con_la_luna_ha_cambiado_mi_vida\"><\/span>Hur arbetet med m\u00e5nen har f\u00f6r\u00e4ndrat mitt liv<span class=\"ez-toc-section-end\"><\/span><span class=\"ez-toc-section-end\"><\/span><\/h2>\n<p>Att f\u00f6rdjupa mig i m\u00e5nens magi har hj\u00e4lpt mig att leva mer s\u00e4songsm\u00e4ssigt och \u00e5terst\u00e4lla fl\u00f6de och balans i mitt liv. <\/p>\n<p>  Det har ocks\u00e5 hj\u00e4lpt mig att vara mer medveten om var jag v\u00e4ljer att spendera min energi i varje cykel och hur jag n\u00e4rmar mig mina \u00f6nskningar och m\u00e5l. <\/p>\n<p>  Hon har gett mig en mall att f\u00f6lja som k\u00e4nns b\u00e5de strukturerad och flytande p\u00e5 samma g\u00e5ng. <\/p>\n<p>  Hon har uppmuntrat mig att se in\u00e5t och skapa f\u00f6r\u00e4ndring p\u00e5 sj\u00e4lsniv\u00e5 s\u00e5 att jag kan manifestera den f\u00f6r\u00e4ndring jag vill ha i den fysiska sf\u00e4ren. <\/p>\n<p>  Och varje g\u00e5ng en ny cykel b\u00f6rjar torkas skiffern rent och jag har en nystart. <\/p>\n<p>  Oavsett vad som har h\u00e4nt tidigare \u00e4r det en m\u00f6jlighet att b\u00f6rja om.<\/p>\n<p>Att ta en djupdykning i m\u00e5nens cykel \u00e4r faktiskt det som startade min utforskning av min menstruationscykel, feminina arketyper och feminina energi. <\/p>\n<p>  Det har hj\u00e4lpt mig att f\u00f6rst\u00e5 min egen energiska rytm p\u00e5 ett mycket mer intimt s\u00e4tt. <\/p>\n<p>  Jag har f\u00e5tt en ny uppskattning och beundran f\u00f6r min kropp och dess storslagenhet. <\/p>\n<p>  N\u00e4r du v\u00e4l b\u00f6rjar arbeta med m\u00e5nen vet jag att du ocks\u00e5 kommer att g\u00f6ra det.<\/p>\n<h2><span class=\"ez-toc-section\" id=\"Manens_8_faser\"><\/span><span class=\"ez-toc-section\" id=\"Las_8_fases_de_la_luna\"><\/span>M\u00e5nens 8 faser<span class=\"ez-toc-section-end\"><\/span><span class=\"ez-toc-section-end\"><\/span><\/h2>\n<p>Den g\u00e5r igenom 8 huvudfaser av m\u00e5nen var 29:y tambi\u00e9n dag eller s\u00e5. <\/p>\n<p>  Dessa \u00e4r:<\/p>\n<ul>\n<li>Ny m\u00e5ne<\/li>\n<li>halv m\u00e5ne<\/li>\n<li>F\u00f6rsta kvarten<\/li>\n<li>Crescent Gibbous Moon<\/li>\n<li>fullm\u00e5ne<\/li>\n<li>avtagande gibbous m\u00e5ne<\/li>\n<li>Sista rummet<\/li>\n<li>avtagande halvm\u00e5ne<\/li>\n<\/ul>\n<p>Du kan ocks\u00e5 st\u00f6ta p\u00e5 en nionde fas som kallas <strong>m\u00f6rk m\u00e5ne<\/strong>som syftar p\u00e5 de tv\u00e5 dagarna strax f\u00f6re nym\u00e5nen n\u00e4r hela natthimlen \u00e4r m\u00f6rk.<\/p>\n<p>Men i den h\u00e4r artikeln kommer jag att fokusera p\u00e5 de fyra mest kraftfulla faserna, som \u00e4r:<\/p>\n<ul>\n<li><strong>Ny m\u00e5ne<\/strong> (2-3 dagar)<\/li>\n<li><strong>halv m\u00e5ne <\/strong>(ca 10 dagar)<\/li>\n<li><strong>fullm\u00e5ne<\/strong> (2-3 dagar)<\/li>\n<li><strong>avtagande m\u00e5ne <\/strong>(ca 10 dagar)<\/li>\n<\/ul>\n<h2><span class=\"ez-toc-section\" id=\"Vad_ar_en_manritual\"><\/span><span class=\"ez-toc-section\" id=\"%C2%BFQue_es_un_ritual_de_la_luna\"><\/span>Vad \u00e4r en m\u00e5nritual?<span class=\"ez-toc-section-end\"><\/span><span class=\"ez-toc-section-end\"><\/span><\/h2>\n<p>Hur manifesterar du dig med m\u00e5nens faser?  TILL <strong>m\u00e5nritual<\/strong> det \u00e4r ett s\u00e4tt att anpassa sig, fira och arbeta med m\u00e5nens nuvarande fas. <\/p>\n<p>  Du har f\u00f6rmodligen st\u00f6tt p\u00e5 en nym\u00e5nritual eller en fullm\u00e5nritual tidigare eftersom det \u00e4r de vanligaste m\u00e5nritualerna. <\/p>\n<p>  Om du vill b\u00f6rja sm\u00e5tt rekommenderar jag att b\u00f6rja med en av dessa och bara inf\u00f6rliva en vaxnings- och avtagande ritual n\u00e4r du k\u00e4nner dig bekv\u00e4m. <\/p>\n<p>  Om du bara firar nym\u00e5nen eller fullm\u00e5nen r\u00e4cker det.<\/p>\n<p>En m\u00e5nritual hj\u00e4lper dig att s\u00e4tta avsikter, sl\u00e4ppa och manifestera dina \u00f6nskningar genom att utnyttja den kraftfulla m\u00e5nenergin som \u00e4r tillg\u00e4nglig f\u00f6r dig just d\u00e5. <\/p>\n<p>  Genom att utnyttja den unika visdomen och g\u00e5vorna i varje m\u00e5nfas f\u00e5r du tillg\u00e5ng till din egen cykliska natur som kvinna, utan att d\u00f6ma, och kan uppleva verklig f\u00f6rvandling.<\/p>\n<p>Ett altare kommer att utg\u00f6ra den perfekta basen f\u00f6r alla typer av ritualer i ditt liv. <\/p>\n<p>  Om du inte har skapat din \u00e4n <strong>heligt altare<\/strong>kan du klicka h\u00e4r f\u00f6r att ta reda p\u00e5 hur du g\u00f6r det. <\/p>\n<p>  Du hittar ocks\u00e5 en lista med verktyg som du kanske vill ha till hands, redo f\u00f6r din ritual.<\/p>\n<h2><span class=\"ez-toc-section\" id=\"Vad_man_ska_gora_under_manens_faser\"><\/span><span class=\"ez-toc-section\" id=\"Que_hacer_durante_las_fases_de_la_luna\"><\/span>Vad man ska g\u00f6ra under m\u00e5nens faser<span class=\"ez-toc-section-end\"><\/span><span class=\"ez-toc-section-end\"><\/span><\/h2>\n<p>L\u00e5t oss utforska var och en av de fyra huvudsakliga m\u00e5nfaserna lite mer i detalj, tillsammans med ritualerna f\u00f6r varje m\u00e5nfas f\u00f6r att hj\u00e4lpa dig utnyttja energin som \u00e4r mogen och redo.<\/p>\n<h3><span class=\"ez-toc-section\" id=\"nymanen\"><\/span><span class=\"ez-toc-section\" id=\"la_luna_nueva\"><\/span>nym\u00e5nen<span class=\"ez-toc-section-end\"><\/span><span class=\"ez-toc-section-end\"><\/span><\/h3>\n<p><strong>Nyckelord: <\/strong>Nya b\u00f6rjan, s\u00e4tta avsikter, sl\u00e4ppa taget, \u00e5terst\u00e4lla, ta tid f\u00f6r dig sj\u00e4lv, sj\u00e4lvrannsakan.<\/p>\n<p>Nym\u00e5nen markerar en nym\u00e5necykel och en ny b\u00f6rjan. <\/p>\n<p>  \u00c4ven om vi inte kan se Grand Mummas m\u00e5ne p\u00e5 himlen, \u00e4r hon fortfarande d\u00e4r.<\/p>\n<p>Detta \u00e4r en tid att vara stilla, reflektera och st\u00e4lla in en h\u00f6gre visdom. <\/p>\n<p>  N\u00e4r vi saktar ner kan vi h\u00f6ra vad vi verkligen vill och beh\u00f6ver p\u00e5 sj\u00e4lsniv\u00e5, och utifr\u00e5n detta kan vi s\u00e4tta nya intentioner f\u00f6r n\u00e4sta m\u00e5ncykel och d\u00e4refter.<\/p>\n<p>Det \u00e4r ocks\u00e5 en tid f\u00f6r nya b\u00f6rjan: var vill du l\u00e4gga din energi i n\u00e4sta cykel och d\u00e4refter?  Vad skulle du vilja skapa, v\u00e5rda, ta emot, manifestera eller uppleva under de kommande 29 dagarna eller s\u00e5?  T\u00e4nk inte med huvudet;  k\u00e4nn med ditt hj\u00e4rta och l\u00e5t din intuition guida dig fram\u00e5t. <\/p>\n<p>  Dr\u00f6m stort och sluta inte;  Du kan f\u00e5 reda p\u00e5 detaljerna senare.<\/p>\n<h3><span class=\"ez-toc-section\" id=\"nymane_ritual\"><\/span><span class=\"ez-toc-section\" id=\"Ritual_de_luna_nueva\"><\/span>nym\u00e5ne ritual<span class=\"ez-toc-section-end\"><\/span><span class=\"ez-toc-section-end\"><\/span><\/h3>\n<p>Nym\u00e5nen \u00e4r den perfekta tiden att s\u00e4tta nya avsikter f\u00f6r den kommande m\u00e5ncykeln. <\/p>\n<p>  Jag skapar en utrymme p\u00e5 nym\u00e5nenatten f\u00f6r att reflektera \u00f6ver den f\u00f6rflutna m\u00e5nen och dra nytta av utrymmet i mitt hj\u00e4rta f\u00f6r att best\u00e4mma vilka projekt och m\u00e4nniskor jag vill ska \u00e4gna mina v\u00e4rdefulla resurser till denna cykel.<\/p>\n<p><strong>Kommer att beh\u00f6va:<\/strong><\/p>\n<ul>\n<li>En tidning eller ett papper<\/li>\n<li>En penna<\/li>\n<li>Ett ljus<\/li>\n<li>Lite salvia, palo santurr\u00f3n, en diffusor eller reng\u00f6ringsspray<\/li>\n<li>Bakgrundsmusik<\/li>\n<li>En valfri dryck (helst v\u00e4xtbaserad)<\/li>\n<\/ul>\n<p><strong>Hur man g\u00f6r det: <\/strong><\/p>\n<p>Hitta ett lugnt utrymme i ditt hem eller tr\u00e4dg\u00e5rd d\u00e4r du inte blir st\u00f6rd.<\/p>\n<p>Reng\u00f6r ditt utrymme f\u00f6r att ta bort eventuell stillast\u00e5ende eller negativ energi och rena luften. <\/p>\n<p>  Skaka r\u00f6ken eller spraya sprayen i alla h\u00f6rn. <\/p>\n<p>  Du kanske vill skandera n\u00e5got enkelt som, \u00abJag rensar detta utrymme fr\u00e5n stillast\u00e5ende energi och v\u00e4lkomnar det nya.\u00bb <\/p>\n<p>  Detta kommer att skapa ett heligt utrymme f\u00f6r din ritual.<\/p>\n<p>T\u00e4nd ett ljus och placera det p\u00e5 ditt altare (var inte orolig om du inte har ett snyggt altare, ditt ljus kan vara ditt altare!). <\/p>\n<p>  Om du vill ha bakgrundsmusik, sl\u00e5 p\u00e5 den nu.<\/p>\n<p>Hitta en bekv\u00e4m plats att sitta i kors, p\u00e5 en yogamatta, stol eller din s\u00e4ng. <\/p>\n<p>  Blunda. <\/p>\n<p>  Centrera dig sj\u00e4lv. <\/p>\n<p>  Hitta stillheten. <\/p>\n<p>  F\u00f6rdjupa dig i din kropp och var n\u00e4rvarande. <\/p>\n<p>  Ta n\u00e5gra djupa andetag. <\/p>\n<p>  Jag gillar att b\u00f6rja med en kort meditation f\u00f6r att hj\u00e4lpa mig att jorda mig, men detta \u00e4r valfritt.<\/p>\n<p>Med slutna \u00f6gon, t\u00e4nk p\u00e5 vad som kallar dig p\u00e5 sj\u00e4lsniv\u00e5. <\/p>\n<p>  Vad k\u00e4nns mest sp\u00e4nnande f\u00f6r dig?  Vad beh\u00f6ver du mest just nu?  L\u00e5t bilderna, visionerna och tankarna komma och g\u00e5. <\/p>\n<p>  Sitt h\u00e4r och g\u00f6r detta s\u00e5 l\u00e4nge du vill.<\/p>\n<p>N\u00e4r du \u00e4r redo, \u00f6ppna dina \u00f6gon och \u00e4gna tid \u00e5t att skriva ner allt som h\u00e4nt dig. <\/p>\n<p>  Skriv ner allt, \u00e4ven om det inte \u00e4r s\u00e5 vettigt. <\/p>\n<p>  Vad s\u00e5g, h\u00f6rde, k\u00e4nde, luktade och smakade du?  Vilka id\u00e9er hade du?  om du kunde g\u00f6ra <em>n\u00e5got <\/em>denna m\u00e5ncykel, vad skulle det vara?<\/p>\n<p>V\u00e4lj sedan en eller en handfull objekt fr\u00e5n din lista som sticker ut f\u00f6r dig. <\/p>\n<p>  Skriv dessa avsikter p\u00e5 ett separat papper. <\/p>\n<p>  L\u00e4s dem h\u00f6gt f\u00f6r dig sj\u00e4lv s\u00e5 m\u00e5nga g\u00e5nger du vill. <\/p>\n<p>  Visualisera ditt liv som om du redan har manifesterat det (det h\u00e4r steget \u00e4r supergott, s\u00e5 hoppa inte \u00f6ver det!).<\/p>\n<p>V\u00e4nta tills ljuset brinner ut av sig sj\u00e4lvt eller bl\u00e5s ut det. <\/p>\n<p>  Detta symboliserar att du sl\u00e4pper dina avsikter till universum. <\/p>\n<p>  Du kommer att g\u00f6ra din del och hon kommer att st\u00f6dja dig.<\/p>\n<p>Forts\u00e4tt komma ih\u00e5g dessa avsikter n\u00e4r du r\u00f6r dig genom m\u00e5ncykeln och g\u00f6r alla \u00e4ndringar som du k\u00e4nner \u00e4r n\u00f6dv\u00e4ndiga. <\/p>\n<p>  Ha t\u00e5lamod medan dina avsikter \u00e4r alkemisiserade och kommer att f\u00f6rverkligas. <\/p>\n<p>  Kom ih\u00e5g att det kan ta m\u00e5nga m\u00e5nar innan dina avsikter manifesteras i den fysiska sf\u00e4ren.<\/p>\n<h3><span class=\"ez-toc-section\" id=\"halvmanen\"><\/span><span class=\"ez-toc-section\" id=\"la_luna_creciente\"><\/span>halvm\u00e5nen<span class=\"ez-toc-section-end\"><\/span><span class=\"ez-toc-section-end\"><\/span><\/h3>\n<p><strong>Nyckelord: <\/strong>kreativitet, handling, uppstart, praktiska steg, acceleration, motivation, att \u00f6vervinna utmaningar<\/p>\n<p>Under den v\u00e4xande m\u00e5nfasen kommer m\u00e5nen att v\u00e4xa p\u00e5 himlen, vilket symboliserar en r\u00f6relse av dess energi in och ut. <\/p>\n<p>  Denna fas best\u00e5r av tre separata m\u00e5nfaser som jag kort n\u00e4mnt tidigare: Vaxande halvm\u00e5ne, f\u00f6rsta kvartalet och vaxande gibbous Moon. <\/p>\n<p>  Men f\u00f6r att h\u00e5lla saker och ting enkelt h\u00e4nvisar vi ibland till dessa faser kollektivt som den v\u00e4xande fasen.<\/p>\n<p>Kommer du ih\u00e5g de avsikterna du satte p\u00e5 nym\u00e5nen?  N\u00e5v\u00e4l, nu \u00e4r det dags att s\u00e4tta ig\u00e5ng, arbeta och ta verkliga, praktiska steg mot dem. <\/p>\n<p>  Detta \u00e4r utan tvekan den b\u00e4sta m\u00e5nfasen f\u00f6r att starta ett nytt projekt. <\/p>\n<p>  Vilken hj\u00e4lp beh\u00f6ver du f\u00f6r att st\u00f6dja dig p\u00e5 denna resa?<\/p>\n<p>L\u00e5t oss till exempel s\u00e4ga att en av dina avsikter \u00e4r att skapa en webbplats f\u00f6r ditt f\u00f6retag. <\/p>\n<p>  Nu skulle det vara dags att unders\u00f6ka olika v\u00e4rdplattformar, anlita en webbutvecklare, v\u00e4lja ett tema eller design du gillar och k\u00f6pa ett dom\u00e4nnamn.<\/p>\n<p>Det kommer sannolikt att finnas hinder i v\u00e4gen f\u00f6r att manifestera vad du \u00f6nskar, och tillv\u00e4xtfasen handlar om att \u00f6vervinna dem.  Kan du hitta en l\u00f6sning eller m\u00f6jlighet i problemet?  Ofta handlar det bara om att se p\u00e5 n\u00e5got med ett nytt perspektiv.<\/p>\n<p>Din kreativitet kommer ocks\u00e5 att vara h\u00f6g under denna fas, s\u00e5 se till att du avs\u00e4tter tid f\u00f6r att vara kreativ, oavsett vad det betyder f\u00f6r dig. <\/p>\n<p>  F\u00f6rv\u00e4nta dig en str\u00f6m av nya id\u00e9er, energi och inspiration.<\/p>\n<h3><span class=\"ez-toc-section\" id=\"halvmane_ritual\"><\/span><span class=\"ez-toc-section\" id=\"Ritual_de_luna_creciente\"><\/span>halvm\u00e5ne ritual<span class=\"ez-toc-section-end\"><\/span><span class=\"ez-toc-section-end\"><\/span><\/h3>\n<p>Halvm\u00e5neritualer \u00e4r inte lika popul\u00e4ra som nym\u00e5ne- och fullm\u00e5neritualer eftersom nym\u00e5nen och fullm\u00e5nen \u00e4r de tv\u00e5 huvudsakliga ankarpunkterna i hela m\u00e5ncykeln. <\/p>\n<p>  Men om du fortfarande vill ha en ceremoni under den v\u00e4xande m\u00e5nen, \u00e4r detta den perfekta tiden att s\u00f6ka klarhet, speciellt om du k\u00e4nner dig f\u00f6rvirrad \u00f6ver var du ska fokusera din energi eller hur du ska b\u00f6rja med dina avsikter.<\/p>\n<p><strong>Kommer att beh\u00f6va:<\/strong><\/p>\n<ul>\n<li>En orakel- eller tarotlek<\/li>\n<li>En tidning eller n\u00e5got papper.<\/li>\n<li>En penna<\/li>\n<li>Lite salvia, palo beato, en diffusor eller reng\u00f6ringsspray<\/li>\n<\/ul>\n<p><strong>Hur man g\u00f6r det: <\/strong><\/p>\n<p>Jag rekommenderar alltid att du reng\u00f6r ditt utrymme innan du g\u00f6r n\u00e5got rituellt arbete, s\u00e5 f\u00f6lj stegen ovan f\u00f6r att ta bort eventuell negativ energi.<\/p>\n<p>Ta sedan ditt favorittarotkort eller orakel och hitta en plats f\u00f6r stillhet. <\/p>\n<p>  T\u00e4nk p\u00e5 de aktuella utmaningarna du st\u00e5r inf\u00f6r, de hinder du har fastnat f\u00f6r och fr\u00e5gorna du s\u00f6ker svar p\u00e5.<\/p>\n<p>Blanda din kortlek och bl\u00e5sa ut korten framf\u00f6r dig. <\/p>\n<p>  Medan du funderar p\u00e5 en fr\u00e5ga i taget, dra handen \u00f6ver korten tills du k\u00e4nner en dragning mot ett. <\/p>\n<p>  Detta kan vara en varm k\u00e4nsla i handflatan eller en inre intuitiv k\u00e4nsla. <\/p>\n<p>  Lita p\u00e5 vad du k\u00e4nner. <\/p>\n<p>  G\u00e5 med det. <\/p>\n<p>  V\u00e4nd p\u00e5 kortet och l\u00e5t dig sj\u00e4lv reflektera \u00f6ver vad det kan kommunicera till dig. <\/p>\n<p>  Anv\u00e4nd guiden som f\u00f6ljde med din plattform f\u00f6r hj\u00e4lp ocks\u00e5. <\/p>\n<p>  Om du fortfarande \u00e4r os\u00e4ker eller inte \u00e4r n\u00f6jd med kortet du drog, dra igen.<\/p>\n<p>Skriv i en dagbok alla meddelanden, id\u00e9er eller l\u00f6sningar som du t\u00e4nker p\u00e5.<\/p>\n<p>F\u00f6r fler id\u00e9er om hur man skapar en halvm\u00e5neritual, klicka h\u00e4r.<\/p>\n<h3><span class=\"ez-toc-section\" id=\"Fullmane\"><\/span><span class=\"ez-toc-section\" id=\"La_luna_llena\"><\/span>Fullm\u00e5ne<span class=\"ez-toc-section-end\"><\/span><span class=\"ez-toc-section-end\"><\/span><\/h3>\n<p><strong>Nyckelord: <\/strong>Fira, tacka, reflektera, expandera, sk\u00f6rda.<\/p>\n<p>Grand Mummas m\u00e5ne lyser upp natthimlen med rundheten och fylligheten av dess utstr\u00e5lning. <\/p>\n<p>  Detta \u00e4r mittpunkten av m\u00e5ncykeln och d\u00e4r dess energi toppar. <\/p>\n<p>  Fullm\u00e5nen \u00e4r en tid f\u00f6r fullbordan, firande och expansion. <\/p>\n<p>  Den \u00e4r n\u00e4ringsrik, moderlig och h\u00f6g energi.<\/p>\n<p>Fira hur l\u00e5ngt du har kommit och \u00f6va p\u00e5 tacksamhet f\u00f6r allt du har. <\/p>\n<p>  Det vi v\u00e4rnar om kommer att expandera. <\/p>\n<p>  Fullm\u00e5nen \u00e4r sk\u00f6rdetid, en tid f\u00f6r att sk\u00f6rda vad du har s\u00e5tt sedan b\u00f6rjan av cykeln.<\/p>\n<p>  <span class=\"thb-seealso-text\">Se \u00e4ven<\/span><\/p>\n<p>Fullm\u00e5nen lyser ocks\u00e5 upp v\u00e5ra skuggor. <\/p>\n<p>  Hon lyser upp ett ljus i de m\u00f6rkaste skrymslen och vr\u00e5r och ber oss m\u00f6ta det m\u00f6rkret. <\/p>\n<p>  Vi uppmanas att reflektera \u00f6ver v\u00e5ra skuggor, k\u00e4nna v\u00e5ra djupaste k\u00e4nslor och anv\u00e4nda det vi f\u00e5r f\u00f6r att lyfta oss sj\u00e4lva. <\/p>\n<p>  Det g\u00e4ller b\u00e5de p\u00e5 individniv\u00e5 och p\u00e5 samh\u00e4llsniv\u00e5.<\/p>\n<h3><span class=\"ez-toc-section\" id=\"fullmane_ritual\"><\/span><span class=\"ez-toc-section\" id=\"Ritual_de_luna_llena\"><\/span>fullm\u00e5ne ritual<span class=\"ez-toc-section-end\"><\/span><span class=\"ez-toc-section-end\"><\/span><\/h3>\n<p>Vilka ritualer g\u00f6r du p\u00e5 en fullm\u00e5ne?<\/p>\n<p>Det finns n\u00e5gra saker jag gillar att g\u00f6ra p\u00e5 en fullm\u00e5ne: fira, s\u00e4tta bekr\u00e4ftelser, delta i skuggarbete och g\u00e5 ut och bada i m\u00e5nen. <\/p>\n<p>  Det finns inget som att vandra p\u00e5 gatorna under en midnattshimmel och v\u00f6rdnadsfullt titta p\u00e5 n\u00e4r hon regerar och guidar dig hem. <\/p>\n<p>  Men en av de enklaste och saftigaste fullm\u00e5neritualerna \u00e4r att ut\u00f6va tacksamhet.<\/p>\n<p><strong>Kommer att beh\u00f6va:<\/strong><\/p>\n<ul>\n<li>Lite salvia, palo beato, en diffusor eller reng\u00f6ringsspray<\/li>\n<li>Ett badkar (fyllt med varmt vatten, salter, eteriska oljor, blomblad och vad du vill)<\/li>\n<li>Ljus (s\u00e5 m\u00e5nga du vill i badrummet\/runt badkaret)<\/li>\n<li>En valfri dryck (helst v\u00e4xtbaserad)<\/li>\n<\/ul>\n<p><strong>Hur man g\u00f6r det: <\/strong><\/p>\n<p>B\u00f6rja med att st\u00e4da ditt utrymme. <\/p>\n<p>  F\u00f6rbered ett bad och samla alla f\u00f6rem\u00e5l du beh\u00f6ver f\u00f6r det. <\/p>\n<p>  Ta dig tid att g\u00f6ra detta mer speciellt och \u00f6verseende f\u00f6r dig sj\u00e4lv. <\/p>\n<p>  Om du inte har ett badkar s\u00e5 fungerar ett litet handfat bara f\u00f6r f\u00f6tterna ocks\u00e5. <\/p>\n<p>  T\u00e4nd ljus, h\u00e4ll i salter och eteriska oljor, kanske till och med ett badte, och l\u00e4gg till en kristall om det finns en speciell energi du vill framkalla. <\/p>\n<p>  Eftersom m\u00e5nen styr tidvattnet \u00e4r en fullm\u00e5ne den perfekta tiden att vara p\u00e5 vattnet. <\/p>\n<p>  Om det finns ett f\u00f6nster i ditt badrum som m\u00e5nskenet kan komma in genom, \u00e4nnu b\u00e4ttre!<\/p>\n<p>Hitta en avkopplande och lugnande spellista om du vill ha bakgrundsmusik medan du badar. <\/p>\n<p>  Ta p\u00e5 dig den, kl\u00e4 av dig och dyk ner i vattnet. <\/p>\n<p>  L\u00e5t dig f\u00e5 n\u00e4ring medan du badar.<\/p>\n<p>N\u00e4r du v\u00e4l \u00e4r etablerad, t\u00e4nk p\u00e5 allt du \u00e4r tacksam f\u00f6r i ditt liv, oavsett om det var under den nuvarande m\u00e5ncykeln, m\u00e5nga m\u00e5nar eller till och med det senaste \u00e5ret. <\/p>\n<p>  \u00c4ven om du kanske st\u00e5r inf\u00f6r vissa utmaningar och obehag i ditt liv, kom ih\u00e5g hur mycket du alltid b\u00f6r vara tacksam. <\/p>\n<p>  Sitt i detta tillst\u00e5nd av tacksamhet f\u00f6r resten av ditt bad.<\/p>\n<h3><span class=\"ez-toc-section\" id=\"den_avtagande_manen\"><\/span><span class=\"ez-toc-section\" id=\"la_luna_menguante\"><\/span>den avtagande m\u00e5nen<span class=\"ez-toc-section-end\"><\/span><span class=\"ez-toc-section-end\"><\/span><\/h3>\n<p><strong>Nyckelord: <\/strong>ta emot, sl\u00e4pp taget, lita p\u00e5, skapa utrymme, s\u00e4tta gr\u00e4nser, ta hand om dig sj\u00e4lv, est\u00e1s, ge upp<\/p>\n<p>Fr\u00e5n och med nu till n\u00e4sta nym\u00e5ne, minskar ditt ljus och din energi, och det sker en r\u00f6relse fr\u00e5n yttre expansion till inre expansion igen. <\/p>\n<p>  Liksom den v\u00e4xande m\u00e5nen best\u00e5r den avtagande m\u00e5nfasen av tre faser: den avtagande gibbous m\u00e5nen, den sista fj\u00e4rdedelen och den avtagande halvm\u00e5nen.<\/p>\n<p>Den avtagande m\u00e5nfasen handlar om att sl\u00e4ppa taget om allt som inte l\u00e4ngre tj\u00e4nar dig eller kvinnan du str\u00e4var efter att vara: id\u00e9er, \u00f6vertygelser, vanor, m\u00f6nster, relationer och r\u00e4dslor. <\/p>\n<p>  T\u00e4nk p\u00e5 ett omr\u00e5de i ditt liv som h\u00e5ller dig tillbaka och fokusera dina anstr\u00e4ngningar p\u00e5 att f\u00f6r\u00e4ndra det. <\/p>\n<p>  F\u00f6rst n\u00e4r vi rensar ut det gamla finns det utrymme f\u00f6r det nya att komma in. <\/p>\n<p>Detta \u00e4r den b\u00e4sta m\u00e5nfasen f\u00f6r reng\u00f6ring.<\/p>\n<p>L\u00e5t oss till exempel s\u00e4ga att en av dina d\u00e5liga vanor \u00e4r att vara alltf\u00f6r d\u00f6mande och ov\u00e4nlig mot dig sj\u00e4lv. <\/p>\n<p>  N\u00e4sta g\u00e5ng du m\u00e4rker att du pratar negativt till dig sj\u00e4lv, bli medveten om det, sl\u00e4pp tanken och ers\u00e4tt den med n\u00e5got positivt och st\u00e4rkande.<\/p>\n<p>Nu \u00e4r det ocks\u00e5 dags att h\u00e4lla upp dig sj\u00e4lv i din egen kopp och ge n\u00e4ring \u00e5t dig sj\u00e4lv fysiskt, k\u00e4nslom\u00e4ssigt, mentalt och andligt. <\/p>\n<p>  G\u00f6r egenv\u00e5rd till en prioritet n\u00e4r du b\u00f6rjar sakta ner och dra dig undan fr\u00e5n omv\u00e4rlden.<\/p>\n<p>T\u00e4nk p\u00e5 alla projekt eller l\u00f6sa tr\u00e5dar du vill knyta ihop i slutet av denna m\u00e5ncykel och fokusera din \u00e5terst\u00e5ende energi p\u00e5 dessa. <\/p>\n<p>  Men kom ih\u00e5g att vissa saker kommer att ta l\u00e4ngre tid att slutf\u00f6ra;  Allt kan inte \u00e5stadkommas p\u00e5 en m\u00e5ne.<\/p>\n<h3><span class=\"ez-toc-section\" id=\"Ritual_av_den_avtagande_manen\"><\/span><span class=\"ez-toc-section\" id=\"Ritual_de_la_luna_menguante\"><\/span>Ritual av den avtagande m\u00e5nen<span class=\"ez-toc-section-end\"><\/span><span class=\"ez-toc-section-end\"><\/span><\/h3>\n<p>Liksom den v\u00e4xande m\u00e5nen \u00e4r ritualer med avtagande m\u00e5n mindre vanliga. <\/p>\n<p>  Men om du vill b\u00f6rja arbeta med m\u00e5nens fyra huvudfaser \u00e4r detta den perfekta ritualen f\u00f6r avtagande m\u00e5n f\u00f6r dig (det \u00e4r mer en dejt med dig sj\u00e4lv \u00e4n en ritual, men lika helig).<\/p>\n<p><strong>Kommer att beh\u00f6va:<\/strong><\/p>\n<ul>\n<li>En lista \u00f6ver personliga v\u00e5rdid\u00e9er att v\u00e4lja mellan<\/li>\n<li>$5-$20 beroende p\u00e5 vilken aktivitet du v\u00e4ljer (detta \u00e4r valfritt)<\/li>\n<li>Lite salvia, palo beato, en diffusor eller reng\u00f6ringsspray<\/li>\n<li>En dagbok<\/li>\n<li>En penna<\/li>\n<li>Ett ljus (valfritt, men trevligt att ha)<\/li>\n<\/ul>\n<p><strong>Hur man g\u00f6r det: <\/strong><\/p>\n<p>V\u00e4lj din egenv\u00e5rdshandling innan du b\u00f6rjar, och se till att du har allt du beh\u00f6ver. <\/p>\n<p>  Till exempel, om du ska p\u00e5 en g\u00f6r-det-sj\u00e4lv-spakv\u00e4ll, k\u00f6p ansiktsmasker, kroppsskrubb, h\u00e5rbehandlingar, fotstrumpor och allt annat du vill.<\/p>\n<p>Boka ett utrymme i din kalender f\u00f6r denna ritual d\u00e4r du inte kommer att bli st\u00f6rd eller avbruten (st\u00e4ll din telefon i flygplansl\u00e4ge eller st\u00e4ng av den helt).<\/p>\n<p>Reng\u00f6r ditt utrymme och t\u00e4nd ett ljus. <\/p>\n<p>  Njut av att ta dig tid att h\u00e4lla tillbaka i din egen brunn och visa dig sj\u00e4lv k\u00e4rlek. <\/p>\n<p>  Om vi \u200b\u200binte g\u00f6r detta kommer v\u00e5r energi snabbt att ta slut och f\u00f6rvandlas till utmattning. <\/p>\n<p>  Kom ih\u00e5g att det inte \u00e4r sj\u00e4lviskt att prioritera och hedra dina egna behov.<\/p>\n<p>N\u00e4r du \u00e4r klar, skriv i en dagbok vad du gjorde och hur du k\u00e4nner.<\/p>\n<h2><span class=\"ez-toc-section\" id=\"Hur_du_fordjupar_din_relation_med_manens_faser\"><\/span><span class=\"ez-toc-section\" id=\"Como_profundizar_tu_relacion_con_las_fases_de_la_luna\"><\/span>Hur du f\u00f6rdjupar din relation med m\u00e5nens faser<span class=\"ez-toc-section-end\"><\/span><span class=\"ez-toc-section-end\"><\/span><\/h2>\n<ul>\n<li>L\u00e4s b\u00f6cker och bloggar och g\u00e5 kurser som f\u00f6rdjupar din kunskap och f\u00f6rst\u00e5else f\u00f6r m\u00e5nen.<\/li>\n<li>M\u00e5nbad (fullm\u00e5ne \u00e4r den b\u00e4sta tiden f\u00f6r detta)<\/li>\n<li>F\u00f6lj var m\u00e5nen \u00e4r i din stad<\/li>\n<li>B\u00f6rja sp\u00e5ra din menstruationscykel<\/li>\n<li>Skapa utrymme f\u00f6r att fira m\u00e5nen<\/li>\n<li>H\u00e5ll en m\u00e5ndagbok (f\u00f6r alla dina rituella anteckningar och journaler)<\/li>\n<li>Lev och led i m\u00e5nar ist\u00e4llet f\u00f6r m\u00e5nader (detta blir l\u00e4ttare ju mer du g\u00f6r det)<\/li>\n<\/ul>\n<h2><span class=\"ez-toc-section\" id=\"Ar_du_redo_att_ingjuta_manmagi_i_din_varld\"><\/span><span class=\"ez-toc-section\" id=\"%C2%BFListo_para_infundir_magia_lunar_en_tu_mundo\"><\/span>\u00c4r du redo att ingjuta m\u00e5nmagi i din v\u00e4rld?<span class=\"ez-toc-section-end\"><\/span><span class=\"ez-toc-section-end\"><\/span><\/h2>\n<p>Nu vet du vad du ska g\u00f6ra under m\u00e5nens faser;  allt som \u00e5terst\u00e5r att g\u00f6ra \u00e4r att ta det du har l\u00e4rt dig och utf\u00f6ra det p\u00e5 ditt eget speciella s\u00e4tt.<\/p>\n<p>B\u00f6rja sm\u00e5tt. <\/p>\n<p>  Ta reda p\u00e5 vilken fas m\u00e5nen befinner sig i just nu d\u00e4r du bor. <\/p>\n<p>  Planera en liten nym\u00e5ne eller fullm\u00e5ne ritual, eller delta i en m\u00e5ncirkel i ditt n\u00e4romr\u00e5de. <\/p>\n<p>  Starta en dagbok s\u00e5 att du kan h\u00e5lla reda p\u00e5 var m\u00e5nen \u00e4r, tillsammans med dina energiniv\u00e5er och hum\u00f6r. <\/p>\n<p>  Med tiden kommer du att m\u00e4rka att teman och m\u00f6nster dyker upp.<\/p>\n<p>Kom ih\u00e5g att m\u00e5nen alltid finns d\u00e4r f\u00f6r oss att arbeta och det \u00e4r ett v\u00e4ldigt enkelt s\u00e4tt att f\u00f6rdjupa oss i naturen och ansluta till v\u00e5r heliga inre rytm som kvinnor. <\/p>\n<p>  Oavsett om du v\u00e4ljer att anv\u00e4nda det som ett verktyg f\u00f6r att manifestera dig sj\u00e4lv eller helt enkelt f\u00f6r att g\u00f6ra det vanliga i ditt liv mer skr\u00e4mmande, s\u00e5 finns det inget som heter r\u00e4tt eller fel. <\/p>\n<p>  F\u00f6lj din egen kompass.<\/p>\n<p><strong>Arbetar du med m\u00e5nens kretslopp? <\/strong><\/p>\n<p><strong>Vad g\u00f6r du under m\u00e5nens faser f\u00f6r att k\u00e4nna igen och fira dem?<\/strong><\/p>\n<p><strong>Hur har detta f\u00f6r\u00e4ndrat ditt liv?<\/strong><\/p>\n<p>L\u00e5t mig veta nedan i kommentarerna!<\/p>\n<p>Vi hoppas att du gillade v\u00e5r artikel Vad du ska g\u00f6ra under och allt relaterat till horoskop, tarot, ritualer och allt relaterat.<\/p>\n<figure class=\"wp-block-table is-style-regular\">\n<\/figure>\n<p>Intressanta saker att veta inneb\u00f6rden: Horoskop  <\/p>\n<p>\u00c4ven h\u00e4r l\u00e4mnar vi \u00e4mnen relaterade till: Horoskop<\/p>\n<\/p>\n<p><\/p>\n<p>Vi hoppas att du gillade v\u00e5r artikel Vad ska man g\u00f6ra under<br \/>\n och allt om horoskop, tarot, ritualer och allt relaterat till det &#8230;<\/p>\n<figure class=\"wp-block-table is-style-regular\">\n<table style=\"width: 284px; height: 157px;\">\n<tbody>\n<tr>\n<td class=\"has-text-align-center\" data-align=\"center\"><img loading=\"lazy\" decoding=\"async\" class=\"alignleft\" src=\" https:\/\/goroskop.tv\/wp-content\/uploads\/2023\/05\/horoscopodo12.jpg \" alt=\" Vad ska man g\u00f6ra under\n \" width=\"65\" height=\"95\" title=\"\"><img loading=\"lazy\" decoding=\"async\" class=\"alignleft\" style=\"width: 60px;\" src=\" https:\/\/goroskop.tv\/wp-content\/uploads\/2023\/05\/horoscopodo11.jpg \" alt=\" Vad ska man g\u00f6ra under\n \" width=\"195\" height=\"300\" title=\"\"><img decoding=\"async\" class=\"alignleft\" style=\"width: 60px;\" src=\" https:\/\/goroskop.tv\/wp-content\/uploads\/2023\/05\/horoscopodo10.jpg \" alt=\" Vad ska man g\u00f6ra under\n \" title=\"\"><\/td>\n<\/tr>\n<\/tbody>\n<\/table>\n<\/figure>\n<p>Intressanta saker att veta inneb\u00f6rden: <a href=\"https:\/\/sv.wikipedia.org\/wiki\/Horoskop\" target=\"_blank\" rel=\"nofollow noopener\"> Horoskop <\/a> <\/p>\n<p>H\u00e4r l\u00e4mnar vi ocks\u00e5 \u00e4mnen relaterade till: <a href=\" https:\/\/goroskop.tv\/sw\/den-perfekta-kandispojkvannen-for-dig\/\">Horoskop<\/a> <\/p>\n<div id=\"ez-toc-container\" class=\"ez-toc-v2_0_82_2 ez-toc-wrap-center counter-hierarchy ez-toc-counter ez-toc-grey ez-toc-container-direction\">\n<div class=\"ez-toc-title-container\">\n<div class=\"ez-toc-title\" style=\"cursor:inherit\">Table of Contents<\/div>\n<span class=\"ez-toc-title-toggle\"><a href=\"#\" class=\"ez-toc-pull-right ez-toc-btn ez-toc-btn-xs ez-toc-btn-default ez-toc-toggle\" aria-label=\"Alternar tabla de contenidos\"><span class=\"ez-toc-js-icon-con\"><span class=\"\"><span class=\"eztoc-hide\" style=\"display:none;\">Toggle<\/span><span class=\"ez-toc-icon-toggle-span\"><svg style=\"fill: #999;color:#999\" xmlns=\"http:\/\/www.w3.org\/2000\/svg\" class=\"list-377408\" width=\"20px\" height=\"20px\" viewBox=\"0 0 24 24\" fill=\"none\"><path d=\"M6 6H4v2h2V6zm14 0H8v2h12V6zM4 11h2v2H4v-2zm16 0H8v2h12v-2zM4 16h2v2H4v-2zm16 0H8v2h12v-2z\" fill=\"currentColor\"><\/path><\/svg><svg style=\"fill: #999;color:#999\" class=\"arrow-unsorted-368013\" xmlns=\"http:\/\/www.w3.org\/2000\/svg\" width=\"10px\" height=\"10px\" viewBox=\"0 0 24 24\" version=\"1.2\" baseProfile=\"tiny\"><path d=\"M18.2 9.3l-6.2-6.3-6.2 6.3c-.2.2-.3.4-.3.7s.1.5.3.7c.2.2.4.3.7.3h11c.3 0 .5-.1.7-.3.2-.2.3-.5.3-.7s-.1-.5-.3-.7zM5.8 14.7l6.2 6.3 6.2-6.3c.2-.2.3-.5.3-.7s-.1-.5-.3-.7c-.2-.2-.4-.3-.7-.3h-11c-.3 0-.5.1-.7.3-.2.2-.3.5-.3.7s.1.5.3.7z\"\/><\/svg><\/span><\/span><\/span><\/a><\/span><\/div>\n<nav><ul class='ez-toc-list ez-toc-list-level-1 eztoc-toggle-hide-by-default' ><li class='ez-toc-page-1 ez-toc-heading-level-2'><a class=\"ez-toc-link ez-toc-heading-1\" href=\"https:\/\/goroskop.tv\/sw\/vad-ska-man-gora-under\/#Vad_ska_man_gora_under\" >Vad ska man g\u00f6ra under<\/a><\/li><li class='ez-toc-page-1 ez-toc-heading-level-2'><a class=\"ez-toc-link ez-toc-heading-2\" href=\"https:\/\/goroskop.tv\/sw\/vad-ska-man-gora-under\/#Mancykeln_och_solcykeln\" >M\u00e5ncykeln och solcykeln<\/a><\/li><li class='ez-toc-page-1 ez-toc-heading-level-2'><a class=\"ez-toc-link ez-toc-heading-3\" href=\"https:\/\/goroskop.tv\/sw\/vad-ska-man-gora-under\/#Varfor_ar_mancykeln_sa_kraftfull_for_kvinnor\" >Varf\u00f6r \u00e4r m\u00e5ncykeln s\u00e5 kraftfull f\u00f6r kvinnor?<\/a><\/li><li class='ez-toc-page-1 ez-toc-heading-level-2'><a class=\"ez-toc-link ez-toc-heading-4\" href=\"https:\/\/goroskop.tv\/sw\/vad-ska-man-gora-under\/#Hur_arbetet_med_manen_har_forandrat_mitt_liv\" >Hur arbetet med m\u00e5nen har f\u00f6r\u00e4ndrat mitt liv<\/a><\/li><li class='ez-toc-page-1 ez-toc-heading-level-2'><a class=\"ez-toc-link ez-toc-heading-5\" href=\"https:\/\/goroskop.tv\/sw\/vad-ska-man-gora-under\/#Manens_8_faser\" >M\u00e5nens 8 faser<\/a><\/li><li class='ez-toc-page-1 ez-toc-heading-level-2'><a class=\"ez-toc-link ez-toc-heading-6\" href=\"https:\/\/goroskop.tv\/sw\/vad-ska-man-gora-under\/#Vad_ar_en_manritual\" >Vad \u00e4r en m\u00e5nritual?<\/a><\/li><li class='ez-toc-page-1 ez-toc-heading-level-2'><a class=\"ez-toc-link ez-toc-heading-7\" href=\"https:\/\/goroskop.tv\/sw\/vad-ska-man-gora-under\/#Vad_man_ska_gora_under_manens_faser\" >Vad man ska g\u00f6ra under m\u00e5nens faser<\/a><ul class='ez-toc-list-level-3' ><li class='ez-toc-heading-level-3'><a class=\"ez-toc-link ez-toc-heading-8\" href=\"https:\/\/goroskop.tv\/sw\/vad-ska-man-gora-under\/#nymanen\" >nym\u00e5nen<\/a><\/li><li class='ez-toc-page-1 ez-toc-heading-level-3'><a class=\"ez-toc-link ez-toc-heading-9\" href=\"https:\/\/goroskop.tv\/sw\/vad-ska-man-gora-under\/#nymane_ritual\" >nym\u00e5ne ritual<\/a><\/li><li class='ez-toc-page-1 ez-toc-heading-level-3'><a class=\"ez-toc-link ez-toc-heading-10\" href=\"https:\/\/goroskop.tv\/sw\/vad-ska-man-gora-under\/#halvmanen\" >halvm\u00e5nen<\/a><\/li><li class='ez-toc-page-1 ez-toc-heading-level-3'><a class=\"ez-toc-link ez-toc-heading-11\" href=\"https:\/\/goroskop.tv\/sw\/vad-ska-man-gora-under\/#halvmane_ritual\" >halvm\u00e5ne ritual<\/a><\/li><li class='ez-toc-page-1 ez-toc-heading-level-3'><a class=\"ez-toc-link ez-toc-heading-12\" href=\"https:\/\/goroskop.tv\/sw\/vad-ska-man-gora-under\/#Fullmane\" >Fullm\u00e5ne<\/a><\/li><li class='ez-toc-page-1 ez-toc-heading-level-3'><a class=\"ez-toc-link ez-toc-heading-13\" href=\"https:\/\/goroskop.tv\/sw\/vad-ska-man-gora-under\/#fullmane_ritual\" >fullm\u00e5ne ritual<\/a><\/li><li class='ez-toc-page-1 ez-toc-heading-level-3'><a class=\"ez-toc-link ez-toc-heading-14\" href=\"https:\/\/goroskop.tv\/sw\/vad-ska-man-gora-under\/#den_avtagande_manen\" >den avtagande m\u00e5nen<\/a><\/li><li class='ez-toc-page-1 ez-toc-heading-level-3'><a class=\"ez-toc-link ez-toc-heading-15\" href=\"https:\/\/goroskop.tv\/sw\/vad-ska-man-gora-under\/#Ritual_av_den_avtagande_manen\" >Ritual av den avtagande m\u00e5nen<\/a><\/li><\/ul><\/li><li class='ez-toc-page-1 ez-toc-heading-level-2'><a class=\"ez-toc-link ez-toc-heading-16\" href=\"https:\/\/goroskop.tv\/sw\/vad-ska-man-gora-under\/#Hur_du_fordjupar_din_relation_med_manens_faser\" >Hur du f\u00f6rdjupar din relation med m\u00e5nens faser<\/a><\/li><li class='ez-toc-page-1 ez-toc-heading-level-2'><a class=\"ez-toc-link ez-toc-heading-17\" href=\"https:\/\/goroskop.tv\/sw\/vad-ska-man-gora-under\/#Ar_du_redo_att_ingjuta_manmagi_i_din_varld\" >\u00c4r du redo att ingjuta m\u00e5nmagi i din v\u00e4rld?<\/a><\/li><\/ul><\/nav><\/div>\n","protected":false},"excerpt":{"rendered":"<p>Vad ska man g\u00f6ra under S\u00e5 du kanske har h\u00f6rt talas om nym\u00e5ne- och fullm\u00e5neritualer och det h\u00e4r som kallas m\u00e5nen. Magimen du \u00e4r inte s\u00e4ker p\u00e5 hur du ska arbeta med Grand Mumma moon eller vad du ska g\u00f6ra under m\u00e5nens faser. Fler kvinnor \u00e4n n\u00e5gonsin pratar och arbetar med m\u00e5nens heliga energi och &hellip;<\/p>\n","protected":false},"author":1,"featured_media":41,"comment_status":"closed","ping_status":"closed","sticky":false,"template":"","format":"standard","meta":{"footnotes":""},"categories":[2],"tags":[58,24,108,43],"class_list":["post-66571","post","type-post","status-publish","format-standard","has-post-thumbnail","hentry","category-horoskop","tag-gora","tag-man","tag-ska","tag-vad"],"_links":{"self":[{"href":"https:\/\/goroskop.tv\/sw\/wp-json\/wp\/v2\/posts\/66571","targetHints":{"allow":["GET"]}}],"collection":[{"href":"https:\/\/goroskop.tv\/sw\/wp-json\/wp\/v2\/posts"}],"about":[{"href":"https:\/\/goroskop.tv\/sw\/wp-json\/wp\/v2\/types\/post"}],"author":[{"embeddable":true,"href":"https:\/\/goroskop.tv\/sw\/wp-json\/wp\/v2\/users\/1"}],"replies":[{"embeddable":true,"href":"https:\/\/goroskop.tv\/sw\/wp-json\/wp\/v2\/comments?post=66571"}],"version-history":[{"count":0,"href":"https:\/\/goroskop.tv\/sw\/wp-json\/wp\/v2\/posts\/66571\/revisions"}],"wp:featuredmedia":[{"embeddable":true,"href":"https:\/\/goroskop.tv\/sw\/wp-json\/wp\/v2\/media\/41"}],"wp:attachment":[{"href":"https:\/\/goroskop.tv\/sw\/wp-json\/wp\/v2\/media?parent=66571"}],"wp:term":[{"taxonomy":"category","embeddable":true,"href":"https:\/\/goroskop.tv\/sw\/wp-json\/wp\/v2\/categories?post=66571"},{"taxonomy":"post_tag","embeddable":true,"href":"https:\/\/goroskop.tv\/sw\/wp-json\/wp\/v2\/tags?post=66571"}],"curies":[{"name":"wp","href":"https:\/\/api.w.org\/{rel}","templated":true}]}}