{"id":6758,"date":"2023-07-22T20:19:57","date_gmt":"2023-07-22T20:19:57","guid":{"rendered":"https:\/\/goroskop.tv\/sw\/pa-denna-nymane-i-stenbocken-ger-jag-dig\/"},"modified":"2023-07-22T20:19:57","modified_gmt":"2023-07-22T20:19:57","slug":"pa-denna-nymane-i-stenbocken-ger-jag-dig","status":"publish","type":"post","link":"https:\/\/goroskop.tv\/sw\/pa-denna-nymane-i-stenbocken-ger-jag-dig\/","title":{"rendered":"P\u00e5 denna nym\u00e5ne i Stenbocken ger jag dig"},"content":{"rendered":"<p><\/p>\n<h2><span class=\"ez-toc-section\" id=\"Pa_denna_nymane_i_Stenbocken_valkomnar_jag_dig\"><\/span><span class=\"ez-toc-section\" id=\"En_esta_Luna_Nueva_en_Capricornio_te_doy_la_Bienvenida\"><\/span>  P\u00e5 denna nym\u00e5ne i Stenbocken v\u00e4lkomnar jag dig<span class=\"ez-toc-section-end\"><\/span><span class=\"ez-toc-section-end\"><\/span><\/h2>\n<figure id=\"attachment_833189\" aria-describedby=\"caption-attachment-833189\" style=\"width: 1080px\" class=\"wp-caption alignnone\">rawpixel.com \/ Unsplash<\/figure>\n<p>I en v\u00e4rld av liv och r\u00f6relse, skatter och pensionsplaner, sociala normer och lagar kan det vara sv\u00e5rt att f\u00f6rkroppsliga ett andligt liv. <\/p>\n<p>  Jag har \u00e4gnat mycket av de senaste \u00e5ren \u00e5t att ifr\u00e5gas\u00e4tta \u00abf\u00f6rv\u00e4ntningarna\u00bb p\u00e5 v\u00e5r kultur, vanligtvis st\u00e5tt kritiskt vid sidan av och sprungit iv\u00e4g f\u00f6r att g\u00f6ra min egen grej. <\/p>\n<p>  Att leva s\u00e5 enkelt som m\u00f6jligt har varit avg\u00f6rande f\u00f6r min lycka, men v\u00e5r v\u00e4rld har alltid ett s\u00e4tt att p\u00e5minna mig om att vara jordad och fokuserad p\u00e5 ljuset. <\/p>\n<p>  Ist\u00e4llet f\u00f6r att falla i depression eller \u00e5ngest \u00f6ver kaoset runt mig valde jag att leva i min egen lilla v\u00e4rld.<\/p>\n<p><i>Vilka \u00e4r vi att s\u00e4ga att v\u00e4rlden inte kan vara en magisk plats? <\/i><\/p>\n<p>Kommer du ih\u00e5g sp\u00e4nningen och f\u00f6rundran vi hade n\u00e4r vi var barn?  Nyfikenheten vi hade f\u00f6r vad som fanns runt varje h\u00f6rn, f\u00f6r vad varje dag hade i beredskap f\u00f6r oss, f\u00f6r charmen med det ok\u00e4nda?  Jag har levt mycket av mitt vuxna liv p\u00e5 det h\u00e4r s\u00e4ttet;  uppt\u00e4cka nya platser, f\u00e5 nya v\u00e4nner, befinna mig i unika situationer i livet. <\/p>\n<p>  Jag hade en stor k\u00e4nsla av f\u00f6rundran n\u00e4r jag flyttade fr\u00e5n stad till stad, stadsdel till stadsdel. <\/p>\n<p>  Jag k\u00e4nner fortfarande s\u00e5 n\u00e4r jag utforskar platser jag aldrig har varit, tar bilder p\u00e5 byggnader jag aldrig sett och tr\u00e4ffar m\u00e4nniskor fr\u00e5n hela v\u00e4rlden.<\/p>\n<p>Men den \u00abverkliga v\u00e4rlden\u00bb s\u00e4tter in. <\/p>\n<p>M\u00e4nniskor kritiserar oss, p\u00e5minner oss om v\u00e5ra misslyckanden, kritiserar oss och s\u00e4ger till oss att v\u00e5ra dr\u00f6mmar inte \u00e4r m\u00f6jliga. <\/p>\n<p>  det \u00e4r t\u00e4tt <b>3d energi<\/b> den d\u00e4r <i><i>du beh\u00f6ver inte<\/i> <\/i>Ingen n\u00e5dde storhet genom att h\u00e5llas tillbaka av sina kritiker. <\/p>\n<p>  N\u00e4r vi g\u00e5r in i Nym\u00e5nen i Stenbocken f\u00f6rs\u00f6ker jag sl\u00e4ppa mina begr\u00e4nsade \u00f6vertygelser, de \u00f6vertygelser som s\u00e4ger mig att saker inte \u00e4r m\u00f6jliga, att jag inte kan, eller r\u00f6sten som s\u00e4ger till mig \u00abdet kommer inte att h\u00e4nda\u00bb.<\/p>\n<p><i>N\u00e5got <\/i>Du kan passera.<\/p>\n<p>De flesta magiska \u00f6gonblicken \u00e4r de vi aldrig f\u00f6rv\u00e4ntar oss. <\/p>\n<p>  Jag skulle aldrig ha kunnat hitta p\u00e5 m\u00e5nga av de ber\u00e4ttelser jag \u00e4nnu inte har ber\u00e4ttat om jag inte hade haft den d\u00e4r stor\u00f6gda gl\u00e4djen och f\u00f6rundran. <\/p>\n<p>  Att flytta till New York City var en stor del av detta f\u00f6r mig;  Det verkade som ett fantasiland d\u00e4r verkligheten inte fanns. <\/p>\n<p>  I en stad av starkt ljus och dr\u00f6mmar hade jag tron \u200b\u200batt allt var m\u00f6jligt, men bara f\u00f6r att det inte \u00e4r det l\u00e4ngre betyder det inte att magin \u00e4r \u00f6ver. <\/p>\n<p>  Faktum \u00e4r att den \u00e4r mer kraftfull \u00e4n n\u00e5gonsin- <b>f\u00f6r jag \u00e4r medveten om det.<\/b><\/p>\n<p>Det b\u00e4sta \u00e4r kvar.<\/p>\n<p>Under denna nym\u00e5ne sl\u00e4pper jag taget om den jag en g\u00e5ng var och g\u00f6r plats f\u00f6r magin som \u00e4r p\u00e5 v\u00e4g. <\/p>\n<p>  \u00c4ven om jag nyligen gjorde harmoni till mitt \u00e5rets ord, \u00e4r mitt tema f\u00f6r 2018 <b>obegr\u00e4nsat. <\/b><\/p>\n<p>Obegr\u00e4nsade m\u00f6jligheter och o\u00e4ndliga m\u00f6jligheter. <\/p>\n<p>  Den enda presenten som har hindrat mig fr\u00e5n framg\u00e5ng, lycka eller stabilitet \u00e4r jag sj\u00e4lv;  Om jag forts\u00e4tter att f\u00f6lja mitt hj\u00e4rta, lyssna p\u00e5 min sj\u00e4l och forts\u00e4tta arbeta h\u00e5rt, kommer magi att h\u00e4nda.<\/p>\n<p><strong>Och den h\u00e4r g\u00e5ngen beh\u00f6ver jag inte jaga honom.<\/strong> <span class=\"tc_mark\"><\/span><\/p>\n<p>Vi hoppas att du gillade v\u00e5r artikel I denna nym\u00e5ne i Stenbocken v\u00e4lkomnar jag dig och allt relaterat till horoskop, tarot, ritualer och allt relaterat.<\/p>\n<figure class=\"wp-block-table is-style-regular\">\n<\/figure>\n<p>Intressanta saker att veta inneb\u00f6rden: Horoskop  <\/p>\n<p>\u00c4ven h\u00e4r l\u00e4mnar vi \u00e4mnen relaterade till: Horoskop <\/p>\n<\/p>\n<p><\/p>\n<p>Vi hoppas att du gillade v\u00e5r artikel P\u00e5 denna nym\u00e5ne i Stenbocken ger jag dig<br \/>\n och allt om horoskop, tarot, ritualer och allt relaterat till det &#8230;<\/p>\n<figure class=\"wp-block-table is-style-regular\">\n<table style=\"width: 284px; height: 157px;\">\n<tbody>\n<tr>\n<td class=\"has-text-align-center\" data-align=\"center\"><img loading=\"lazy\" decoding=\"async\" class=\"alignleft\" src=\" https:\/\/goroskop.tv\/wp-content\/uploads\/2023\/05\/horoscopodo12.jpg \" alt=\" P\u00e5 denna nym\u00e5ne i Stenbocken ger jag dig\n \" width=\"65\" height=\"95\" title=\"\"><img loading=\"lazy\" decoding=\"async\" class=\"alignleft\" style=\"width: 60px;\" src=\" https:\/\/goroskop.tv\/wp-content\/uploads\/2023\/05\/horoscopodo11.jpg \" alt=\" P\u00e5 denna nym\u00e5ne i Stenbocken ger jag dig\n \" width=\"195\" height=\"300\" title=\"\"><img decoding=\"async\" class=\"alignleft\" style=\"width: 60px;\" src=\" https:\/\/goroskop.tv\/wp-content\/uploads\/2023\/05\/horoscopodo10.jpg \" alt=\" P\u00e5 denna nym\u00e5ne i Stenbocken ger jag dig\n \" title=\"\"><\/td>\n<\/tr>\n<\/tbody>\n<\/table>\n<\/figure>\n<p>Intressanta saker att veta inneb\u00f6rden: <a href=\"https:\/\/sv.wikipedia.org\/wiki\/Horoskop\" target=\"_blank\" rel=\"nofollow noopener\"> Horoskop <\/a> <\/p>\n<p>H\u00e4r l\u00e4mnar vi ocks\u00e5 \u00e4mnen relaterade till: <a href=\" https:\/\/goroskop.tv\/sw\/den-perfekta-kandispojkvannen-for-dig\/\">Horoskop<\/a> <\/p>\n<div id=\"ez-toc-container\" class=\"ez-toc-v2_0_82_2 ez-toc-wrap-center counter-hierarchy ez-toc-counter ez-toc-grey ez-toc-container-direction\">\n<div class=\"ez-toc-title-container\">\n<div class=\"ez-toc-title\" style=\"cursor:inherit\">Table of Contents<\/div>\n<span class=\"ez-toc-title-toggle\"><a href=\"#\" class=\"ez-toc-pull-right ez-toc-btn ez-toc-btn-xs ez-toc-btn-default ez-toc-toggle\" aria-label=\"Alternar tabla de contenidos\"><span class=\"ez-toc-js-icon-con\"><span class=\"\"><span class=\"eztoc-hide\" style=\"display:none;\">Toggle<\/span><span class=\"ez-toc-icon-toggle-span\"><svg style=\"fill: #999;color:#999\" xmlns=\"http:\/\/www.w3.org\/2000\/svg\" class=\"list-377408\" width=\"20px\" height=\"20px\" viewBox=\"0 0 24 24\" fill=\"none\"><path d=\"M6 6H4v2h2V6zm14 0H8v2h12V6zM4 11h2v2H4v-2zm16 0H8v2h12v-2zM4 16h2v2H4v-2zm16 0H8v2h12v-2z\" fill=\"currentColor\"><\/path><\/svg><svg style=\"fill: #999;color:#999\" class=\"arrow-unsorted-368013\" xmlns=\"http:\/\/www.w3.org\/2000\/svg\" width=\"10px\" height=\"10px\" viewBox=\"0 0 24 24\" version=\"1.2\" baseProfile=\"tiny\"><path d=\"M18.2 9.3l-6.2-6.3-6.2 6.3c-.2.2-.3.4-.3.7s.1.5.3.7c.2.2.4.3.7.3h11c.3 0 .5-.1.7-.3.2-.2.3-.5.3-.7s-.1-.5-.3-.7zM5.8 14.7l6.2 6.3 6.2-6.3c.2-.2.3-.5.3-.7s-.1-.5-.3-.7c-.2-.2-.4-.3-.7-.3h-11c-.3 0-.5.1-.7.3-.2.2-.3.5-.3.7s.1.5.3.7z\"\/><\/svg><\/span><\/span><\/span><\/a><\/span><\/div>\n<nav><ul class='ez-toc-list ez-toc-list-level-1 eztoc-toggle-hide-by-default' ><li class='ez-toc-page-1 ez-toc-heading-level-2'><a class=\"ez-toc-link ez-toc-heading-1\" href=\"https:\/\/goroskop.tv\/sw\/pa-denna-nymane-i-stenbocken-ger-jag-dig\/#Pa_denna_nymane_i_Stenbocken_valkomnar_jag_dig\" >P\u00e5 denna nym\u00e5ne i Stenbocken v\u00e4lkomnar jag dig<\/a><\/li><\/ul><\/nav><\/div>\n","protected":false},"excerpt":{"rendered":"<p>P\u00e5 denna nym\u00e5ne i Stenbocken v\u00e4lkomnar jag dig rawpixel.com \/ Unsplash I en v\u00e4rld av liv och r\u00f6relse, skatter och pensionsplaner, sociala normer och lagar kan det vara sv\u00e5rt att f\u00f6rkroppsliga ett andligt liv. Jag har \u00e4gnat mycket av de senaste \u00e5ren \u00e5t att ifr\u00e5gas\u00e4tta \u00abf\u00f6rv\u00e4ntningarna\u00bb p\u00e5 v\u00e5r kultur, vanligtvis st\u00e5tt kritiskt vid sidan av &hellip;<\/p>\n","protected":false},"author":1,"featured_media":63,"comment_status":"closed","ping_status":"closed","sticky":false,"template":"","format":"standard","meta":{"footnotes":""},"categories":[2],"tags":[737,14,726,54,1377,70,84],"class_list":["post-6758","post","type-post","status-publish","format-standard","has-post-thumbnail","hentry","category-horoskop","tag-denna","tag-dig","tag-ger","tag-jag","tag-nymane","tag-pa","tag-stenbocken"],"_links":{"self":[{"href":"https:\/\/goroskop.tv\/sw\/wp-json\/wp\/v2\/posts\/6758","targetHints":{"allow":["GET"]}}],"collection":[{"href":"https:\/\/goroskop.tv\/sw\/wp-json\/wp\/v2\/posts"}],"about":[{"href":"https:\/\/goroskop.tv\/sw\/wp-json\/wp\/v2\/types\/post"}],"author":[{"embeddable":true,"href":"https:\/\/goroskop.tv\/sw\/wp-json\/wp\/v2\/users\/1"}],"replies":[{"embeddable":true,"href":"https:\/\/goroskop.tv\/sw\/wp-json\/wp\/v2\/comments?post=6758"}],"version-history":[{"count":0,"href":"https:\/\/goroskop.tv\/sw\/wp-json\/wp\/v2\/posts\/6758\/revisions"}],"wp:featuredmedia":[{"embeddable":true,"href":"https:\/\/goroskop.tv\/sw\/wp-json\/wp\/v2\/media\/63"}],"wp:attachment":[{"href":"https:\/\/goroskop.tv\/sw\/wp-json\/wp\/v2\/media?parent=6758"}],"wp:term":[{"taxonomy":"category","embeddable":true,"href":"https:\/\/goroskop.tv\/sw\/wp-json\/wp\/v2\/categories?post=6758"},{"taxonomy":"post_tag","embeddable":true,"href":"https:\/\/goroskop.tv\/sw\/wp-json\/wp\/v2\/tags?post=6758"}],"curies":[{"name":"wp","href":"https:\/\/api.w.org\/{rel}","templated":true}]}}