{"id":7334,"date":"2023-07-22T23:56:12","date_gmt":"2023-07-22T23:56:12","guid":{"rendered":"https:\/\/goroskop.tv\/sw\/en-poet-berattar-vad-du-kan-forvanta-dig-i-maj\/"},"modified":"2023-07-22T23:56:12","modified_gmt":"2023-07-22T23:56:12","slug":"en-poet-berattar-vad-du-kan-forvanta-dig-i-maj","status":"publish","type":"post","link":"https:\/\/goroskop.tv\/sw\/en-poet-berattar-vad-du-kan-forvanta-dig-i-maj\/","title":{"rendered":"En poet ber\u00e4ttar vad du kan f\u00f6rv\u00e4nta dig i maj,"},"content":{"rendered":"<p><\/p>\n<h2><span class=\"ez-toc-section\" id=\"En_poet_berattar_vad_du_kan_forvanta_dig_i_maj\"><\/span><span class=\"ez-toc-section\" id=\"Un_poeta_te_dice_que_esperar_este_mayo\"><\/span>  En poet ber\u00e4ttar vad du kan f\u00f6rv\u00e4nta dig i maj,<span class=\"ez-toc-section-end\"><\/span><span class=\"ez-toc-section-end\"><\/span><\/h2>\n<figure id=\"attachment_875358\" aria-describedby=\"caption-attachment-875358\" style=\"width: 1140px\" class=\"wp-caption aligncenter\">  no\u00ebl alva<\/figure>\n<p>Tvivel har alltid varit n\u00e5got du har k\u00e4mpat med, men den senaste tiden har dess grepp om dig blivit starkare och mycket sv\u00e5rare att ignorera. <\/p>\n<p>  Sluta se dig sj\u00e4lv som den person du var f\u00f6r flera \u00e5r sedan. <\/p>\n<p>  Du har g\u00e5tt igenom en rad personliga f\u00f6r\u00e4ndringar sedan du gjorde de stora misstagen, och om du tittar i spegeln i mer \u00e4n n\u00e5gra sekunder kommer du att kunna se alla framsteg du har gjort. <\/p>\n<p>  Lita p\u00e5 dig sj\u00e4lv och din f\u00f6rm\u00e5ga att f\u00e5 bra saker att h\u00e4nda. <\/p>\n<p>  Du \u00e4r din egen v\u00e4rsta fiende.<\/p>\n<p>Det \u00e4r en sv\u00e5r sanning att sv\u00e4lja, men ibland m\u00e5ste man l\u00e4gga de saker man vill p\u00e5 is f\u00f6r ett senare datum. <\/p>\n<p>  Det finns en tid och en plats f\u00f6r allt, du m\u00e5ste lita p\u00e5 att du en dag kommer att vara i en tillr\u00e4ckligt stabil position f\u00f6r att uppn\u00e5 det du skulle vilja. <\/p>\n<p>  Ist\u00e4llet f\u00f6r att l\u00e5ta det f\u00e5 dig ner, anv\u00e4nd det som en m\u00f6jlighet att g\u00f6ra mer konkreta planer f\u00f6r vad som komma skall. <\/p>\n<p>  Du har varit med om m\u00e5nga f\u00f6r\u00e4ndringar p\u00e5 sistone, s\u00e5 det kanske \u00e4r dags att omv\u00e4rdera vart du \u00e4r p\u00e5 v\u00e4g. <\/p>\n<p>  Det finns fortfarande tid.<\/p>\n<p>Du tenderar att l\u00e5ta folk g\u00e5 \u00f6ver dig av r\u00e4dsla f\u00f6r att vara ensam, men du m\u00e5ste komma ih\u00e5g att det bara kommer att skada dig att underkasta dig d\u00e5lig k\u00e4rlek. <\/p>\n<p>  Det \u00e4r m\u00f6jligt att g\u00f6ra det b\u00e4sta av en situation utan att ignorera dess uppenbara brister. <\/p>\n<p>  Det g\u00e5r att titta p\u00e5 vad man en g\u00e5ng hade med n\u00e5gon och erk\u00e4nna att det \u00e4r \u00f6ver, utan att ocks\u00e5 smutskasta alla goda minnen. <\/p>\n<p>  Och viktigast av allt, du kanske \u00e4r lyckligare \u00e4n du \u00e4r. <\/p>\n<p>  Gl\u00f6m inte bort det ur sikte.<\/p>\n<p>Hur mycket du \u00e4n f\u00f6rs\u00f6ker kan du aldrig helt undvika kritik. <\/p>\n<p>  En sak du d\u00e4remot kan g\u00f6ra \u00e4r att l\u00e4ra dig att skilja p\u00e5 kommentarer som inneh\u00e5ller giltighet och kommentarer som kommer fr\u00e5n en plats av negativitet. <\/p>\n<p>  \u00c4ven om du definitivt har gjort m\u00e5nga f\u00f6rb\u00e4ttringar p\u00e5 sistone, finns det alltid utrymme f\u00f6r f\u00f6rb\u00e4ttringar, s\u00e4rskilt n\u00e4r det kommer till dina passioner. <\/p>\n<p>  Att uppgradera ditt hantverk \u00e4r inte ett tecken p\u00e5 svaghet, utan ett tecken p\u00e5 f\u00f6rst\u00e5else. <\/p>\n<p>  Till\u00e5t dig inte att vara f\u00f6r envis f\u00f6r att se det.<\/p>\n<p>Din kunskap om andra m\u00e4nniskor och hur de uttrycker sig har alltid varit en g\u00e5va fr\u00e5n dig: du kan se \u00e4ven den mest utarbetade masken p\u00e5 en mils avst\u00e5nd. <\/p>\n<p>  Detta f\u00e5r mig dock att undra varf\u00f6r du inte kan se igenom din egen handling. <\/p>\n<p>  Om du \u00e5ngrar hur du st\u00e4ngde av dig fr\u00e5n vissa m\u00f6jligheter, eller hur du agerade med n\u00e5gon tidigare, ignorera det inte. <\/p>\n<p>  Du kan aldrig fly rampljuset om du inte b\u00f6rjar vara \u00e4rlig om hur du kom dit.<\/p>\n<p>\u00c4ven om \u00abge inte upp\u00bb \u00e4r en bra fras att ha i \u00e5tanke, ibland tar man det lite f\u00f6r l\u00e5ngt. <\/p>\n<p>  Du anv\u00e4nder det f\u00f6r att r\u00e4ttf\u00e4rdiga att h\u00e5lla fast vid platser och m\u00e4nniskor som inte l\u00e4ngre borde vara en del av ditt liv: det \u00e4r ett problem. <\/p>\n<p>  Se p\u00e5 dina handlingar som om du var en fr\u00e4mling som granskar dem och fundera noga p\u00e5 vad som \u00e4r h\u00e4lsosamt och oh\u00e4lsosamt att sl\u00e4ppa taget om. <\/p>\n<p>  Konsekvens kan vara en egenskap som andra tidigare har beundrat hos dig, men g\u00e5 ner i vikt n\u00e4r du v\u00e4l prioriterar din livskvalitet. <\/p>\n<p>  Sluta inte.<\/p>\n<p>Gr\u00e4nserna f\u00f6r ditt liv har alltid byggts helt p\u00e5 dina villkor, med specifika m\u00e5l i \u00e5tanke. <\/p>\n<p>  Det h\u00e4r \u00e4r inte en d\u00e5lig sak, men det isolerar dig ibland fr\u00e5n saker som du f\u00f6rmodligen skulle hitta en djup koppling till, saker som inte passar in i ditt omr\u00e5de. <\/p>\n<p>  Fokusera p\u00e5 n\u00e4tverkande under de kommande m\u00e5naderna och st\u00e4rka de relationer du redan \u00e4r en del av. <\/p>\n<p>  S\u00e5 mycket som du gillar att se dig sj\u00e4lv som helt sj\u00e4lvf\u00f6rs\u00f6rjande, \u00e4r det inget fel med att \u00f6ppna dig lite mer f\u00f6r m\u00f6jligheterna.<\/p>\n<p>Du \u00e4r v\u00e4ldigt bra p\u00e5 att erk\u00e4nna negativitet i ditt liv och f\u00f6rs\u00f6ka g\u00e5 ifr\u00e5n den tills negativiteten kommer fr\u00e5n n\u00e5gon du \u00e4r k\u00e4nslom\u00e4ssigt investerad i. <\/p>\n<p>L\u00e5t inte folk behandla dig illa bara f\u00f6r att du \u00e4lskar dem. <\/p>\n<p>  Om de var v\u00e4rda din tillgivenhet, skulle de vara mer h\u00e4nsynsfulla \u00e4n de har varit. <\/p>\n<p>  Fr\u00e5ga dig sj\u00e4lv: h\u00e5ller du fast vid dem eller deras potential?  F\u00f6rs\u00f6k att fokusera mer p\u00e5 det konkreta \u00e4n det immateriella. <\/p>\n<p>  Bli jordad.<\/p>\n<p>T\u00e5lamod kommer att vara nyckeln till din framg\u00e5ng under de kommande m\u00e5naderna. <\/p>\n<p>  N\u00e4r du har mycket specifika m\u00e5l \u00e4r det ofta sv\u00e5rt f\u00f6r dig att stanna upp och t\u00e4nka p\u00e5 nuet, men om din nutid \u00e4ventyras kommer din framtid att vara det ocks\u00e5. <\/p>\n<p>  L\u00e5t inte belackare distrahera dig eller avskr\u00e4cka dig fr\u00e5n dina ambitioner. <\/p>\n<p>  H\u00e5ll dig engagerad, h\u00e5ll dig sj\u00e4lv ansvarig och kom ih\u00e5g att du i slut\u00e4ndan \u00e4r den som m\u00e5ste leva med dig sj\u00e4lv n\u00e4r dagen \u00e4r slut. <\/p>\n<p>  Ta beslut du kommer att vara stolt \u00f6ver.<\/p>\n<p>G\u00e5r du verkligen bort fr\u00e5n en situation om du fortfarande tar upp den i samtalet och t\u00e4nker p\u00e5 det innan du somnar?  Du har insisterat s\u00e5 h\u00e4ftigt att du \u00e4r \u00f6ver det l\u00e4nge, men dina handlingar verkar tyda p\u00e5 n\u00e5got annat. <\/p>\n<p>  Jag vet att det \u00e4r nedsl\u00e5ende att erk\u00e4nna att du fortfarande \u00e4r p\u00e5verkad av n\u00e5got som h\u00e4nde f\u00f6r s\u00e5 l\u00e4nge sedan, men det kommer inte att vara f\u00f6rr\u00e4n du erk\u00e4nner det som du verkligen kan g\u00f6ra framsteg i din helande. <\/p>\n<p>  Det \u00e4r okej f\u00f6r att vara \u00e4rlig. <\/p>\n<p>  OK.<\/p>\n<p>Fyllt av sena n\u00e4tter och tidiga morgnar tenderar ditt liv att bli hektiskt snabbt, och vid s\u00e5dana tillf\u00e4llen \u00e4r det l\u00e4tt att tappa kontakten med din andlighet. <\/p>\n<p>  F\u00f6rs\u00f6k att meditera och avs\u00e4tta tid f\u00f6r att begrunda det immateriella. <\/p>\n<p>  T\u00e4nk p\u00e5 n\u00e5got som f\u00f6rbryllar dig. <\/p>\n<p>  Skriv ner det och svara sedan. <\/p>\n<p>  Allt du beh\u00f6ver veta f\u00f6r att trivas finns till hands, bara str\u00e4ck ut handen och ta tag i det. <\/p>\n<p>  Vars\u00e5god, vi st\u00f6ttar dig alla.<\/p>\n<p>Det \u00e4r instinktivt f\u00f6r dig att bli defensiv n\u00e4r n\u00e5got s\u00e4gs som du inte h\u00e5ller med om, och n\u00e4r den muren v\u00e4l har byggts \u00e4r det otroligt sv\u00e5rt att bryta ner. <\/p>\n<p>  Du har aldrig riktigt ansett dig sj\u00e4lv som k\u00e4nslig, men varf\u00f6r skulle s\u00e5dant h\u00e4r annars p\u00e5verka dig s\u00e5 djupt?  Det \u00e4r inte ett brott att ryckas med av k\u00e4nslor, eller att k\u00e4nna saker utan anledning. <\/p>\n<p>  Du beh\u00f6ver inte alltid vara klippan. <\/p>\n<p>  Du kan vara den modigaste presenten i v\u00e4rlden och fortfarande gr\u00e5ta gott. <\/p>\n<p>Vi hoppas att du gillade v\u00e5r artikel En poet ber\u00e4ttar vad du kan f\u00f6rv\u00e4nta dig i maj, och allt relaterat till horoskop, tarot, ritualer och allt relaterat&#8230;<\/p>\n<figure class=\"wp-block-table is-style-regular\">\n<\/figure>\n<p>Intressanta saker att veta inneb\u00f6rden: Horoskop  <\/p>\n<p>\u00c4ven h\u00e4r l\u00e4mnar vi \u00e4mnen relaterade till: Horoskop <\/p>\n<\/p>\n<p><\/p>\n<p>Vi hoppas att du gillade v\u00e5r artikel En poet ber\u00e4ttar vad du kan f\u00f6rv\u00e4nta dig i maj,<br \/>\n och allt om horoskop, tarot, ritualer och allt relaterat till det &#8230;<\/p>\n<figure class=\"wp-block-table is-style-regular\">\n<table style=\"width: 284px; height: 157px;\">\n<tbody>\n<tr>\n<td class=\"has-text-align-center\" data-align=\"center\"><img loading=\"lazy\" decoding=\"async\" class=\"alignleft\" src=\" https:\/\/goroskop.tv\/wp-content\/uploads\/2023\/05\/horoscopodo12.jpg \" alt=\" En poet ber\u00e4ttar vad du kan f\u00f6rv\u00e4nta dig i maj,\n \" width=\"65\" height=\"95\" title=\"\"><img loading=\"lazy\" decoding=\"async\" class=\"alignleft\" style=\"width: 60px;\" src=\" https:\/\/goroskop.tv\/wp-content\/uploads\/2023\/05\/horoscopodo11.jpg \" alt=\" En poet ber\u00e4ttar vad du kan f\u00f6rv\u00e4nta dig i maj,\n \" width=\"195\" height=\"300\" title=\"\"><img decoding=\"async\" class=\"alignleft\" style=\"width: 60px;\" src=\" https:\/\/goroskop.tv\/wp-content\/uploads\/2023\/05\/horoscopodo10.jpg \" alt=\" En poet ber\u00e4ttar vad du kan f\u00f6rv\u00e4nta dig i maj,\n \" title=\"\"><\/td>\n<\/tr>\n<\/tbody>\n<\/table>\n<\/figure>\n<p>Intressanta saker att veta inneb\u00f6rden: <a href=\"https:\/\/sv.wikipedia.org\/wiki\/Horoskop\" target=\"_blank\" rel=\"nofollow noopener\"> Horoskop <\/a> <\/p>\n<p>H\u00e4r l\u00e4mnar vi ocks\u00e5 \u00e4mnen relaterade till: <a href=\" https:\/\/goroskop.tv\/sw\/den-perfekta-kandispojkvannen-for-dig\/\">Horoskop<\/a> <\/p>\n<div id=\"ez-toc-container\" class=\"ez-toc-v2_0_82_2 ez-toc-wrap-center counter-hierarchy ez-toc-counter ez-toc-grey ez-toc-container-direction\">\n<div class=\"ez-toc-title-container\">\n<div class=\"ez-toc-title\" style=\"cursor:inherit\">Table of Contents<\/div>\n<span class=\"ez-toc-title-toggle\"><a href=\"#\" class=\"ez-toc-pull-right ez-toc-btn ez-toc-btn-xs ez-toc-btn-default ez-toc-toggle\" aria-label=\"Alternar tabla de contenidos\"><span class=\"ez-toc-js-icon-con\"><span class=\"\"><span class=\"eztoc-hide\" style=\"display:none;\">Toggle<\/span><span class=\"ez-toc-icon-toggle-span\"><svg style=\"fill: #999;color:#999\" xmlns=\"http:\/\/www.w3.org\/2000\/svg\" class=\"list-377408\" width=\"20px\" height=\"20px\" viewBox=\"0 0 24 24\" fill=\"none\"><path d=\"M6 6H4v2h2V6zm14 0H8v2h12V6zM4 11h2v2H4v-2zm16 0H8v2h12v-2zM4 16h2v2H4v-2zm16 0H8v2h12v-2z\" fill=\"currentColor\"><\/path><\/svg><svg style=\"fill: #999;color:#999\" class=\"arrow-unsorted-368013\" xmlns=\"http:\/\/www.w3.org\/2000\/svg\" width=\"10px\" height=\"10px\" viewBox=\"0 0 24 24\" version=\"1.2\" baseProfile=\"tiny\"><path d=\"M18.2 9.3l-6.2-6.3-6.2 6.3c-.2.2-.3.4-.3.7s.1.5.3.7c.2.2.4.3.7.3h11c.3 0 .5-.1.7-.3.2-.2.3-.5.3-.7s-.1-.5-.3-.7zM5.8 14.7l6.2 6.3 6.2-6.3c.2-.2.3-.5.3-.7s-.1-.5-.3-.7c-.2-.2-.4-.3-.7-.3h-11c-.3 0-.5.1-.7.3-.2.2-.3.5-.3.7s.1.5.3.7z\"\/><\/svg><\/span><\/span><\/span><\/a><\/span><\/div>\n<nav><ul class='ez-toc-list ez-toc-list-level-1 eztoc-toggle-hide-by-default' ><li class='ez-toc-page-1 ez-toc-heading-level-2'><a class=\"ez-toc-link ez-toc-heading-1\" href=\"https:\/\/goroskop.tv\/sw\/en-poet-berattar-vad-du-kan-forvanta-dig-i-maj\/#En_poet_berattar_vad_du_kan_forvanta_dig_i_maj\" >En poet ber\u00e4ttar vad du kan f\u00f6rv\u00e4nta dig i maj,<\/a><\/li><\/ul><\/nav><\/div>\n","protected":false},"excerpt":{"rendered":"<p>En poet ber\u00e4ttar vad du kan f\u00f6rv\u00e4nta dig i maj, no\u00ebl alva Tvivel har alltid varit n\u00e5got du har k\u00e4mpat med, men den senaste tiden har dess grepp om dig blivit starkare och mycket sv\u00e5rare att ignorera. Sluta se dig sj\u00e4lv som den person du var f\u00f6r flera \u00e5r sedan. Du har g\u00e5tt igenom en &hellip;<\/p>\n","protected":false},"author":1,"featured_media":41,"comment_status":"closed","ping_status":"closed","sticky":false,"template":"","format":"standard","meta":{"footnotes":""},"categories":[2],"tags":[286,14,746,53,558,2896,43],"class_list":["post-7334","post","type-post","status-publish","format-standard","has-post-thumbnail","hentry","category-horoskop","tag-berattar","tag-dig","tag-forvanta","tag-kan","tag-maj","tag-poet","tag-vad"],"_links":{"self":[{"href":"https:\/\/goroskop.tv\/sw\/wp-json\/wp\/v2\/posts\/7334","targetHints":{"allow":["GET"]}}],"collection":[{"href":"https:\/\/goroskop.tv\/sw\/wp-json\/wp\/v2\/posts"}],"about":[{"href":"https:\/\/goroskop.tv\/sw\/wp-json\/wp\/v2\/types\/post"}],"author":[{"embeddable":true,"href":"https:\/\/goroskop.tv\/sw\/wp-json\/wp\/v2\/users\/1"}],"replies":[{"embeddable":true,"href":"https:\/\/goroskop.tv\/sw\/wp-json\/wp\/v2\/comments?post=7334"}],"version-history":[{"count":0,"href":"https:\/\/goroskop.tv\/sw\/wp-json\/wp\/v2\/posts\/7334\/revisions"}],"wp:featuredmedia":[{"embeddable":true,"href":"https:\/\/goroskop.tv\/sw\/wp-json\/wp\/v2\/media\/41"}],"wp:attachment":[{"href":"https:\/\/goroskop.tv\/sw\/wp-json\/wp\/v2\/media?parent=7334"}],"wp:term":[{"taxonomy":"category","embeddable":true,"href":"https:\/\/goroskop.tv\/sw\/wp-json\/wp\/v2\/categories?post=7334"},{"taxonomy":"post_tag","embeddable":true,"href":"https:\/\/goroskop.tv\/sw\/wp-json\/wp\/v2\/tags?post=7334"}],"curies":[{"name":"wp","href":"https:\/\/api.w.org\/{rel}","templated":true}]}}