{"id":7360,"date":"2023-07-23T00:05:54","date_gmt":"2023-07-23T00:05:54","guid":{"rendered":"https:\/\/goroskop.tv\/sw\/brigid-den-irlandska-gudinnan-som-ocksa-ar-ett-helgon\/"},"modified":"2023-07-23T00:05:54","modified_gmt":"2023-07-23T00:05:54","slug":"brigid-den-irlandska-gudinnan-som-ocksa-ar-ett-helgon","status":"publish","type":"post","link":"https:\/\/goroskop.tv\/sw\/brigid-den-irlandska-gudinnan-som-ocksa-ar-ett-helgon\/","title":{"rendered":"Brigid: den irl\u00e4ndska gudinnan som ocks\u00e5 \u00e4r ett helgon"},"content":{"rendered":"<p><\/p>\n<h2><span class=\"ez-toc-section\" id=\"Brigid_den_irlandska_gudinnan_som_ocksa_ar_ett_helgon\"><\/span><span class=\"ez-toc-section\" id=\"Brigid_la_diosa_irlandesa_que_tambien_es_santa\"><\/span>  Brigid: den irl\u00e4ndska gudinnan som ocks\u00e5 \u00e4r ett helgon<span class=\"ez-toc-section-end\"><\/span><span class=\"ez-toc-section-end\"><\/span><\/h2>\n<p style=\"text-align:justify; margin:0cm 0cm 0.0001pt\"><span style=\"font-family:Arial,Helvetica,sans-serif;\"><span style=\"font-size:12pt\"><span style=\"font-size:11.0pt\"><span style=\"color:black\">jag \u00e4r hon<\/span><\/span><\/span><\/span><\/p>\n<p style=\"text-align:justify; margin:0cm 0cm 0.0001pt\"><span style=\"font-family:Arial,Helvetica,sans-serif;\"><span style=\"font-size:12pt\"><span style=\"font-size:11.0pt\"><span style=\"color:black\">det \u00e4r naturligt<\/span><\/span><\/span><\/span><\/p>\n<p style=\"text-align:justify; margin:0cm 0cm 0.0001pt\"><span style=\"font-family:Arial,Helvetica,sans-serif;\"><span style=\"font-size:12pt\"><span style=\"font-size:11.0pt\"><span style=\"color:black\">alla tings moder<\/span><\/span><\/span><\/span><\/p>\n<p style=\"text-align:justify; margin:0cm 0cm 0.0001pt\"><span style=\"font-family:Arial,Helvetica,sans-serif;\"><span style=\"font-size:12pt\"><span style=\"font-size:11.0pt\"><span style=\"color:black\">\u00e4lskarinna och guvernant<\/span><\/span><\/span><\/span><\/p>\n<p style=\"text-align:justify; margin:0cm 0cm 0.0001pt\"><span style=\"font-family:Arial,Helvetica,sans-serif;\"><span style=\"font-size:12pt\"><span style=\"font-size:11.0pt\"><span style=\"color:black\">av alla element,<\/span><\/span><\/span><\/span><\/p>\n<p style=\"text-align:justify; margin:0cm 0cm 0.0001pt\"><span style=\"font-family:Arial,Helvetica,sans-serif;\"><span style=\"font-size:12pt\"><span style=\"font-size:11.0pt\"><span style=\"color:black\">v\u00e4rldarnas f\u00f6rsta avkomma,<\/span><\/span><\/span><\/span><\/p>\n<p style=\"text-align:justify; margin:0cm 0cm 0.0001pt\"><span style=\"font-family:Arial,Helvetica,sans-serif;\"><span style=\"font-size:12pt\"><span style=\"font-size:11.0pt\"><span style=\"color:black\">chef f\u00f6r gudomliga krafter,<\/span><\/span><\/span><\/span><\/p>\n<p style=\"text-align:justify; margin:0cm 0cm 0.0001pt\"><span style=\"font-family:Arial,Helvetica,sans-serif;\"><span style=\"font-size:12pt\"><span style=\"font-size:11.0pt\"><span style=\"color:black\">Drottning av allt som finns i den andra v\u00e4rlden,<\/span><\/span><\/span><\/span><\/p>\n<p style=\"text-align:justify; margin:0cm 0cm 0.0001pt\"><span style=\"font-family:Arial,Helvetica,sans-serif;\"><span style=\"font-size:12pt\"><span style=\"font-size:11.0pt\"><span style=\"color:black\">chefen f\u00f6r dem<\/span><\/span><\/span><\/span><\/p>\n<p style=\"text-align:justify; margin:0cm 0cm 0.0001pt\"><span style=\"font-family:Arial,Helvetica,sans-serif;\"><span style=\"font-size:12pt\"><span style=\"font-size:11.0pt\"><span style=\"color:black\">som bor ovanf\u00f6r,<\/span><\/span><\/span><\/span><\/p>\n<p style=\"text-align:justify; margin:0cm 0cm 0.0001pt\"><span style=\"font-family:Arial,Helvetica,sans-serif;\"><span style=\"font-size:12pt\"><span style=\"font-size:11.0pt\"><span style=\"color:black\">manifesteras ensam<\/span><\/span><\/span><\/span><\/p>\n<p style=\"text-align:justify; margin:0cm 0cm 0.0001pt\"><span style=\"font-family:Arial,Helvetica,sans-serif;\"><span style=\"font-size:12pt\"><span style=\"font-size:11.0pt\"><span style=\"color:black\">och under en blankett<\/span><\/span><\/span><\/span><\/p>\n<p style=\"text-align:justify; margin:0cm 0cm 0.0001pt\"><span style=\"font-family:Arial,Helvetica,sans-serif;\"><span style=\"font-size:12pt\"><span style=\"font-size:11.0pt\"><span style=\"color:black\">av alla gudar och gudinnor.<\/span><\/span><\/span><\/span><\/p>\n<p style=\"text-align:justify; margin:0cm 0cm 0.0001pt\"><span style=\"font-family:Arial,Helvetica,sans-serif;\"><span style=\"font-size:12pt\"><span style=\"font-size:11.0pt\"><span style=\"color:black\">\u2013 Lucius Apuleius<\/span><\/span><\/span><\/span><\/p>\n<h2 id=\"head-5150d4fc660ed6dee118d32b538e3d04\"><span class=\"ez-toc-section\" id=\"Vem_ar_Bridget\"><\/span><span class=\"ez-toc-section\" id=\"%C2%BFQuien_es_Brigida\"><\/span>Vem \u00e4r Bridget?<span class=\"ez-toc-section-end\"><\/span><span class=\"ez-toc-section-end\"><\/span><\/h2>\n<p style=\"text-align:justify; margin:0cm 0cm 0.0001pt\"><span style=\"font-family:Arial,Helvetica,sans-serif;\"><span style=\"font-size:12pt\"><span style=\"font-size:11.0pt\"><span style=\"color:black\">Den keltiska gudinnan Brigid, eller Brigit\/Bride\/Brighid, \u00e4r en av de mest v\u00f6rdade gudarna i det hedniska irl\u00e4ndska pantheonet, knuten i en intrikat knut av myter och mirakel. <\/span><\/span><\/span><\/span><\/p>\n<p>  Hon \u00e4r kanske en av de mest komplexa och mots\u00e4gelsefulla gudinnorna i det keltiska panteonet och den mest inflytelserika religi\u00f6sa figuren i irl\u00e4ndsk historia. <\/p>\n<p style=\"text-align:justify; margin:0cm 0cm 0.0001pt\"><span style=\"font-family:Arial,Helvetica,sans-serif;\"><span style=\"font-size:12pt\"><span style=\"font-size:11.0pt\"><span style=\"color:black\">Det \u00e4r p\u00e5 grund av dess komplexa historia och dess invecklade sammanfl\u00e4tning med traditioner som dess n\u00e4rvaro har burit med sig genom \u00e5rhundradena. <\/span><\/span><\/span><\/span><\/p>\n<p>  Brigid, vars namn betyder \u00abden upph\u00f6jda\u00bb, f\u00f6rkroppsligar elementet eld och illustreras vanligtvis med str\u00e5lar av ljus eller eld som kommer fr\u00e5n hennes huvud eller symboliseras av hennes eldr\u00f6da h\u00e5r. <\/p>\n<p style=\"text-align:justify; margin:0cm 0cm 0.0001pt\"><span style=\"font-family:Arial,Helvetica,sans-serif;\"><span style=\"font-size:12pt\"><span style=\"font-size:11.0pt\"><span style=\"color:black\">Enligt irl\u00e4ndsk mytologi f\u00f6ddes Brigid i gryningen till jordguden Dagda och Boann, fruktbarhetens gudinna. <\/span><\/span><\/span><\/span><\/p>\n<p>  De kom fr\u00e5n en gammal stam av gudar som heter Tuatha D\u00e9 Danann (gudinnan Danus folk). <\/p>\n<p>  Dessa magi-ut\u00f6vande gudar drevs bort fr\u00e5n sina l\u00e4nder i v\u00e4ster och bosatte sig senare i de dimmiga omr\u00e5dena p\u00e5 Irland.<\/p>\n<p style=\"text-align:justify; margin:0cm 0cm 0.0001pt\"><span style=\"font-family:Arial,Helvetica,sans-serif;\"><span style=\"font-size:12pt\"><span style=\"font-size:11.0pt\"><span style=\"color:black\">Vanligtvis kallad \u00abTriple Goddess\u00bb, Brigid drar eld fr\u00e5n h\u00e4rden, inspiration och smedja. <\/span><\/span><\/span><\/span><\/p>\n<p>  Genom sina l\u00e5gor \u00e4r hon beskyddare av helande konst, fertilitet, profetior, jordbruk, smide, musik och poesi. <\/p>\n<p>  Tillbedjare ber Brigid om v\u00e4gledning i dessa fr\u00e5gor. <\/p>\n<p style=\"text-align:justify; margin:0cm 0cm 0.0001pt\"><span style=\"font-family:Arial,Helvetica,sans-serif;\"><span style=\"font-size:12pt\"><span style=\"font-size:11.0pt\"><span style=\"color:black\">Brigid \u00e4r ocks\u00e5 k\u00e4nd som brunnens gudinna, eftersom hon \u00e4r kopplad till elementet vatten. <\/span><\/span><\/span><\/span><\/p>\n<p>  Denna brunn anses vara helig eftersom dess k\u00e4lla \u00e4r jordens sk\u00f6te. <\/p>\n<p>  Tillbedjare tror att Brigid \u00e4r jordens moder eller modergudinna som ger n\u00e4ring, s\u00e5som mj\u00f6lk (en symbolik f\u00f6r Brigids tidiga barndom, d\u00e4r hon drack ur en helig ko) under de kalla vinterm\u00e5naderna.<\/p>\n<p style=\"text-align:justify; margin:0cm 0cm 0.0001pt\"><span style=\"font-family:Arial,Helvetica,sans-serif;\"><span style=\"font-size:12pt\"><span style=\"font-size:11.0pt\"><span style=\"color:black\">N\u00e4r religionen spreds \u00f6ver l\u00e4nderna och kristendomen blev folkets prioritet, anpassade Brigid sig till f\u00f6r\u00e4ndringen snarare \u00e4n att elimineras som andra trosuppfattningar. <\/span><\/span><\/span><\/span><\/p>\n<p>  M\u00e5nga regioner i de keltiska l\u00e4nderna kristnades, och eftersom Brigid var en s\u00e5 viktig del av det keltiska livet skapades en ny och l\u00e4mplig version av gudinnan. <\/p>\n<h2 id=\"head-dedaed3d4d4391d079cf2549b9f69106\"><span class=\"ez-toc-section\" id=\"Hur_blev_Brigid_ett_helgon\"><\/span><span class=\"ez-toc-section\" id=\"%C2%BFComo_se_convirtio_Brigid_en_santa\"><\/span>Hur blev Brigid ett helgon?<span class=\"ez-toc-section-end\"><\/span><span class=\"ez-toc-section-end\"><\/span><\/h2>\n<p style=\"text-align:justify; margin:0cm 0cm 0.0001pt\"><span style=\"font-family:Arial,Helvetica,sans-serif;\"><span style=\"font-size:12pt\"><span style=\"font-size:11.0pt\"><span style=\"color:black\">Santa Br\u00edgida, med sin nya ber\u00e4ttelse, accepterades snabbt av den katolska religionen. <\/span><\/span><\/span><\/span><\/p>\n<p>  Hon var Brigid of Kildare, f\u00f6dd omkring 450 AD i en hednisk familj. <\/p>\n<p>  Med hj\u00e4lp av Saint Patrick (ett annat k\u00e4nt helgon p\u00e5 Irland) konverterade Brigid och hennes familj till kristendomen. <\/p>\n<p style=\"text-align:justify; margin:0cm 0cm 0.0001pt\"><span style=\"font-family:Arial,Helvetica,sans-serif;\"><span style=\"font-size:12pt\"><span style=\"font-size:11.0pt\"><span style=\"color:black\">Brigid tros ha blivit inspirerad av Herren fr\u00e5n en mycket ung \u00e5lder och hon visade stor medk\u00e4nsla, generositet och dygd. <\/span><\/span><\/span><\/span><\/p>\n<p>  Flickan hade inga problem att ge till de fattiga som hennes egen far, Dubhthach, en Leinster-h\u00f6vding, ville ge till Brigid eftersom flickan hade sk\u00e4nkt de fattiga med sina v\u00e4rdefulla \u00e4godelar. <\/p>\n<p style=\"text-align:justify; margin:0cm 0cm 0.0001pt\"><span style=\"font-family:Arial,Helvetica,sans-serif;\"><span style=\"font-size:12pt\"><span style=\"font-size:11.0pt\"><span style=\"color:black\">Kungen ins\u00e5g s\u00e5 sm\u00e5ningom Brigids speciella dygd och helighet och gav henne en bit mark som Brigid anv\u00e4nde f\u00f6r att bygga en kyrka under en ek. <\/span><\/span><\/span><\/span><\/p>\n<p>  Kyrkan kallades Kill-Dara (cill Dara) \u00abekkyrka\u00bb. <\/p>\n<p>  Omr\u00e5det heter nu Kildare. <\/p>\n<p style=\"text-align:justify; margin:0cm 0cm 0.0001pt\"><span style=\"font-family:Arial,Helvetica,sans-serif;\"><span style=\"font-size:12pt\"><span style=\"font-size:11.0pt\"><span style=\"color:black\">Sju tjejer f\u00f6ljde efter Brigid och tillsammans startade de ett kloster under tr\u00e4det. <\/span><\/span><\/span><\/span><\/p>\n<h2 id=\"head-fe95a2f37f71d929ac8970c5093ee6ec\"><span class=\"ez-toc-section\" id=\"6_fakta_om_Brigid\"><\/span><span class=\"ez-toc-section\" id=\"6_datos_sobre_Brigid\"><\/span>6 fakta om Brigid<span class=\"ez-toc-section-end\"><\/span><span class=\"ez-toc-section-end\"><\/span><\/h2>\n<p style=\"text-align:justify; margin:0cm 0cm 0.0001pt\"><span style=\"font-family:Arial,Helvetica,sans-serif;\"><span style=\"font-size:12pt\"><span style=\"font-size:11.0pt\"><span style=\"color:black\">Brigids ber\u00e4ttelse blandas med andra kulturer och traditioner. <\/span><\/span><\/span><\/span><\/p>\n<p>  Hon hade en helig ko som ammade en kung och f\u00f6rlitade sig p\u00e5 mj\u00f6lk f\u00f6r sitt uppeh\u00e4lle, ungef\u00e4r som drottning Hatshepsut av Egypten gjorde och hur Indien och m\u00e5nga andra kulturer v\u00f6rdar kon som en symbol f\u00f6r n\u00e4ring. <\/p>\n<p style=\"text-align:justify; margin:0cm 0cm 0.0001pt\"><span style=\"font-family:Arial,Helvetica,sans-serif;\"><span style=\"font-size:12pt\"><span style=\"font-size:11.0pt\"><span style=\"color:black\">Konceptet varade ganska l\u00e4nge och barn i Irland d\u00f6ptes i mj\u00f6lk fram till 1100-talet. <\/span><\/span><\/span><\/span><\/p>\n<p style=\"text-align:justify; margin:0cm 0cm 0.0001pt\"><span style=\"font-family:Arial,Helvetica,sans-serif;\"><span style=\"font-size:12pt\"><span style=\"font-size:11.0pt\"><span style=\"color:black\">Andra versioner av historien om St. <\/span><\/span><\/span><\/span><\/p>\n<p>Brigid inneb\u00e4r mer action. <\/p>\n<p>  Det s\u00e4gs att han till och med hade en strid med kungen n\u00e4r han gav honom landet. <\/p>\n<p>  Han sa att hon kunde f\u00e5 s\u00e5 mycket land hon ville, men bara s\u00e5 mycket som hennes mantel kunde t\u00e4cka. <\/p>\n<p>  St. <\/p>\n<p>Brigid kunde skaffa tillr\u00e4ckligt med mark f\u00f6r ett kloster f\u00f6r n\u00e4r hon placerade sin mantel p\u00e5 marken spred den sig p\u00e5 magiskt vis till flera hundra tunnland. <\/p>\n<p style=\"text-align:justify; margin:0cm 0cm 0.0001pt\"><span style=\"font-family:Arial,Helvetica,sans-serif;\"><span style=\"font-size:12pt\"><span style=\"font-size:11.0pt\"><span style=\"color:black\">F\u00f6r att ytterligare fira Saint Brigid i historien finns det tre floder uppkallade efter henne: Brigit, Brain och Brent i Irland, Wales respektive England. <\/span><\/span><\/span><\/span><\/p>\n<p style=\"text-align:justify; margin:0cm 0cm 0.0001pt\"><span style=\"font-family:Arial,Helvetica,sans-serif;\"><span style=\"font-size:12pt\"><span style=\"font-size:11.0pt\"><span style=\"color:black\">Andra djur som symboliserar Santa Br\u00edgida \u00e4r ormen och tuppen. <\/span><\/span><\/span><\/span><\/p>\n<p>  Den f\u00f6rknippas med tuppen som ett tecken p\u00e5 den nya dagen och med ormen, k\u00e4nd f\u00f6r f\u00f6rnyelse. <\/p>\n<p>  S\u00e5 h\u00e4r gick gudinnan med i fertilitetsgudinnornas klubb, d\u00e4r m\u00e5nga avbildas med ormar eller sk\u00f6lden, spjutet och kronan av Minerva (den romerska gudinnan f\u00f6r visdom och strategisk krigf\u00f6ring). <\/p>\n<p style=\"text-align:justify; margin:0cm 0cm 0.0001pt\"><span style=\"font-family:Arial,Helvetica,sans-serif;\"><span style=\"font-size:12pt\"><span style=\"font-size:11.0pt\"><span style=\"color:black\">Ormen v\u00e4vs ocks\u00e5 ofta in i keltisk smyckedesign, med m\u00e5nga vridmoment som skryter om kraften och gudomligheten som den slingrande ormen symboliserar.  <\/span><\/span><\/span><\/span><\/p>\n<p style=\"text-align:justify; margin:0cm 0cm 0.0001pt\"><span style=\"font-family:Arial,Helvetica,sans-serif;\"><span style=\"font-size:12pt\"><span style=\"font-size:11.0pt\"><span style=\"color:black\">I keltisk tradition ans\u00e5gs moderlinjen vara viktigare \u00e4n manliga anor, vilket betyder att den mest v\u00e4rdefulla hanen i n\u00e5gons liv var moderns \u00e4ldsta manliga sl\u00e4kting (ofta en farbror). <\/span><\/span><\/span><\/span><\/p>\n<p>  Alla blodsl\u00e4ktingar som ans\u00e5gs betydelsefulla kom enbart fr\u00e5n moderlinjen. <\/p>\n<p>  Denna tradition var s\u00e5 intrikat formad till familjeband att systrarnas s\u00f6ner behandlades som br\u00f6der snarare \u00e4n kusiner. <\/p>\n<p style=\"text-align:justify; margin:0cm 0cm 0.0001pt\"><span style=\"font-family:Arial,Helvetica,sans-serif;\"><span style=\"font-size:12pt\"><span style=\"font-size:11.0pt\"><span style=\"color:black\">P\u00e5 grund av denna \u00f6vertygelse v\u00f6rdades moderskapet och v\u00e5ldt\u00e4kt ans\u00e5gs vara ett brott av h\u00f6gsta allvar, som f\u00f6rtj\u00e4nade det st\u00f6rsta straff och utan marginal f\u00f6r f\u00f6rl\u00e5telse eller n\u00e5d. <\/span><\/span><\/span><\/span><\/p>\n<p>  Brigids senare utvecklade form f\u00f6rblev trogen dessa traditioner och s\u00e5g till att uppr\u00e4tth\u00e5lla kvinnors r\u00e4ttigheter \u00e4ven efter att ha blivit St. <\/p>\n<p>Brigid. <\/p>\n<p style=\"text-align:justify; margin:0cm 0cm 0.0001pt\"><span style=\"font-family:Arial,Helvetica,sans-serif;\"><span style=\"font-size:12pt\"><span style=\"font-size:11.0pt\"><span style=\"color:black\">Brigids ber\u00e4ttelse blev till och med sammanfl\u00e4tad med kristendomen och hon blev involverad i Jesu liv f\u00f6r att s\u00e4kerst\u00e4lla hans \u00f6verlevnad. <\/span><\/span><\/span><\/span><\/p>\n<p>  Enligt irl\u00e4ndska ber\u00e4ttelser var Brigid Marias barnmorska n\u00e4r hon f\u00f6dde Jesusbarnet. <\/p>\n<p>  Han placerade tre droppar vatten p\u00e5 barnets panna, vilket \u00e4r en kristen version av den keltiska legenden d\u00e4r Ljussolen hade tre droppar vatten p\u00e5 pannan f\u00f6r att sk\u00e4nka visdom. <\/p>\n<p style=\"text-align:justify; margin:0cm 0cm 0.0001pt\"><span style=\"font-family:Arial,Helvetica,sans-serif;\"><span style=\"font-size:12pt\"><span style=\"font-size:11.0pt\"><span style=\"color:black\">Brigid fungerade ocks\u00e5 som fostermor till Jesus, en annan vanlig praxis i den keltiska kulturen. <\/span><\/span><\/span><\/span><\/p>\n<p>  Man trodde att kung Herodes p\u00e5 den tiden beordrade att alla manliga barn skulle offras, men Brigid r\u00e4ddade barnet. <\/p>\n<p>  Karakt\u00e4rstrogen bar hon en huvudbonad med levande ljus f\u00f6r att hj\u00e4lpa dem i s\u00e4kerhet. <\/p>\n<p>  Brigid var skicklig och symboliserad med smide och v\u00e4vde ett n\u00e4t av ull fr\u00e5n sina f\u00e5r f\u00f6r att skydda barnet fr\u00e5n skada. <\/p>\n<p style=\"text-align:justify; margin:0cm 0cm 0.0001pt\"><span style=\"font-family:Arial,Helvetica,sans-serif;\"><span style=\"font-size:12pt\"><span style=\"font-size:11.0pt\"><span style=\"color:black\">Saint Br\u00edgida var avgudad fram till b\u00f6rjan av 1900-talet och samlade en kult n\u00e4stan lika stor som Mar\u00edas. <\/span><\/span><\/span><\/span><\/p>\n<p>  Saint Bridget \u00e4r v\u00f6rdad i Irland och de skotska \u00f6arna. <\/p>\n<h2 id=\"head-b19af2a3edcb20dfa35aae0e66511946\"><span class=\"ez-toc-section\" id=\"Lat_dig_inspireras_av_gudinnan_Brigid_att%E2%80%A6\"><\/span><span class=\"ez-toc-section\" id=\"Inspirate_en_la_diosa_Brigid_para%E2%80%A6\"><\/span>L\u00e5t dig inspireras av gudinnan Brigid att&#8230;<span class=\"ez-toc-section-end\"><\/span><span class=\"ez-toc-section-end\"><\/span><\/h2>\n<p style=\"text-align:justify; margin:0cm 0cm 0.0001pt\"><span style=\"font-family:Arial,Helvetica,sans-serif;\"><span style=\"font-size:12pt\"><span style=\"font-size:11.0pt\"><span style=\"color:black\">L\u00e5ngt innan kvinnor s\u00e5g upp till och idoliserade Wonder Woman, fanns St. <\/span><\/span><\/span><\/span><\/p>\n<p>Brigid. <\/p>\n<p>  Ut\u00f6ver gudinnan som blev helgonets f\u00f6rm\u00e5gor, som att h\u00f6ja floder och hela m\u00e4nniskor, symboliserar Brigid den allm\u00e4nna id\u00e9n om feminism. <\/p>\n<p>  Bortom irl\u00e4ndsk politik, historia och religion hade hon blivit en osannolik f\u00f6rebild f\u00f6r kvinnor i en tid d\u00e5 de inte hade n\u00e5gon r\u00f6st. <\/p>\n<p style=\"text-align:justify; margin:0cm 0cm 0.0001pt\"><span style=\"font-family:Arial,Helvetica,sans-serif;\"><span style=\"font-size:12pt\"><span style=\"font-size:11.0pt\"><span style=\"color:black\">Hon kunde till och med betraktas som en superhj\u00e4lte, som g\u00e5r emot normen och g\u00f6r hennes ambitioner, som Kildare-kyrkan (och dess eviga l\u00e5ga), stora. <\/span><\/span><\/span><\/span><\/p>\n<p>  Kvinnorna ser Santa Br\u00edgida som en f\u00f6respr\u00e5kare och beskyddare som kan f\u00f6rsvara dem fr\u00e5n problem som trakasserier. <\/p>\n<p>  Och eftersom hon \u00e4r en fertilitetsgudinna, h\u00e4mtar blivande mammor kraft och styrka fr\u00e5n henne under hela graviditeten. <\/p>\n<p style=\"text-align:justify; margin:0cm 0cm 0.0001pt\"><span style=\"font-family:Arial,Helvetica,sans-serif;\"><span style=\"font-size:12pt\"><span style=\"font-size:11.0pt\"><span style=\"color:black\">M\u00e4nniskor beh\u00f6ver en ikon att se upp till, och f\u00f6re tiderna med serietidningar och animerade superhj\u00e4ltar fanns det fyrar som St. <\/span><\/span><\/span><\/span><\/p>\n<p>Brigid som fungerade som inspiration f\u00f6r kvinnor i en tid d\u00e5 de inte kunde anses vara j\u00e4mst\u00e4llda med det motsatta k\u00f6net. <\/p>\n<p>  Faktum \u00e4r att i det actualizada Storbritannien idag \u00e4r Saint Bridget k\u00e4nd som krigarjungfrun Brigantia. <\/p>\n<p>  hon inte bara f\u00f6rsvarar r\u00e4ttvisa och auktoritet i landet, men \u00e4r f\u00f6rkroppsligad i rikets mynt.<\/p>\n<p style=\"text-align:justify; margin:0cm 0cm 0.0001pt\"><span style=\"font-family:Arial,Helvetica,sans-serif;\"><span style=\"font-size:12pt\"><span style=\"font-size:11.0pt\"><span style=\"color:black\">Oavsett om du beh\u00f6ver v\u00e4gledning, healing, inspiration till musik och poesi, och lite motivation f\u00f6r att vara d\u00e5lig, varf\u00f6r inte ringa OG Wonder Woman? <\/span><\/span><\/span><\/span><\/p>\n<h2 id=\"head-290612199861c31d1036b185b4e69b75\"><span class=\"ez-toc-section\" id=\"Sammanfattning\"><\/span><span class=\"ez-toc-section\" id=\"Resumen\"><\/span>Sammanfattning<span class=\"ez-toc-section-end\"><\/span><span class=\"ez-toc-section-end\"><\/span><\/h2>\n<p style=\"text-align:justify; margin:0cm 0cm 0.0001pt\"><span style=\"font-family:Arial,Helvetica,sans-serif;\"><span style=\"font-size:12pt\"><span style=\"font-size:11.0pt\"><span style=\"color:black\">F\u00f6rm\u00e5gan hos St. <\/span><\/span><\/span><\/span><\/p>\n<p>Brigids f\u00f6rm\u00e5ga att flytta mellan kategorier och ber\u00e4ttelsef\u00f6r\u00e4ndringar var hemligheten bakom hennes framg\u00e5ng. <\/p>\n<p>  Oavsett de nya lagarna som inf\u00f6rdes f\u00f6r kultur, religion, politik med pura, anpassade Santa Br\u00edgida och fortsatte. <\/p>\n<p style=\"text-align:justify; margin:0cm 0cm 0.0001pt\"><span style=\"font-family:Arial,Helvetica,sans-serif;\"><span style=\"font-size:12pt\"><span style=\"font-size:11.0pt\"><span style=\"color:black\">Brigid s\u00e4gs skydda oss alla n\u00e4r vi g\u00e5r genom labyrinten som kallas livet och anv\u00e4nder sin eld f\u00f6r att v\u00e4gleda oss p\u00e5 v\u00e4gen. <\/span><\/span><\/span><\/span><\/p>\n<p>  Det \u00e4r ocks\u00e5 samma eld som fungerar som en gnista och br\u00e4nsle f\u00f6r v\u00e5ra passioner att forts\u00e4tta p\u00e5 v\u00e4gen. <\/p>\n<p>Vi hoppas att du gillade v\u00e5r artikel Brigid: den irl\u00e4ndska gudinnan som ocks\u00e5 \u00e4r tomte och allt relaterat till horoskop, tarot, ritualer och allt relaterat&#8230;<\/p>\n<figure class=\"wp-block-table is-style-regular\">\n<\/figure>\n<p>Intressanta saker att veta inneb\u00f6rden: Ritualer  <\/p>\n<p>\u00c4ven h\u00e4r l\u00e4mnar vi \u00e4mnen relaterade till: Ritualer <\/p>\n<\/p>\n<p><\/p>\n<p>Vi hoppas att du gillade v\u00e5r artikel Brigid: den irl\u00e4ndska gudinnan som ocks\u00e5 \u00e4r ett helgon<br \/>\n och allt om horoskop, tarot, ritualer och allt relaterat till det &#8230;<\/p>\n<figure class=\"wp-block-table is-style-regular\">\n<table style=\"width: 284px; height: 157px;\">\n<tbody>\n<tr>\n<td class=\"has-text-align-center\" data-align=\"center\"><img loading=\"lazy\" decoding=\"async\" class=\"alignleft\" src=\" https:\/\/goroskop.tv\/wp-content\/uploads\/2023\/05\/rituales1.jpg \" alt=\" Brigid: den irl\u00e4ndska gudinnan som ocks\u00e5 \u00e4r ett helgon\n \" width=\"65\" height=\"95\" title=\"\"><img loading=\"lazy\" decoding=\"async\" class=\"alignleft\" style=\"width: 60px;\" src=\" https:\/\/goroskop.tv\/wp-content\/uploads\/2023\/05\/rituales2.jpg \" alt=\" Brigid: den irl\u00e4ndska gudinnan som ocks\u00e5 \u00e4r ett helgon\n \" width=\"195\" height=\"300\" title=\"\"><img decoding=\"async\" class=\"alignleft\" style=\"width: 60px;\" src=\" https:\/\/goroskop.tv\/wp-content\/uploads\/2023\/05\/rituales3.jpg \" alt=\" Brigid: den irl\u00e4ndska gudinnan som ocks\u00e5 \u00e4r ett helgon\n \" title=\"\"><\/td>\n<\/tr>\n<\/tbody>\n<\/table>\n<\/figure>\n<p>Intressanta saker att veta inneb\u00f6rden: <a href=\"https:\/\/sv.wikipedia.org\/wiki\/Ritualer\" target=\"_blank\" rel=\"nofollow noopener\"> Ritualer <\/a> <\/p>\n<p>H\u00e4r l\u00e4mnar vi ocks\u00e5 \u00e4mnen relaterade till: <a href=\" https:\/\/goroskop.tv\/sw\/karriarguide-for-stjarntecken-den-basta\/\">Ritualer<\/a><\/p>\n<div id=\"ez-toc-container\" class=\"ez-toc-v2_0_82_2 ez-toc-wrap-center counter-hierarchy ez-toc-counter ez-toc-grey ez-toc-container-direction\">\n<div class=\"ez-toc-title-container\">\n<div class=\"ez-toc-title\" style=\"cursor:inherit\">Table of Contents<\/div>\n<span class=\"ez-toc-title-toggle\"><a href=\"#\" class=\"ez-toc-pull-right ez-toc-btn ez-toc-btn-xs ez-toc-btn-default ez-toc-toggle\" aria-label=\"Alternar tabla de contenidos\"><span class=\"ez-toc-js-icon-con\"><span class=\"\"><span class=\"eztoc-hide\" style=\"display:none;\">Toggle<\/span><span class=\"ez-toc-icon-toggle-span\"><svg style=\"fill: #999;color:#999\" xmlns=\"http:\/\/www.w3.org\/2000\/svg\" class=\"list-377408\" width=\"20px\" height=\"20px\" viewBox=\"0 0 24 24\" fill=\"none\"><path d=\"M6 6H4v2h2V6zm14 0H8v2h12V6zM4 11h2v2H4v-2zm16 0H8v2h12v-2zM4 16h2v2H4v-2zm16 0H8v2h12v-2z\" fill=\"currentColor\"><\/path><\/svg><svg style=\"fill: #999;color:#999\" class=\"arrow-unsorted-368013\" xmlns=\"http:\/\/www.w3.org\/2000\/svg\" width=\"10px\" height=\"10px\" viewBox=\"0 0 24 24\" version=\"1.2\" baseProfile=\"tiny\"><path d=\"M18.2 9.3l-6.2-6.3-6.2 6.3c-.2.2-.3.4-.3.7s.1.5.3.7c.2.2.4.3.7.3h11c.3 0 .5-.1.7-.3.2-.2.3-.5.3-.7s-.1-.5-.3-.7zM5.8 14.7l6.2 6.3 6.2-6.3c.2-.2.3-.5.3-.7s-.1-.5-.3-.7c-.2-.2-.4-.3-.7-.3h-11c-.3 0-.5.1-.7.3-.2.2-.3.5-.3.7s.1.5.3.7z\"\/><\/svg><\/span><\/span><\/span><\/a><\/span><\/div>\n<nav><ul class='ez-toc-list ez-toc-list-level-1 eztoc-toggle-hide-by-default' ><li class='ez-toc-page-1 ez-toc-heading-level-2'><a class=\"ez-toc-link ez-toc-heading-1\" href=\"https:\/\/goroskop.tv\/sw\/brigid-den-irlandska-gudinnan-som-ocksa-ar-ett-helgon\/#Brigid_den_irlandska_gudinnan_som_ocksa_ar_ett_helgon\" >Brigid: den irl\u00e4ndska gudinnan som ocks\u00e5 \u00e4r ett helgon<\/a><\/li><li class='ez-toc-page-1 ez-toc-heading-level-2'><a class=\"ez-toc-link ez-toc-heading-2\" href=\"https:\/\/goroskop.tv\/sw\/brigid-den-irlandska-gudinnan-som-ocksa-ar-ett-helgon\/#Vem_ar_Bridget\" >Vem \u00e4r Bridget?<\/a><\/li><li class='ez-toc-page-1 ez-toc-heading-level-2'><a class=\"ez-toc-link ez-toc-heading-3\" href=\"https:\/\/goroskop.tv\/sw\/brigid-den-irlandska-gudinnan-som-ocksa-ar-ett-helgon\/#Hur_blev_Brigid_ett_helgon\" >Hur blev Brigid ett helgon?<\/a><\/li><li class='ez-toc-page-1 ez-toc-heading-level-2'><a class=\"ez-toc-link ez-toc-heading-4\" href=\"https:\/\/goroskop.tv\/sw\/brigid-den-irlandska-gudinnan-som-ocksa-ar-ett-helgon\/#6_fakta_om_Brigid\" >6 fakta om Brigid<\/a><\/li><li class='ez-toc-page-1 ez-toc-heading-level-2'><a class=\"ez-toc-link ez-toc-heading-5\" href=\"https:\/\/goroskop.tv\/sw\/brigid-den-irlandska-gudinnan-som-ocksa-ar-ett-helgon\/#Lat_dig_inspireras_av_gudinnan_Brigid_att%E2%80%A6\" >L\u00e5t dig inspireras av gudinnan Brigid att&#8230;<\/a><\/li><li class='ez-toc-page-1 ez-toc-heading-level-2'><a class=\"ez-toc-link ez-toc-heading-6\" href=\"https:\/\/goroskop.tv\/sw\/brigid-den-irlandska-gudinnan-som-ocksa-ar-ett-helgon\/#Sammanfattning\" >Sammanfattning<\/a><\/li><\/ul><\/nav><\/div>\n","protected":false},"excerpt":{"rendered":"<p>Brigid: den irl\u00e4ndska gudinnan som ocks\u00e5 \u00e4r ett helgon jag \u00e4r hon det \u00e4r naturligt alla tings moder \u00e4lskarinna och guvernant av alla element, v\u00e4rldarnas f\u00f6rsta avkomma, chef f\u00f6r gudomliga krafter, Drottning av allt som finns i den andra v\u00e4rlden, chefen f\u00f6r dem som bor ovanf\u00f6r, manifesteras ensam och under en blankett av alla gudar &hellip;<\/p>\n","protected":false},"author":1,"featured_media":83,"comment_status":"closed","ping_status":"closed","sticky":false,"template":"","format":"standard","meta":{"footnotes":""},"categories":[3],"tags":[10,3366,8,332,2839,3368,3367,3264,16],"class_list":["post-7360","post","type-post","status-publish","format-standard","has-post-thumbnail","hentry","category-ritualer","tag-ar","tag-brigid","tag-den","tag-ett","tag-gudinnan","tag-helgon","tag-irlandska","tag-ocksa","tag-som"],"_links":{"self":[{"href":"https:\/\/goroskop.tv\/sw\/wp-json\/wp\/v2\/posts\/7360","targetHints":{"allow":["GET"]}}],"collection":[{"href":"https:\/\/goroskop.tv\/sw\/wp-json\/wp\/v2\/posts"}],"about":[{"href":"https:\/\/goroskop.tv\/sw\/wp-json\/wp\/v2\/types\/post"}],"author":[{"embeddable":true,"href":"https:\/\/goroskop.tv\/sw\/wp-json\/wp\/v2\/users\/1"}],"replies":[{"embeddable":true,"href":"https:\/\/goroskop.tv\/sw\/wp-json\/wp\/v2\/comments?post=7360"}],"version-history":[{"count":0,"href":"https:\/\/goroskop.tv\/sw\/wp-json\/wp\/v2\/posts\/7360\/revisions"}],"wp:featuredmedia":[{"embeddable":true,"href":"https:\/\/goroskop.tv\/sw\/wp-json\/wp\/v2\/media\/83"}],"wp:attachment":[{"href":"https:\/\/goroskop.tv\/sw\/wp-json\/wp\/v2\/media?parent=7360"}],"wp:term":[{"taxonomy":"category","embeddable":true,"href":"https:\/\/goroskop.tv\/sw\/wp-json\/wp\/v2\/categories?post=7360"},{"taxonomy":"post_tag","embeddable":true,"href":"https:\/\/goroskop.tv\/sw\/wp-json\/wp\/v2\/tags?post=7360"}],"curies":[{"name":"wp","href":"https:\/\/api.w.org\/{rel}","templated":true}]}}