{"id":743332,"date":"2023-09-09T04:41:05","date_gmt":"2023-09-09T04:41:05","guid":{"rendered":"https:\/\/goroskop.tv\/sw\/behover-du-alltid-arbeta-med-dig-sjalv\/"},"modified":"2023-09-09T04:41:05","modified_gmt":"2023-09-09T04:41:05","slug":"behover-du-alltid-arbeta-med-dig-sjalv","status":"publish","type":"post","link":"https:\/\/goroskop.tv\/sw\/behover-du-alltid-arbeta-med-dig-sjalv\/","title":{"rendered":"Beh\u00f6ver du alltid arbeta med dig sj\u00e4lv"},"content":{"rendered":"<p><\/p>\n<h2><span class=\"ez-toc-section\" id=\"Behover_du_alltid_arbeta_med_dig_sjalv\"><\/span><span class=\"ez-toc-section\" id=\"%C2%BFSiempre_necesitas_estar_trabajando_en_ti_mismo\"><\/span>  Beh\u00f6ver du alltid arbeta med dig sj\u00e4lv?<span class=\"ez-toc-section-end\"><\/span><span class=\"ez-toc-section-end\"><\/span><\/h2>\n<p>                            andlig resa<\/p>\n<p>        <span class=\"blog__date\" kjb-settings-id=\"sections_blog_post_body_settings_show_date\">8 september 2020<\/span><\/p>\n<p><strong>I den andliga och sj\u00e4lvhj\u00e4lpsv\u00e4rlden h\u00f6r vi ofta uppmuntrande ord att str\u00e4va efter mer, att f\u00f6r\u00e4ndra till det b\u00e4ttre, att r\u00e4tta till v\u00e5ra problem och brister&#8230;<\/strong><\/p>\n<p>Men, och detta \u00e4r ett stort MEN&#8230; det \u00e4r viktigt att komma ih\u00e5g att allt inte beh\u00f6ver fixas.<\/p>\n<p>Och allt \u00e4r inte ett undervisningsmoment i kulten av sj\u00e4lvf\u00f6rb\u00e4ttring.<\/p>\n<p>Jag var tvungen att p\u00e5minna mig sj\u00e4lv om detta h\u00e4romdagen.<\/p>\n<p>Jag var i en butik. <\/p>\n<p>  Jag s\u00e5g n\u00e5got jag ville k\u00f6pa till mig sj\u00e4lv: det var n\u00e5got jag verkligen ville ha, men inte beh\u00f6vde.<\/p>\n<p>Och n\u00e4r jag plockade den varan fr\u00e5n hyllan, sprang en mycket tydlig tanke genom mitt huvud: \u00abJag borde verkligen jobba p\u00e5 att k\u00f6pa mindre saker till mig sj\u00e4lv.\u00bb<\/p>\n<p>Och sedan f\u00f6ljde jag det med en stor <em>d\u00e4rf\u00f6r att<\/em>:: \u00abVarf\u00f6r ska jag sluta n\u00e4r det g\u00f6r mig glad?\u00bb<\/p>\n<p>Varf\u00f6r \u00e4r det ett problem eller uppfattas det som ett s\u00e5dant?<\/p>\n<p>Det finns en stor tendens att patologisera v\u00e5ra beteenden nuf\u00f6rtiden. <\/p>\n<p>  Att sj\u00e4lvanalysera och \u00f6veranalysera. <\/p>\n<p>  Diagnostisera oss sj\u00e4lva som problematiska.<\/p>\n<p>Att best\u00e4mma sig f\u00f6r att allt med oss \u200b\u200bsj\u00e4lva kan bli b\u00e4ttre eller annorlunda.<\/p>\n<p>Att tro att om vi har en \u00f6nskan, en rutin eller ett m\u00f6nster s\u00e5 m\u00e5ste det vara n\u00e5got som m\u00e5ste tittas p\u00e5. <\/p>\n<p>  \u00c4ven n\u00e4r det inte \u00e4r n\u00e5got som verkligen beh\u00f6ver fixas:<\/p>\n<p>\u00abJag borde verkligen f\u00f6rs\u00f6ka g\u00e5 upp tidigare (<em>\u00e4ven om jag verkligen beh\u00f6ver en hel natts s\u00f6mn&#8230;<\/em>)\u201d<\/p>\n<p>\u00abJag borde verkligen jobba p\u00e5 att vara mer extrovert (<em>\u00e4ven om det inte riktigt \u00e4r den jag \u00e4r&#8230;<\/em>)\u201d<\/p>\n<p>\u00abJag borde verkligen jobba p\u00e5 det h\u00e4r, det och det andra (<em>\u00e4ven om jag har haft ett stressigt \u00e5r och jag vill verkligen bara ha en paus&#8230;<\/em>)\u201d<\/p>\n<p>De som dras till metoder som tarot och astrologi, till andlighet och sj\u00e4lvhj\u00e4lp, tenderar att str\u00e4va efter tillv\u00e4xt, sj\u00e4lvmedvetenhet och f\u00f6rb\u00e4ttring.<\/p>\n<p>Och bara dessa saker \u00e4r fantastiska. <\/p>\n<p>  De har sin tid och plats.<\/p>\n<p>Men vi m\u00e5ste ocks\u00e5 komma ih\u00e5g att hedra oss sj\u00e4lva, att inte st\u00e4ndigt se p\u00e5 v\u00e5ra beteenden, personligheter och preferenser som saker som \u00e4r trasiga.<\/p>\n<p>Bara f\u00f6r att du har kunskap om n\u00e5got betyder det inte automatiskt att det ska utv\u00e4rderas som v\u00e4rdefullt.<\/p>\n<p>Det blir inte bara utmattande att separera allt om sig sj\u00e4lv, utan det \u00e4r inte heller n\u00f6dv\u00e4ndigt.<\/p>\n<p>Om n\u00e5got ger dig n\u00f6je, varf\u00f6r \u00e4r det ett problem?<\/p>\n<p>Om n\u00e5got bara \u00e4r en del av din natur, varf\u00f6r inte omfamna det ist\u00e4llet f\u00f6r att f\u00f6rs\u00f6ka fixa det?<\/p>\n<p>I flera \u00e5r ville jag vara den d\u00e4r v\u00e4nnen som var redo f\u00f6r allt: alltid villig att umg\u00e5s, alltid tillg\u00e4nglig med en \u00f6ppen d\u00f6rr eller tid att prata.<\/p>\n<p>Men sanningen \u00e4r att det inte \u00e4r jag. <\/p>\n<p>  Jag beh\u00f6ver mycket ensamtid och att ha ett v\u00e4ldigt extrovert liv skulle frustrera mig. <\/p>\n<p>  Det skulle inte l\u00e4mna mig med den tid jag beh\u00f6ver f\u00f6r att arbeta med mitt skrivande, bygga upp mitt f\u00f6retag eller fokusera p\u00e5 andra hobbyer.<\/p>\n<p>I en idealisk v\u00e4rld skulle jag kunna g\u00f6ra allt. <\/p>\n<p>  I den verkliga v\u00e4rlden m\u00e5ste jag l\u00e4ra mig att arbeta med det jag har och l\u00e4ra mig att acceptera mig sj\u00e4lv f\u00f6r den jag \u00e4r och vad jag kan bidra med till f\u00f6ljd av det.<\/p>\n<p>Om du inte skadar n\u00e5gon, h\u00e5ller dem tillbaka eller h\u00e5ller dem utom r\u00e4ckh\u00e5ll f\u00f6r ett verkligt m\u00e5l, d\u00e5 beh\u00f6ver du f\u00f6rmodligen inte fixa dig sj\u00e4lv.<\/p>\n<p>Det finns s\u00e5 mycket press i v\u00e4rlden att st\u00e4ndigt vara produktiv, att anv\u00e4nda varje \u00f6gonblick av ditt liv f\u00f6r att str\u00e4va efter att g\u00f6ra mer, uppn\u00e5 mer eller bli mer, och det f\u00f6der in i denna id\u00e9 att varje g\u00e5ng vi g\u00f6r n\u00e5got njutbart, ta en paus, binge.  ett tv-program, ta en tupplur \u2013 vi borde jobba med den delen av oss sj\u00e4lva: \u201dVarf\u00f6r kan jag inte g\u00f6ra mer?  Varf\u00f6r kan jag bara g\u00f6ra s\u00e5 mycket p\u00e5 en dag?<\/p>\n<p>Svaret?  F\u00f6r du \u00e4r en person, inte en robot. <\/p>\n<p>  Det beh\u00f6ver inte repareras. <\/p>\n<p>  Du m\u00e5ste vara utvilad.<\/p>\n<p>Detsamma g\u00e4ller v\u00e5ra egna m\u00e5l och dr\u00f6mmar. <\/p>\n<p>  Mycket ofta sitter folk med mig f\u00f6r en tarotl\u00e4sning och pratar om hur skyldiga de k\u00e4nner f\u00f6r att de vill ha det de vill, oavsett om det \u00e4r ett eget liv, en karri\u00e4r, en familj, ett hus.<\/p>\n<p>M\u00e4nniskor som har stora m\u00e5l undrar om de ska jobba p\u00e5 sig sj\u00e4lva f\u00f6r att vilja ha mindre. <\/p>\n<p>  M\u00e4nniskor som \u00e4r n\u00f6jda med sin situation undrar om de ska str\u00e4va efter mer.<\/p>\n<p><strong>Varje g\u00e5ng jag m\u00e4rker att jag bryter ner mina egna \u00f6nskningar eller dr\u00f6mmar st\u00e4ller jag mig sj\u00e4lv dessa fr\u00e5gor:<\/strong><\/p>\n<p><strong>\u00c4r detta verkligen ett problem?<\/strong><\/p>\n<p><strong>H\u00e5ller det mig tillbaka?<\/strong><\/p>\n<p><strong>Det g\u00f6r mig glad?<\/strong><\/p>\n<p>Som jag sa tidigare, allt beh\u00f6ver inte fixas. <\/p>\n<p>  Och om svaren p\u00e5 ovanst\u00e5ende fr\u00e5gor \u00e4r nej, nej och ja, s\u00e5 s\u00e4ger det mig direkt att det jag beh\u00f6ver i det \u00f6gonblicket \u00e4r sj\u00e4lvacceptans, inte sj\u00e4lvf\u00f6rb\u00e4ttring. <\/p>\n<p>Tills n\u00e4sta g\u00e5ng,<\/p>\n<p>Liz xo<\/p>\n<p>Vi hoppas att du gillade v\u00e5r artikel Beh\u00f6ver du alltid arbeta med dig sj\u00e4lv? och allt relaterat till horoskop, tarot, ritualer och allt relaterat.<\/p>\n<figure class=\"wp-block-table is-style-regular\">\n<\/figure>\n<p>Intressanta saker att veta inneb\u00f6rden: Tarot  <\/p>\n<p>\u00c4ven h\u00e4r l\u00e4mnar vi \u00e4mnen relaterade till: Tarot<\/p>\n<\/p>\n<p><\/p>\n<p>Vi hoppas att du gillade v\u00e5r artikel Beh\u00f6ver du alltid arbeta med dig sj\u00e4lv<br \/>\n och allt om horoskop, tarot, ritualer och allt relaterat till det &#8230;<\/p>\n<figure class=\"wp-block-table is-style-regular\">\n<table style=\"width: 284px; height: 157px;\">\n<tbody>\n<tr>\n<td class=\"has-text-align-center\" data-align=\"center\"><img loading=\"lazy\" decoding=\"async\" class=\"alignleft\" src=\" https:\/\/goroskop.tv\/wp-content\/uploads\/2023\/05\/tarot1.jpg \" alt=\" Beh\u00f6ver du alltid arbeta med dig sj\u00e4lv\n \" width=\"65\" height=\"95\" title=\"\"><img loading=\"lazy\" decoding=\"async\" class=\"alignleft\" style=\"width: 60px;\" src=\" https:\/\/goroskop.tv\/wp-content\/uploads\/2023\/05\/tarot2.jpg \" alt=\" Beh\u00f6ver du alltid arbeta med dig sj\u00e4lv\n \" width=\"195\" height=\"300\" title=\"\"><img decoding=\"async\" class=\"alignleft\" style=\"width: 60px;\" src=\" https:\/\/goroskop.tv\/wp-content\/uploads\/2023\/05\/tarot3.jpg \" alt=\" Beh\u00f6ver du alltid arbeta med dig sj\u00e4lv\n \" title=\"\"><\/td>\n<\/tr>\n<\/tbody>\n<\/table>\n<\/figure>\n<p>Intressanta saker att veta inneb\u00f6rden: <a href=\"https:\/\/sv.wikipedia.org\/wiki\/Tarot\" target=\"_blank\" rel=\"nofollow noopener\"> Tarot <\/a> <\/p>\n<p>H\u00e4r l\u00e4mnar vi ocks\u00e5 \u00e4mnen relaterade till: <a href=\" https:\/\/goroskop.tv\/sw\/kommer-leo-och-skorpionen-overens-som-vanner\/\">Tarot<\/a><\/p>\n<div id=\"ez-toc-container\" class=\"ez-toc-v2_0_82_2 ez-toc-wrap-center counter-hierarchy ez-toc-counter ez-toc-grey ez-toc-container-direction\">\n<div class=\"ez-toc-title-container\">\n<div class=\"ez-toc-title\" style=\"cursor:inherit\">Table of Contents<\/div>\n<span class=\"ez-toc-title-toggle\"><a href=\"#\" class=\"ez-toc-pull-right ez-toc-btn ez-toc-btn-xs ez-toc-btn-default ez-toc-toggle\" aria-label=\"Alternar tabla de contenidos\"><span class=\"ez-toc-js-icon-con\"><span class=\"\"><span class=\"eztoc-hide\" style=\"display:none;\">Toggle<\/span><span class=\"ez-toc-icon-toggle-span\"><svg style=\"fill: #999;color:#999\" xmlns=\"http:\/\/www.w3.org\/2000\/svg\" class=\"list-377408\" width=\"20px\" height=\"20px\" viewBox=\"0 0 24 24\" fill=\"none\"><path d=\"M6 6H4v2h2V6zm14 0H8v2h12V6zM4 11h2v2H4v-2zm16 0H8v2h12v-2zM4 16h2v2H4v-2zm16 0H8v2h12v-2z\" fill=\"currentColor\"><\/path><\/svg><svg style=\"fill: #999;color:#999\" class=\"arrow-unsorted-368013\" xmlns=\"http:\/\/www.w3.org\/2000\/svg\" width=\"10px\" height=\"10px\" viewBox=\"0 0 24 24\" version=\"1.2\" baseProfile=\"tiny\"><path d=\"M18.2 9.3l-6.2-6.3-6.2 6.3c-.2.2-.3.4-.3.7s.1.5.3.7c.2.2.4.3.7.3h11c.3 0 .5-.1.7-.3.2-.2.3-.5.3-.7s-.1-.5-.3-.7zM5.8 14.7l6.2 6.3 6.2-6.3c.2-.2.3-.5.3-.7s-.1-.5-.3-.7c-.2-.2-.4-.3-.7-.3h-11c-.3 0-.5.1-.7.3-.2.2-.3.5-.3.7s.1.5.3.7z\"\/><\/svg><\/span><\/span><\/span><\/a><\/span><\/div>\n<nav><ul class='ez-toc-list ez-toc-list-level-1 eztoc-toggle-hide-by-default' ><li class='ez-toc-page-1 ez-toc-heading-level-2'><a class=\"ez-toc-link ez-toc-heading-1\" href=\"https:\/\/goroskop.tv\/sw\/behover-du-alltid-arbeta-med-dig-sjalv\/#Behover_du_alltid_arbeta_med_dig_sjalv\" >Beh\u00f6ver du alltid arbeta med dig sj\u00e4lv?<\/a><\/li><\/ul><\/nav><\/div>\n","protected":false},"excerpt":{"rendered":"<p>Beh\u00f6ver du alltid arbeta med dig sj\u00e4lv? andlig resa 8 september 2020 I den andliga och sj\u00e4lvhj\u00e4lpsv\u00e4rlden h\u00f6r vi ofta uppmuntrande ord att str\u00e4va efter mer, att f\u00f6r\u00e4ndra till det b\u00e4ttre, att r\u00e4tta till v\u00e5ra problem och brister&#8230; Men, och detta \u00e4r ett stort MEN&#8230; det \u00e4r viktigt att komma ih\u00e5g att allt inte beh\u00f6ver &hellip;<\/p>\n","protected":false},"author":1,"featured_media":186,"comment_status":"closed","ping_status":"closed","sticky":false,"template":"","format":"standard","meta":{"footnotes":""},"categories":[4],"tags":[920,3112,273,14,79,1567],"class_list":["post-743332","post","type-post","status-publish","format-standard","has-post-thumbnail","hentry","category-tarot","tag-alltid","tag-arbeta","tag-behover","tag-dig","tag-med","tag-sjalv"],"_links":{"self":[{"href":"https:\/\/goroskop.tv\/sw\/wp-json\/wp\/v2\/posts\/743332","targetHints":{"allow":["GET"]}}],"collection":[{"href":"https:\/\/goroskop.tv\/sw\/wp-json\/wp\/v2\/posts"}],"about":[{"href":"https:\/\/goroskop.tv\/sw\/wp-json\/wp\/v2\/types\/post"}],"author":[{"embeddable":true,"href":"https:\/\/goroskop.tv\/sw\/wp-json\/wp\/v2\/users\/1"}],"replies":[{"embeddable":true,"href":"https:\/\/goroskop.tv\/sw\/wp-json\/wp\/v2\/comments?post=743332"}],"version-history":[{"count":0,"href":"https:\/\/goroskop.tv\/sw\/wp-json\/wp\/v2\/posts\/743332\/revisions"}],"wp:featuredmedia":[{"embeddable":true,"href":"https:\/\/goroskop.tv\/sw\/wp-json\/wp\/v2\/media\/186"}],"wp:attachment":[{"href":"https:\/\/goroskop.tv\/sw\/wp-json\/wp\/v2\/media?parent=743332"}],"wp:term":[{"taxonomy":"category","embeddable":true,"href":"https:\/\/goroskop.tv\/sw\/wp-json\/wp\/v2\/categories?post=743332"},{"taxonomy":"post_tag","embeddable":true,"href":"https:\/\/goroskop.tv\/sw\/wp-json\/wp\/v2\/tags?post=743332"}],"curies":[{"name":"wp","href":"https:\/\/api.w.org\/{rel}","templated":true}]}}