{"id":743529,"date":"2023-09-14T01:18:55","date_gmt":"2023-09-14T01:18:55","guid":{"rendered":"https:\/\/goroskop.tv\/sw\/vad-ar-fodelsestenen-for-31a\/"},"modified":"2023-09-14T01:18:55","modified_gmt":"2023-09-14T01:18:55","slug":"vad-ar-fodelsestenen-for-31a","status":"publish","type":"post","link":"https:\/\/goroskop.tv\/sw\/vad-ar-fodelsestenen-for-31a\/","title":{"rendered":"Vad \u00e4r f\u00f6delsestenen f\u00f6r 31:a"},"content":{"rendered":"<p><\/p>\n<h2><span class=\"ez-toc-section\" id=\"Vad_ar_fodelsestenen_for_31_januari\"><\/span><span class=\"ez-toc-section\" id=\"%C2%BFQue_es_la_piedra_de_nacimiento_para_el_31_de_enero\"><\/span>  Vad \u00e4r f\u00f6delsestenen f\u00f6r 31 januari?<span class=\"ez-toc-section-end\"><\/span><span class=\"ez-toc-section-end\"><\/span><\/h2>\n<p>\u00c4delstenar som motsvarar en f\u00f6delsem\u00e5nad kallas f\u00f6delsestenar, och var och en har speciell symbolik och historisk betydelse. <\/p>\n<p>  F\u00f6delsestenar har varit popul\u00e4ra sedan f\u00f6rhistorisk tid, d\u00e5 m\u00e4nniskor trodde att de hade extraordin\u00e4ra f\u00f6rm\u00e5gor som tur, god h\u00e4lsa och v\u00e4lst\u00e5nd. <\/p>\n<p>  Vanligtvis \u00e4r bara en f\u00f6delsesten kopplad till varje m\u00e5nad, men som du kommer att se nedan har vissa m\u00e5nader mer \u00e4n en f\u00f6delsesten. <\/p>\n<p>  F\u00f6delsestenar som f\u00f6r n\u00e4rvarande \u00e4r kopplade till vissa f\u00f6delsem\u00e5nader kanske inte \u00e4r samma som anv\u00e4ndes tidigare. <\/p>\n<p>  De gjorde inte skillnad p\u00e5 \u00e4delstenar som vi g\u00f6r idag, eftersom f\u00e4rg ans\u00e5gs vara den viktigaste egenskapen hos en \u00e4delsten d\u00e5. <\/p>\n<p>  Till exempel kunde de inte skilja en rubin fr\u00e5n en granat. <\/p>\n<p>  American Gem Society har godk\u00e4nt listan \u00f6ver actualizada f\u00f6delsestenar som finns representerade p\u00e5 v\u00e5r lista.<\/p>\n<h3><span class=\"ez-toc-section\" id=\"januari_Granat\"><\/span><span class=\"ez-toc-section\" id=\"enero_Granate\"><\/span><span id=\"ezoic-pub-ad-placeholder-149\" class=\"ezoic-adpicker-ad\"><\/span>januari |  Granat<span class=\"ez-toc-section-end\"><\/span><span class=\"ez-toc-section-end\"><\/span><\/h3>\n<p>Januaris f\u00f6delsesten \u00e4r granat, som bryts i en m\u00e4ngd olika nyanser. <\/p>\n<p>  Det anses vara en underbar g\u00e5va f\u00f6r att representera v\u00e4nskap och f\u00f6rtroende, och finns i en m\u00e4ngd livfulla nyanser, inklusive den flammande orangen av mandaringranat, den frodiga gr\u00f6na av tsavoritgranat och den mest v\u00e4lk\u00e4nda f\u00e4rgen, pyropegranat.<\/p>\n<h2><span class=\"ez-toc-section\" id=\"Vilken_fodelsesten_faller_egentligen_i_januari\"><\/span><span class=\"ez-toc-section\" id=\"%C2%BFQue_piedra_de_nacimiento_cae_realmente_en_enero\"><\/span><span id=\"ezoic-pub-ad-placeholder-144\" class=\"ezoic-adpicker-ad\"><\/span>Vilken f\u00f6delsesten faller egentligen i januari?<span class=\"ez-toc-section-end\"><\/span><span class=\"ez-toc-section-end\"><\/span><\/h2>\n<p>Den vackra och varierande granaten \u00e4r en lycklig f\u00f6delsesten f\u00f6r de som \u00e4r f\u00f6dda i januari. <\/p>\n<p>  \u00c4ven om r\u00f6tt \u00e4r den mest dominerande f\u00e4rgen p\u00e5 granater, finns de ocks\u00e5 i en imponerande m\u00e4ngd andra nyanser, inklusive orange, gul, lila och djupgr\u00f6n. <\/p>\n<p>  Granater \u00e4r till och med k\u00e4nda f\u00f6r att \u00e4ndras fr\u00e5n bl\u00e5 till lila beroende p\u00e5 belysningen. <\/p>\n<p>  Granatf\u00f6delsestenens f\u00f6rm\u00e5ga att ge b\u00e4raren god h\u00e4lsa, rikedom och lycka anses av vissa vara dess verkliga v\u00e4rde.<\/p>\n<h2><span class=\"ez-toc-section\" id=\"Vilken_farg_har_en_januarifodelsedag\"><\/span><span class=\"ez-toc-section\" id=\"%C2%BFDe_que_color_es_un_cumpleanos_de_enero\"><\/span><span id=\"ezoic-pub-ad-placeholder-145\" class=\"ezoic-adpicker-ad\"><\/span><span class=\"ezoic-ad ezoic-at-0 banner-1 banner-1145 adtester-container adtester-container-145\" data-ez-name=\"hiszodiac_com-banner-1\"><span id=\"div-gpt-ad-hiszodiac_com-banner-1-0\" ezaw=\"728\" ezah=\"90\" style=\"position:relative;z-index:0;display:inline-block;padding:0;width:100%;max-width:1200px;margin-left:auto!important;margin-right:auto!important;min-height:90px;min-width:728px\" class=\"ezoic-ad\"><\/span><\/span>Vilken f\u00e4rg har en januarif\u00f6delsedag?<span class=\"ez-toc-section-end\"><\/span><span class=\"ez-toc-section-end\"><\/span><\/h2>\n<p>Den djupr\u00f6da varianten av januarif\u00f6delsestenen, granat, \u00e4r d\u00e4r den djupr\u00f6da nyansen av januarif\u00f6delsestenen kommer fr\u00e5n.<\/p>\n<p>Granat \u00e4r faktiskt en grupp av silikatkristaller, en klass av besl\u00e4ktade kristaller. <\/p>\n<p>  De flesta typer av granat skapades f\u00f6r miljoner \u00e5r sedan genom enorma stenomvandlingsprocesser orsakade av intensiv v\u00e4rme och tryck. <\/p>\n<p>  Under v\u00e5ldsamma vulkanutbrott utvecklades ytterligare typer av granat. <\/p>\n<p>  Varje kontinent har granat, men de mest s\u00e4llsynta sorterna finns bara p\u00e5 ett f\u00e5tal st\u00e4llen.<\/p>\n<p>Inom granatfamiljen finns det tv\u00e5 huvudserier av \u00e4delstenar. <\/p>\n<p>  Den f\u00f6rsta serien inneh\u00e5ller de djupt, varmr\u00f6da typerna Pyrope och Alamadine, samt den orange Spessartine. <\/p>\n<p>  Denna kategori inkluderar \u00e4ven rosa rhodolit, som faktiskt \u00e4r en kombination av pyrope och almandine. <\/p>\n<p>  Uvarorit, grossularia och andradite granater, n\u00e5gra av de mest anm\u00e4rkningsv\u00e4rda och s\u00e4llsynta gr\u00f6na granater, ing\u00e5r i den andra serien.<\/p>\n<p>Januarif\u00f6delsestenen \u00e4r vanligtvis en djupr\u00f6d granat, \u00e4ven om vissa samtida juvelerare b\u00f6rjar inkludera olika typer av magnifika granater i sina samlingar.<\/p>\n<p>Det \u00e4r otroligt att t\u00e4nka p\u00e5 att den granat vi ser idag producerades f\u00f6r tusentals \u00e5r sedan i jordskorpan och har gjort en s\u00e5 l\u00e5ng resa genom rymden och tiden f\u00f6r att \u00e4ntligen n\u00e5 v\u00e5ra hem.<\/p>\n<h2><span class=\"ez-toc-section\" id=\"Vilken_sten_var_min_fodelsesten\"><\/span><span class=\"ez-toc-section\" id=\"%C2%BFQue_piedra_fue_mi_piedra_de_nacimiento\"><\/span><span id=\"ezoic-pub-ad-placeholder-146\" class=\"ezoic-adpicker-ad\"><\/span>Vilken sten var min f\u00f6delsesten?<span class=\"ez-toc-section-end\"><\/span><span class=\"ez-toc-section-end\"><\/span><\/h2>\n<p>En f\u00f6delsesten \u00e4r helt enkelt en \u00e4delsten som \u00e4r kopplad till en persons f\u00f6delsedatum. <\/p>\n<p>  Att b\u00e4ra en birthstone tros ge lycka och god h\u00e4lsa. <\/p>\n<p>  Beroende p\u00e5 deras koppling till planeterna, tros olika \u00e4delstenar ha \u00f6vernaturliga f\u00f6rm\u00e5gor. <\/p>\n<p>  M\u00e5nga samh\u00e4llen brukade associera en viss \u00e4delsten med f\u00f6dslar som intr\u00e4ffade under varje stj\u00e4rntecken, men med tiden \u00e4ndrades denna sed f\u00f6r att \u00f6verensst\u00e4mma med m\u00e5naderna i kalendern.<\/p>\n<p>F\u00f6delsestenar har sitt ursprung i antik astrologi och med tiden har flera olika listor \u00f6ver f\u00f6delsestenar anv\u00e4nts. <\/p>\n<p>  Den mest anv\u00e4nda nu \u00e4r baserad p\u00e5 en lista som den amerikanska smyckesindustrin anv\u00e4nder. <\/p>\n<p>USA <\/p>\n<p>offentliggjordes f\u00f6rst p\u00e5 1950-talet.<\/p>\n<p>Enligt kalenderm\u00e5naderna klassificeras f\u00f6delsestenar enligt f\u00f6ljande:<\/p>\n<h4><span class=\"ez-toc-section\" id=\"Januari_Birthstone_Granat\"><\/span><span class=\"ez-toc-section\" id=\"Piedra_natal_de_eneroGranate\"><\/span><span id=\"ezoic-pub-ad-placeholder-158\" class=\"ezoic-adpicker-ad\"><\/span>Januari Birthstone Granat<span class=\"ez-toc-section-end\"><\/span><span class=\"ez-toc-section-end\"><\/span><\/h4>\n<p>Denna sten tros skydda b\u00e4raren fr\u00e5n skada. <\/p>\n<p>  En granat representerar ocks\u00e5 orubblig lojalitet och v\u00e4nskap. <\/p>\n<p>  Denna sten har en l\u00e5ng historia av att vara kopplad till blodrening och tros f\u00f6rhindra matf\u00f6rgiftning, ormbett och bl\u00f6dning.<\/p>\n<h4><span class=\"ez-toc-section\" id=\"March_BirthstoneAquamarine\"><\/span><span class=\"ez-toc-section\" id=\"Piedra_natal_de_marzoAguamarina\"><\/span><span id=\"ezoic-pub-ad-placeholder-159\" class=\"ezoic-adpicker-ad\"><\/span><span class=\"ezoic-ad ezoic-at-0 leader-4 leader-4159 adtester-container adtester-container-159\" data-ez-name=\"hiszodiac_com-leader-4\"><span id=\"div-gpt-ad-hiszodiac_com-leader-4-0\" ezaw=\"250\" ezah=\"250\" style=\"position:relative;z-index:0;display:inline-block;padding:0;width:100%;max-width:1200px;margin-left:auto!important;margin-right:auto!important;min-height:90px;min-width:728px\" class=\"ezoic-ad\"><\/span><\/span>March BirthstoneAquamarine<span class=\"ez-toc-section-end\"><\/span><span class=\"ez-toc-section-end\"><\/span><\/h4>\n<p>Denna \u00e4delsten ans\u00e5gs skydda sj\u00f6farare och s\u00e4kerst\u00e4lla en s\u00e4ker resa. <\/p>\n<p>  Den lugnande tonen av akvamarin tros lugna temperamentet, vilket g\u00f6r att b\u00e4raren kan beh\u00e5lla lugnet och objektiviteten. <\/p>\n<p>  Dessutom tros denna sten f\u00f6rdr\u00f6ja effekterna av \u00e5ldrande.<\/p>\n<h4><span class=\"ez-toc-section\" id=\"Maj_Birthstone_Emerald\"><\/span><span class=\"ez-toc-section\" id=\"Piedra_natal_de_mayoEsmeralda\"><\/span><span id=\"ezoic-pub-ad-placeholder-160\" class=\"ezoic-adpicker-ad\"><\/span><span class=\"ezoic-ad ezoic-at-0 mobile-leaderboard-2 mobile-leaderboard-2160 adtester-container adtester-container-160\" data-ez-name=\"hiszodiac_com-mobile-leaderboard-2\"><span id=\"div-gpt-ad-hiszodiac_com-mobile-leaderboard-2-0\" ezaw=\"336\" ezah=\"280\" style=\"position:relative;z-index:0;display:inline-block;padding:0;width:100%;max-width:1200px;margin-left:auto!important;margin-right:auto!important;min-height:280px;min-width:336px\" class=\"ezoic-ad\"><\/span><\/span>Maj Birthstone Emerald<span class=\"ez-toc-section-end\"><\/span><span class=\"ez-toc-section-end\"><\/span><\/h4>\n<p>Denna sten symboliserar \u00e5terf\u00f6delse, och de som b\u00e4r den s\u00e4gs f\u00e5 visdom, tur och ungdom. <\/p>\n<p>  Vissa m\u00e4nniskor tror att b\u00e4ra en smaragd kommer att ge dem t\u00e5lamod, framsteg och visdom. <\/p>\n<p>  Dessutom \u00e4r han k\u00e4nd f\u00f6r sin f\u00f6rm\u00e5ga att f\u00f6rmedla djup k\u00e4rlek.<\/p>\n<h4><span class=\"ez-toc-section\" id=\"Juli_BirthstoneRuby\"><\/span><span class=\"ez-toc-section\" id=\"Piedra_natal_de_julioRubi\"><\/span><span id=\"ezoic-pub-ad-placeholder-161\" class=\"ezoic-adpicker-ad\"><\/span>Juli BirthstoneRuby<span class=\"ez-toc-section-end\"><\/span><span class=\"ez-toc-section-end\"><\/span><\/h4>\n<p>Rubiner tros s\u00e4kerst\u00e4lla h\u00e4lsa, intelligens, f\u00f6rm\u00f6genhet och framg\u00e5ng i k\u00e4rlek. <\/p>\n<p>  De v\u00e4cker ocks\u00e5 sinnena och fantasin. <\/p>\n<p>  Ruby tros g\u00f6ra anv\u00e4ndaren intelligent och ger skydd mot alla typer av olyckor.<\/p>\n<h4><span class=\"ez-toc-section\" id=\"August_BirthstonePeridot\"><\/span><span class=\"ez-toc-section\" id=\"Piedra_natal_de_agostoPeridoto\"><\/span><span id=\"ezoic-pub-ad-placeholder-162\" class=\"ezoic-adpicker-ad\"><\/span><span class=\"ezoic-ad ezoic-at-0 large-mobile-banner-2 large-mobile-banner-2162 adtester-container adtester-container-162\" data-ez-name=\"hiszodiac_com-large-mobile-banner-2\"><span id=\"div-gpt-ad-hiszodiac_com-large-mobile-banner-2-0\" ezaw=\"250\" ezah=\"250\" style=\"position:relative;z-index:0;display:inline-block;padding:0;width:100%;max-width:1200px;margin-left:auto!important;margin-right:auto!important;min-height:90px;min-width:728px\" class=\"ezoic-ad\"><\/span><\/span>August BirthstonePeridot<span class=\"ez-toc-section-end\"><\/span><span class=\"ez-toc-section-end\"><\/span><\/h4>\n<p>Enligt legenden har peridot magiska f\u00f6rm\u00e5gor och helande egenskaper som kan avv\u00e4rja mardr\u00f6mmar och ge styrka, inflytande och ett lyckligt \u00e5r till b\u00e4raren. <\/p>\n<p>  Dessutom anv\u00e4ndes denna diamant f\u00f6r att avv\u00e4rja onda caminar.<\/p>\n<h4><span class=\"ez-toc-section\" id=\"September_BirthstoneSapphire\"><\/span><span class=\"ez-toc-section\" id=\"Piedra_natal_de_septiembreZafiro\"><\/span>September BirthstoneSapphire<span class=\"ez-toc-section-end\"><\/span><span class=\"ez-toc-section-end\"><\/span><\/h4>\n<p>B\u00e4raren av safiren och hans eller hennes n\u00e4ra och k\u00e4ra \u00e4r skyddade fr\u00e5n skada och fiendskap. <\/p>\n<p>  Pr\u00e4ster i gamla tider trodde att safirer kunde f\u00f6ruts\u00e4ga framtiden. <\/p>\n<p>  P\u00e4rlan \u00e4r kopplad till gl\u00e4dje och lugn.<\/p>\n<h4><span class=\"ez-toc-section\" id=\"Oktober_FodelsestenOpal\"><\/span><span class=\"ez-toc-section\" id=\"Piedra_natal_de_octubreOpalo\"><\/span>Oktober F\u00f6delsestenOpal<span class=\"ez-toc-section-end\"><\/span><span class=\"ez-toc-section-end\"><\/span><\/h4>\n<p>Under \u00e5rhundradena har opal varit synonymt med optimism, oskuld och renhet. <\/p>\n<p>  Det sades att anv\u00e4ndningen av det skulle f\u00f6rb\u00e4ttra anv\u00e4ndarens syn. <\/p>\n<p>  Dessutom troddes det avv\u00e4rja onda caminar och gynna barn, underh\u00e5llning, v\u00e4nskap och k\u00e4nslor.<\/p>\n<h4><span class=\"ez-toc-section\" id=\"November_BirthstoneCitrin\"><\/span><span class=\"ez-toc-section\" id=\"Piedra_natal_de_noviembreCitrino\"><\/span>November BirthstoneCitrin<span class=\"ez-toc-section-end\"><\/span><span class=\"ez-toc-section-end\"><\/span><\/h4>\n<p>B\u00e4rarens hopp, entusiasm och v\u00e4rme ska uppmuntras och v\u00e4gledas av denna gyllene \u00e4delsten, som ocks\u00e5 s\u00e4gs \u00f6ka vitalitet och h\u00e4lsa. <\/p>\n<p>  Citriner har \u00e4ven anv\u00e4nts som talisman mot pest, d\u00e5lig hud och d\u00e5liga tankar, samt som motgift mot ormgift. <\/p>\n<p>  De tros underl\u00e4tta matsm\u00e4ltningen och hj\u00e4lpa kroppen att bli av med orenheter.<\/p>\n<h4><span class=\"ez-toc-section\" id=\"December_FodelsestenTurkos\"><\/span><span class=\"ez-toc-section\" id=\"Piedra_natal_de_diciembreTurquesa\"><\/span>December F\u00f6delsestenTurkos<span class=\"ez-toc-section-end\"><\/span><span class=\"ez-toc-section-end\"><\/span><\/h4>\n<p>Denna \u00e4delsten s\u00e4gs ge lycka och tur till b\u00e4raren. <\/p>\n<p>  Turkos var en nyans som indianer kopplade till den bl\u00e5 himlen och den gr\u00f6na jorden.<\/p>\n<h2><span class=\"ez-toc-section\" id=\"Ar_granat_en_vardefull_adelsten\"><\/span><span class=\"ez-toc-section\" id=\"%C2%BFEs_el_granate_una_piedra_preciosa_valiosa\"><\/span><span id=\"ezoic-pub-ad-placeholder-147\" class=\"ezoic-adpicker-ad\"><\/span>\u00c4r granat en v\u00e4rdefull \u00e4delsten?<span class=\"ez-toc-section-end\"><\/span><span class=\"ez-toc-section-end\"><\/span><\/h2>\n<p>En halv\u00e4delsten som finns i en m\u00e4ngd olika f\u00e4rger \u00e4r granatstenen. <\/p>\n<p>  Den mest v\u00e4lk\u00e4nda egenskapen hos denna f\u00f6delsesten i januari \u00e4r att den har helande krafter.<\/p>\n<h2><span class=\"ez-toc-section\" id=\"Ar_granat_en_dyr_parla\"><\/span><span class=\"ez-toc-section\" id=\"%C2%BFEs_el_granate_una_gema_costosa\"><\/span><span id=\"ezoic-pub-ad-placeholder-148\" class=\"ezoic-adpicker-ad\"><\/span><span class=\"ezoic-ad ezoic-at-0 leader-3 leader-3148 adtester-container adtester-container-148\" data-ez-name=\"hiszodiac_com-leader-3\"><span id=\"div-gpt-ad-hiszodiac_com-leader-3-0\" ezaw=\"250\" ezah=\"250\" style=\"position:relative;z-index:0;display:inline-block;padding:0;width:100%;max-width:1200px;margin-left:auto!important;margin-right:auto!important;min-height:90px;min-width:728px\" class=\"ezoic-ad\"><\/span><\/span>\u00c4r granat en dyr p\u00e4rla?<span class=\"ez-toc-section-end\"><\/span><span class=\"ez-toc-section-end\"><\/span><\/h2>\n<p>Priserna p\u00e5 granatstenar kan variera mycket eftersom de finns i ett brett utbud av f\u00e4rger. <\/p>\n<p>  De kostar vanligtvis mellan $500 och $7 000 per karat f\u00f6r st\u00f6rre, felfria stenar, beroende p\u00e5 f\u00f6rekomsten av fl\u00e4ckar. <\/p>\n<p>  Demantoid \u00e4r den dyraste granaten, med ett pris som ligger i toppen av sortimentet.<\/p>\n<h2><span class=\"ez-toc-section\" id=\"Varfor_anvands_granat\"><\/span><span class=\"ez-toc-section\" id=\"%C2%BFPor_que_se_usa_el_granate\"><\/span><span id=\"ezoic-pub-ad-placeholder-153\" class=\"ezoic-adpicker-ad\"><\/span><span class=\"ezoic-ad ezoic-at-0 mobile-leaderboard-1 mobile-leaderboard-1153 adtester-container adtester-container-153\" data-ez-name=\"hiszodiac_com-mobile-leaderboard-1\"><span id=\"div-gpt-ad-hiszodiac_com-mobile-leaderboard-1-0\" ezaw=\"336\" ezah=\"280\" style=\"position:relative;z-index:0;display:inline-block;padding:0;width:100%;max-width:1200px;margin-left:auto!important;margin-right:auto!important;min-height:280px;min-width:336px\" class=\"ezoic-ad\"><\/span><\/span>Varf\u00f6r anv\u00e4nds granat?<span class=\"ez-toc-section-end\"><\/span><span class=\"ez-toc-section-end\"><\/span><\/h2>\n<p>Granater har traditionellt sett ansetts vara symboler f\u00f6r k\u00e4rlek p\u00e5 grund av deras kopplingar till hj\u00e4rtat, blodet, den inre elden och livskraften. <\/p>\n<p>  Betydelsen av granat inkluderar ocks\u00e5 v\u00e4nskap. <\/p>\n<p>  Dessa relationer \u00e4r dock f\u00f6rv\u00e5nansv\u00e4rt d\u00e5liga.<\/p>\n<p>I grekisk mytologi, Hades, gudomen f\u00f6r underjorden, kidnappade Persefone, v\u00e4xternas gudinna. <\/p>\n<p>  Om han inte konsumerade n\u00e5gon mat i den dom\u00e4nen kunde han bara \u00e5terv\u00e4nda till ytv\u00e4rlden. <\/p>\n<p>  Han var tvungen att tillbringa de m\u00e5nga m\u00e5naderna p\u00e5 \u00e5ret i underjorden eftersom han konsumerade n\u00e5gra granat\u00e4pplek\u00e4rnor, vilket orsakar vinterm\u00e5naderna.<\/p>\n<p>Granaten har kommit att symbolisera en v\u00e4ns eller \u00e4lskades trygga \u00e5terkomst p\u00e5 grund av dess koppling till granat\u00e4pplek\u00e4rnor. <\/p>\n<p>  Granater utbyttes ofta mellan v\u00e4nner som ett tecken p\u00e5 att de skulle \u00e5teransluta och ans\u00e5gs skydda resen\u00e4rer p\u00e5 sina resor. <\/p>\n<p>  (Men i myten tvingas Persephone att \u00e5terv\u00e4nda till Hades f\u00f6r granat\u00e4pplek\u00e4rnor.)<\/p>\n<h2><span class=\"ez-toc-section\" id=\"En_granatsten_vad_ar_det\"><\/span><span class=\"ez-toc-section\" id=\"Una_piedra_granate_%C2%BFque_es\"><\/span><span id=\"ezoic-pub-ad-placeholder-154\" class=\"ezoic-adpicker-ad\"><\/span>En granatsten: vad \u00e4r det?<span class=\"ez-toc-section-end\"><\/span><span class=\"ez-toc-section-end\"><\/span><\/h2>\n<p>Gruppen av mineraler som kallas granater inkluderar en m\u00e4ngd olika \u00e4delstenar i praktiskt taget alla f\u00e4rger. <\/p>\n<p>  Intensiv. <\/p>\n<p>  Djuporange och oranger\u00f6da \u00e4r de idealiska nyanserna f\u00f6r spessartine. <\/p>\n<p>  Rena. <\/p>\n<p>  F\u00f6rekomsten av inneslutningar som inte \u00e4r synliga f\u00f6r blotta \u00f6gat \u00e4r ovanligt f\u00f6r spessartin.<\/p>\n<h2><span class=\"ez-toc-section\" id=\"Finns_det_tva_fodelsestenar_for_varje_manad\"><\/span><span class=\"ez-toc-section\" id=\"%C2%BFHay_dos_piedras_de_nacimiento_para_cada_mes\"><\/span><span id=\"ezoic-pub-ad-placeholder-155\" class=\"ezoic-adpicker-ad\"><\/span>Finns det tv\u00e5 f\u00f6delsestenar f\u00f6r varje m\u00e5nad?<span class=\"ez-toc-section-end\"><\/span><span class=\"ez-toc-section-end\"><\/span><\/h2>\n<p>\u00c4ven om varje m\u00e5nad traditionellt har en enda f\u00f6delsesten, har vissa m\u00e5nader m\u00e5nga f\u00f6delsestenar. <\/p>\n<p>  Detta faktum orsakar viss f\u00f6rvirring, men variationen av m\u00f6jligheter f\u00f6r n\u00e5gra m\u00e5nader utvecklades f\u00f6r att erbjuda kunderna ett urval av billigare val ut\u00f6ver de mer typiska dyra stenarna.<\/p>\n<h2><span class=\"ez-toc-section\" id=\"Vilken_nyans_ar_Vattumannens_fodelsesten\"><\/span><span class=\"ez-toc-section\" id=\"%C2%BFDe_que_tono_es_la_piedra_de_nacimiento_de_Acuario\"><\/span><span id=\"ezoic-pub-ad-placeholder-156\" class=\"ezoic-adpicker-ad\"><\/span>Vilken nyans \u00e4r Vattumannens f\u00f6delsesten?<span class=\"ez-toc-section-end\"><\/span><span class=\"ez-toc-section-end\"><\/span><\/h2>\n<p>Relationer s\u00e4gs st\u00e4rkas av f\u00e4rgen p\u00e5 Vattumannens f\u00f6delsesten, som ocks\u00e5 ger mod till b\u00e4raren. <\/p>\n<p>  Ametist \u00e4r f\u00f6delsestenen f\u00f6r alla som \u00e4r f\u00f6dda i februari eller under vattenb\u00e4rarens horoskoptecken. <\/p>\n<p>  Denna eleganta lila nyans \u00e4r f\u00f6rknippad med majest\u00e4t.<\/p>\n<p>Vi hoppas att du gillade v\u00e5r artikel Vad \u00e4r f\u00f6delsestenen f\u00f6r 31 januari? och allt relaterat till horoskop, tarot, ritualer och allt relaterat.<\/p>\n<figure class=\"wp-block-table is-style-regular\">\n<\/figure>\n<p>Intressanta saker att veta inneb\u00f6rden: Tarot  <\/p>\n<p>\u00c4ven h\u00e4r l\u00e4mnar vi \u00e4mnen relaterade till: Tarot<\/p>\n<\/p>\n<p><\/p>\n<p>Vi hoppas att du gillade v\u00e5r artikel Vad \u00e4r f\u00f6delsestenen f\u00f6r 31:a<br \/>\n och allt om horoskop, tarot, ritualer och allt relaterat till det &#8230;<\/p>\n<figure class=\"wp-block-table is-style-regular\">\n<table style=\"width: 284px; height: 157px;\">\n<tbody>\n<tr>\n<td class=\"has-text-align-center\" data-align=\"center\"><img loading=\"lazy\" decoding=\"async\" class=\"alignleft\" src=\" https:\/\/goroskop.tv\/wp-content\/uploads\/2023\/05\/tarot1.jpg \" alt=\" Vad \u00e4r f\u00f6delsestenen f\u00f6r 31:a\n \" width=\"65\" height=\"95\" title=\"\"><img loading=\"lazy\" decoding=\"async\" class=\"alignleft\" style=\"width: 60px;\" src=\" https:\/\/goroskop.tv\/wp-content\/uploads\/2023\/05\/tarot2.jpg \" alt=\" Vad \u00e4r f\u00f6delsestenen f\u00f6r 31:a\n \" width=\"195\" height=\"300\" title=\"\"><img decoding=\"async\" class=\"alignleft\" style=\"width: 60px;\" src=\" https:\/\/goroskop.tv\/wp-content\/uploads\/2023\/05\/tarot3.jpg \" alt=\" Vad \u00e4r f\u00f6delsestenen f\u00f6r 31:a\n \" title=\"\"><\/td>\n<\/tr>\n<\/tbody>\n<\/table>\n<\/figure>\n<p>Intressanta saker att veta inneb\u00f6rden: <a href=\"https:\/\/sv.wikipedia.org\/wiki\/Tarot\" target=\"_blank\" rel=\"nofollow noopener\"> Tarot <\/a> <\/p>\n<p>H\u00e4r l\u00e4mnar vi ocks\u00e5 \u00e4mnen relaterade till: <a href=\" https:\/\/goroskop.tv\/sw\/kommer-leo-och-skorpionen-overens-som-vanner\/\">Tarot<\/a><\/p>\n<div id=\"ez-toc-container\" class=\"ez-toc-v2_0_82_2 ez-toc-wrap-center counter-hierarchy ez-toc-counter ez-toc-grey ez-toc-container-direction\">\n<div class=\"ez-toc-title-container\">\n<div class=\"ez-toc-title\" style=\"cursor:inherit\">Table of Contents<\/div>\n<span class=\"ez-toc-title-toggle\"><a href=\"#\" class=\"ez-toc-pull-right ez-toc-btn ez-toc-btn-xs ez-toc-btn-default ez-toc-toggle\" aria-label=\"Alternar tabla de contenidos\"><span class=\"ez-toc-js-icon-con\"><span class=\"\"><span class=\"eztoc-hide\" style=\"display:none;\">Toggle<\/span><span class=\"ez-toc-icon-toggle-span\"><svg style=\"fill: #999;color:#999\" xmlns=\"http:\/\/www.w3.org\/2000\/svg\" class=\"list-377408\" width=\"20px\" height=\"20px\" viewBox=\"0 0 24 24\" fill=\"none\"><path d=\"M6 6H4v2h2V6zm14 0H8v2h12V6zM4 11h2v2H4v-2zm16 0H8v2h12v-2zM4 16h2v2H4v-2zm16 0H8v2h12v-2z\" fill=\"currentColor\"><\/path><\/svg><svg style=\"fill: #999;color:#999\" class=\"arrow-unsorted-368013\" xmlns=\"http:\/\/www.w3.org\/2000\/svg\" width=\"10px\" height=\"10px\" viewBox=\"0 0 24 24\" version=\"1.2\" baseProfile=\"tiny\"><path d=\"M18.2 9.3l-6.2-6.3-6.2 6.3c-.2.2-.3.4-.3.7s.1.5.3.7c.2.2.4.3.7.3h11c.3 0 .5-.1.7-.3.2-.2.3-.5.3-.7s-.1-.5-.3-.7zM5.8 14.7l6.2 6.3 6.2-6.3c.2-.2.3-.5.3-.7s-.1-.5-.3-.7c-.2-.2-.4-.3-.7-.3h-11c-.3 0-.5.1-.7.3-.2.2-.3.5-.3.7s.1.5.3.7z\"\/><\/svg><\/span><\/span><\/span><\/a><\/span><\/div>\n<nav><ul class='ez-toc-list ez-toc-list-level-1 eztoc-toggle-hide-by-default' ><li class='ez-toc-page-1 ez-toc-heading-level-2'><a class=\"ez-toc-link ez-toc-heading-1\" href=\"https:\/\/goroskop.tv\/sw\/vad-ar-fodelsestenen-for-31a\/#Vad_ar_fodelsestenen_for_31_januari\" >Vad \u00e4r f\u00f6delsestenen f\u00f6r 31 januari?<\/a><ul class='ez-toc-list-level-3' ><li class='ez-toc-heading-level-3'><a class=\"ez-toc-link ez-toc-heading-2\" href=\"https:\/\/goroskop.tv\/sw\/vad-ar-fodelsestenen-for-31a\/#januari_Granat\" >januari |  Granat<\/a><\/li><\/ul><\/li><li class='ez-toc-page-1 ez-toc-heading-level-2'><a class=\"ez-toc-link ez-toc-heading-3\" href=\"https:\/\/goroskop.tv\/sw\/vad-ar-fodelsestenen-for-31a\/#Vilken_fodelsesten_faller_egentligen_i_januari\" >Vilken f\u00f6delsesten faller egentligen i januari?<\/a><\/li><li class='ez-toc-page-1 ez-toc-heading-level-2'><a class=\"ez-toc-link ez-toc-heading-4\" href=\"https:\/\/goroskop.tv\/sw\/vad-ar-fodelsestenen-for-31a\/#Vilken_farg_har_en_januarifodelsedag\" >Vilken f\u00e4rg har en januarif\u00f6delsedag?<\/a><\/li><li class='ez-toc-page-1 ez-toc-heading-level-2'><a class=\"ez-toc-link ez-toc-heading-5\" href=\"https:\/\/goroskop.tv\/sw\/vad-ar-fodelsestenen-for-31a\/#Vilken_sten_var_min_fodelsesten\" >Vilken sten var min f\u00f6delsesten?<\/a><ul class='ez-toc-list-level-4' ><li class='ez-toc-heading-level-4'><ul class='ez-toc-list-level-4' ><li class='ez-toc-heading-level-4'><a class=\"ez-toc-link ez-toc-heading-6\" href=\"https:\/\/goroskop.tv\/sw\/vad-ar-fodelsestenen-for-31a\/#Januari_Birthstone_Granat\" >Januari Birthstone Granat<\/a><\/li><li class='ez-toc-page-1 ez-toc-heading-level-4'><a class=\"ez-toc-link ez-toc-heading-7\" href=\"https:\/\/goroskop.tv\/sw\/vad-ar-fodelsestenen-for-31a\/#March_BirthstoneAquamarine\" >March BirthstoneAquamarine<\/a><\/li><li class='ez-toc-page-1 ez-toc-heading-level-4'><a class=\"ez-toc-link ez-toc-heading-8\" href=\"https:\/\/goroskop.tv\/sw\/vad-ar-fodelsestenen-for-31a\/#Maj_Birthstone_Emerald\" >Maj Birthstone Emerald<\/a><\/li><li class='ez-toc-page-1 ez-toc-heading-level-4'><a class=\"ez-toc-link ez-toc-heading-9\" href=\"https:\/\/goroskop.tv\/sw\/vad-ar-fodelsestenen-for-31a\/#Juli_BirthstoneRuby\" >Juli BirthstoneRuby<\/a><\/li><li class='ez-toc-page-1 ez-toc-heading-level-4'><a class=\"ez-toc-link ez-toc-heading-10\" href=\"https:\/\/goroskop.tv\/sw\/vad-ar-fodelsestenen-for-31a\/#August_BirthstonePeridot\" >August BirthstonePeridot<\/a><\/li><li class='ez-toc-page-1 ez-toc-heading-level-4'><a class=\"ez-toc-link ez-toc-heading-11\" href=\"https:\/\/goroskop.tv\/sw\/vad-ar-fodelsestenen-for-31a\/#September_BirthstoneSapphire\" >September BirthstoneSapphire<\/a><\/li><li class='ez-toc-page-1 ez-toc-heading-level-4'><a class=\"ez-toc-link ez-toc-heading-12\" href=\"https:\/\/goroskop.tv\/sw\/vad-ar-fodelsestenen-for-31a\/#Oktober_FodelsestenOpal\" >Oktober F\u00f6delsestenOpal<\/a><\/li><li class='ez-toc-page-1 ez-toc-heading-level-4'><a class=\"ez-toc-link ez-toc-heading-13\" href=\"https:\/\/goroskop.tv\/sw\/vad-ar-fodelsestenen-for-31a\/#November_BirthstoneCitrin\" >November BirthstoneCitrin<\/a><\/li><li class='ez-toc-page-1 ez-toc-heading-level-4'><a class=\"ez-toc-link ez-toc-heading-14\" href=\"https:\/\/goroskop.tv\/sw\/vad-ar-fodelsestenen-for-31a\/#December_FodelsestenTurkos\" >December F\u00f6delsestenTurkos<\/a><\/li><\/ul><\/li><\/ul><\/li><li class='ez-toc-page-1 ez-toc-heading-level-2'><a class=\"ez-toc-link ez-toc-heading-15\" href=\"https:\/\/goroskop.tv\/sw\/vad-ar-fodelsestenen-for-31a\/#Ar_granat_en_vardefull_adelsten\" >\u00c4r granat en v\u00e4rdefull \u00e4delsten?<\/a><\/li><li class='ez-toc-page-1 ez-toc-heading-level-2'><a class=\"ez-toc-link ez-toc-heading-16\" href=\"https:\/\/goroskop.tv\/sw\/vad-ar-fodelsestenen-for-31a\/#Ar_granat_en_dyr_parla\" >\u00c4r granat en dyr p\u00e4rla?<\/a><\/li><li class='ez-toc-page-1 ez-toc-heading-level-2'><a class=\"ez-toc-link ez-toc-heading-17\" href=\"https:\/\/goroskop.tv\/sw\/vad-ar-fodelsestenen-for-31a\/#Varfor_anvands_granat\" >Varf\u00f6r anv\u00e4nds granat?<\/a><\/li><li class='ez-toc-page-1 ez-toc-heading-level-2'><a class=\"ez-toc-link ez-toc-heading-18\" href=\"https:\/\/goroskop.tv\/sw\/vad-ar-fodelsestenen-for-31a\/#En_granatsten_vad_ar_det\" >En granatsten: vad \u00e4r det?<\/a><\/li><li class='ez-toc-page-1 ez-toc-heading-level-2'><a class=\"ez-toc-link ez-toc-heading-19\" href=\"https:\/\/goroskop.tv\/sw\/vad-ar-fodelsestenen-for-31a\/#Finns_det_tva_fodelsestenar_for_varje_manad\" >Finns det tv\u00e5 f\u00f6delsestenar f\u00f6r varje m\u00e5nad?<\/a><\/li><li class='ez-toc-page-1 ez-toc-heading-level-2'><a class=\"ez-toc-link ez-toc-heading-20\" href=\"https:\/\/goroskop.tv\/sw\/vad-ar-fodelsestenen-for-31a\/#Vilken_nyans_ar_Vattumannens_fodelsesten\" >Vilken nyans \u00e4r Vattumannens f\u00f6delsesten?<\/a><\/li><\/ul><\/nav><\/div>\n","protected":false},"excerpt":{"rendered":"<p>Vad \u00e4r f\u00f6delsestenen f\u00f6r 31 januari? \u00c4delstenar som motsvarar en f\u00f6delsem\u00e5nad kallas f\u00f6delsestenar, och var och en har speciell symbolik och historisk betydelse. F\u00f6delsestenar har varit popul\u00e4ra sedan f\u00f6rhistorisk tid, d\u00e5 m\u00e4nniskor trodde att de hade extraordin\u00e4ra f\u00f6rm\u00e5gor som tur, god h\u00e4lsa och v\u00e4lst\u00e5nd. Vanligtvis \u00e4r bara en f\u00f6delsesten kopplad till varje m\u00e5nad, men som &hellip;<\/p>\n","protected":false},"author":1,"featured_media":38,"comment_status":"closed","ping_status":"closed","sticky":false,"template":"","format":"standard","meta":{"footnotes":""},"categories":[4],"tags":[1471,10,125,7,43],"class_list":["post-743529","post","type-post","status-publish","format-standard","has-post-thumbnail","hentry","category-tarot","tag-31a","tag-ar","tag-fodelsestenen","tag-for","tag-vad"],"_links":{"self":[{"href":"https:\/\/goroskop.tv\/sw\/wp-json\/wp\/v2\/posts\/743529","targetHints":{"allow":["GET"]}}],"collection":[{"href":"https:\/\/goroskop.tv\/sw\/wp-json\/wp\/v2\/posts"}],"about":[{"href":"https:\/\/goroskop.tv\/sw\/wp-json\/wp\/v2\/types\/post"}],"author":[{"embeddable":true,"href":"https:\/\/goroskop.tv\/sw\/wp-json\/wp\/v2\/users\/1"}],"replies":[{"embeddable":true,"href":"https:\/\/goroskop.tv\/sw\/wp-json\/wp\/v2\/comments?post=743529"}],"version-history":[{"count":0,"href":"https:\/\/goroskop.tv\/sw\/wp-json\/wp\/v2\/posts\/743529\/revisions"}],"wp:featuredmedia":[{"embeddable":true,"href":"https:\/\/goroskop.tv\/sw\/wp-json\/wp\/v2\/media\/38"}],"wp:attachment":[{"href":"https:\/\/goroskop.tv\/sw\/wp-json\/wp\/v2\/media?parent=743529"}],"wp:term":[{"taxonomy":"category","embeddable":true,"href":"https:\/\/goroskop.tv\/sw\/wp-json\/wp\/v2\/categories?post=743529"},{"taxonomy":"post_tag","embeddable":true,"href":"https:\/\/goroskop.tv\/sw\/wp-json\/wp\/v2\/tags?post=743529"}],"curies":[{"name":"wp","href":"https:\/\/api.w.org\/{rel}","templated":true}]}}