{"id":744047,"date":"2023-10-08T02:49:18","date_gmt":"2023-10-08T02:49:18","guid":{"rendered":"https:\/\/goroskop.tv\/sw\/vale-queen-elizabeth-ii\/"},"modified":"2023-10-08T02:49:18","modified_gmt":"2023-10-08T02:49:18","slug":"vale-queen-elizabeth-ii","status":"publish","type":"post","link":"https:\/\/goroskop.tv\/sw\/vale-queen-elizabeth-ii\/","title":{"rendered":"Vale Queen Elizabeth II"},"content":{"rendered":"<p><\/p>\n<h2><span class=\"ez-toc-section\" id=\"Vale_Queen_Elizabeth_II\"><\/span><span class=\"ez-toc-section\" id=\"Vale_la_Reina_Isabel_II\"><\/span>  Vale Queen Elizabeth II<span class=\"ez-toc-section-end\"><\/span><span class=\"ez-toc-section-end\"><\/span><\/h2>\n<h3><span class=\"ez-toc-section\" id=\"Hennes_Majestat_Drottning_Elizabeth_II_s_astrologi\"><\/span><span class=\"ez-toc-section\" id=\"La_astrologia_de_Su_Majestad_la_Reina_Isabel_II\"><\/span>Hennes Majest\u00e4t Drottning Elizabeth II:s astrologi<span class=\"ez-toc-section-end\"><\/span><span class=\"ez-toc-section-end\"><\/span><\/h3>\n<p>Drottning Elizabeth II, Storbritanniens l\u00e4ngst regerande monark, gick bort vid 96 \u00e5rs \u00e5lder klockan 03.30. <\/p>\n<p>m. <\/p>\n<p>fredagen den 9 september 2022 i Hobart, d\u00e4r jag bor. <\/p>\n<p>  Beskedet fr\u00e5n Buckingham Palace kom torsdagen den 8 september klockan 18.30.<\/p>\n<h3><span class=\"ez-toc-section\" id=\"Tva_regnbagar_Elizabeth_I_och_Elizabeth_II\"><\/span><span class=\"ez-toc-section\" id=\"Dos_arcoiris_Isabel_I_e_%E2%80%8B%E2%80%8BIsabel_II\"><\/span><strong>Tv\u00e5 regnb\u00e5gar, Elizabeth I och Elizabeth II<\/strong><span class=\"ez-toc-section-end\"><\/span><span class=\"ez-toc-section-end\"><\/span><\/h3>\n<p>Torsdagen den 8 september 2022 d\u00f6k en dubbel regnb\u00e5ge upp p\u00e5 Buckingham Palace. <\/p>\n<p>  Vi kanske inte borde bli s\u00e5 f\u00f6rv\u00e5nade;  Hon var inte bara en h\u00e4ngiven kristen, hon var ocks\u00e5 en hedersdruidmystiker. <\/p>\n<p>  I denna astrologiska d\u00f6dsruna \u00f6ver Hennes Majest\u00e4t Drottningen kommer jag att titta n\u00e4rmare p\u00e5 fenomenen kring hennes bortg\u00e5ng. <\/p>\n<p>  Inkluderar en jordb\u00e4vning i Australien och en meteorit \u00f6ver Storbritannien.<\/p>\n<p>En andra regnb\u00e5ge d\u00f6k upp s\u00f6ndagen den 18 september, dagen f\u00f6re Hennes Majest\u00e4ts begravning, rapporterade BBC:s Alex Doherty p\u00e5 Twitter.<\/p>\n<p>Det \u00e4r h\u00e4r mysteriet kring Drottningen \u00f6kar. <\/p>\n<p>  Portr\u00e4ttet som visas ovan \u00e4r &#8216;The Rainbow Portrait&#8217; av drottning Elizabeth I. <\/p>\n<p>Hon h\u00e5ller regnb\u00e5gen i sin v\u00e4nstra hand. <\/p>\n<p>  Den latinska inskriptionen lyder \u00abNON SINE SOLE IRIS\u00bb, vilket betyder \u00abDet finns ingen regnb\u00e5ge utan solen\u00bb.<\/p>\n<h3><span class=\"ez-toc-section\" id=\"Tid_och_tidens_gang\"><\/span><span class=\"ez-toc-section\" id=\"Tiempo_y_el_paso_del_tiempo\"><\/span><strong><em>Tid<\/em> och tidens g\u00e5ng<\/strong><span class=\"ez-toc-section-end\"><\/span><span class=\"ez-toc-section-end\"><\/span><\/h3>\n<p>Av alla de m\u00e5nga tidningsomslagen som nu hyllar Hennes Majest\u00e4t \u00e4r min favorit <em>Tid<\/em>visat ovan.<\/p>\n<p>Jag gillar ocks\u00e5 verkligen detta virala Twitter-fotograf\u00eda av BBC-hyllningen nedan. <\/p>\n<p>  Titta noga och du kommer att se tjuren Oxen med sina horn silhuetterade under Hans Majest\u00e4ts ansikte. <\/p>\n<p>  BBC-vakten b\u00e4r Paddington Bears gula regnrock.<\/p>\n<p>Drottningen var monark f\u00f6r tiden och <em>Tid<\/em> \u2013 det spelar ingen roll om han accepterade heders druidstatus 1946;  leda efterkrigstidens Storbritannien under 1950-talet eller dricka te med Paddington Bear p\u00e5 2000-talet.<\/p>\n<p>Men det fanns och \u00e4r n\u00e5got ganska mystiskt med henne. <\/p>\n<p>  Det diskuteras inte ofta, men vi ser det nu.<\/p>\n<h3><span class=\"ez-toc-section\" id=\"Hur_jag_forutspadde_20_juli_till_29_september_2022_for_Hans_Majestat\"><\/span><span class=\"ez-toc-section\" id=\"Como_predije_del_20_de_julio_al_29_de_septiembre_de_2022_para_Su_Majestad\"><\/span>Hur jag f\u00f6rutsp\u00e5dde 20 juli till 29 september 2022 f\u00f6r Hans Majest\u00e4t<span class=\"ez-toc-section-end\"><\/span><span class=\"ez-toc-section-end\"><\/span><\/h3>\n<p>Jag har blivit tillfr\u00e5gad om jag f\u00f6rutsp\u00e5dde hans d\u00f6d. <\/p>\n<p>  Astrologi kan inte f\u00f6ruts\u00e4ga d\u00f6den. <\/p>\n<p>  Sj\u00e4lvklart inte. <\/p>\n<p>  Och det borde det inte heller.<\/p>\n<p>Yo <em>gjorde<\/em> Jag postade detta under The Leo Weather event som jag h\u00f6ll den 5 juli 2022, om Leocykeln fram till den 29 september 2022.<\/p>\n<p><em>\u201dEtt leobekymmer, p\u00e5 gott och ont;  De \u00e4r rikets arvtagare. <\/em><\/p>\n<p>  Tronf\u00f6ljdslinjen och tronpretendenterna. <\/p>\n<p><em>Av sk\u00e4l som vi kommer att diskutera i The Leo Weather \u00e4r denna period, fr\u00e5n 20 juli till 29 september 2022, av avg\u00f6rande betydelse f\u00f6r prins Andrew, Hennes Majest\u00e4t Drottningen, prinsen av Wales och hertigen av Cambridge. <\/em><\/p>\n<p>  Lejonen och ungarna.<\/p>\n<p>Om du var d\u00e4r, kommer du ih\u00e5g att jag pratade om en kr\u00f6ning. <\/p>\n<p>  Om du \u00e4r Premium-medlem har du tillg\u00e5ng till hela historien och kan fortfarande l\u00e4sa prognosen h\u00e4r.<\/p>\n<figure id=\"attachment_139806\" aria-describedby=\"caption-attachment-139806\" style=\"width: 228px\" class=\"wp-caption alignleft\">Drottningen i astrologi<\/figure>\n<h3><span class=\"ez-toc-section\" id=\"Det_astrologiska_diagrammet_av_Elizabeth_II\"><\/span><span class=\"ez-toc-section\" id=\"La_carta_astrologica_de_Isabel_II\"><\/span><strong>Det astrologiska diagrammet av Elizabeth II<\/strong><span class=\"ez-toc-section-end\"><\/span><span class=\"ez-toc-section-end\"><\/span><\/h3>\n<p>Hennes Majest\u00e4t Drottningen har sin s\u00f6dra nod vid 20 Stenbocken tillsammans med sin Ascendent vid 21 Stenbocken.<\/p>\n<p>Din norra nod vid 20 Cancer \u00e4r tillsammans med din Descendant vid 20 Cancer.<\/p>\n<p>Vi hittar Salacia p\u00e5 23 Scorpio konjunkt Saturn p\u00e5 24 Scorpio i drottningens diagram.<\/p>\n<p>Det h\u00e4r \u00e4r de tv\u00e5 stora placeringarna i hennes actualizada f\u00f6delsehoroskop, som beskriver vem hon var och vad som h\u00e4nde med henne.<\/p>\n<p>Alla dessa tecken blir mycket viktiga i vad som h\u00e4nder h\u00e4rn\u00e4st. <\/p>\n<p>  Kate, prinsessan av Wales, \u00e4r en Stenbocken. <\/p>\n<p>  William, prinsen av Wales, \u00e4r en cancer. <\/p>\n<p>  Camilla, drottninggem\u00e5l, \u00e4r cancer. <\/p>\n<p>  Carlos III \u00e4r en skorpion.<\/p>\n<p>Av detta kan vi ber\u00e4tta vad som h\u00e4nder h\u00e4rn\u00e4st. <\/p>\n<p>  Monarkins framtid. <\/p>\n<p>  Detta \u00e4r dock en hyllning till hennes majest\u00e4t drottning Elizabeth II, och detta \u00e4r en l\u00e5ng sorgeperiod f\u00f6r alla elisabethaner. <\/p>\n<p>  Framtiden?  Det \u00e4r f\u00f6r en annan dag.<\/p>\n<p><figure id=\"attachment_139805\" aria-describedby=\"caption-attachment-139805\" style=\"width: 1704px\" class=\"wp-caption alignnone\">Astrologiskt diagram \u00f6ver Hennes Majest\u00e4t Drottning Elizabeth II (Astrogold).<\/figure>\n<\/p>\n<h3><span class=\"ez-toc-section\" id=\"Leo_Climate_och_Leo_Legacy\"><\/span><span class=\"ez-toc-section\" id=\"El_clima_de_Leo_y_el_legado_de_Leo\"><\/span><strong>Leo Climate och Leo Legacy<\/strong><span class=\"ez-toc-section-end\"><\/span><span class=\"ez-toc-section-end\"><\/span><\/h3>\n<p>Om du deltog i v\u00e5rt speciella evenemang i juli, Leov\u00e4dret, har du h\u00f6rt mig ber\u00e4tta om varf\u00f6r perioden fr\u00e5n 20 juli till 29 september 2022 var s\u00e5 viktig f\u00f6r kr\u00f6ningar. <\/p>\n<p>  Nu visar det sig att kr\u00f6ningen blir till en ny kung. <\/p>\n<p>  Detta \u00e4r den fullst\u00e4ndiga funktionen fr\u00e5n 5 juli 2022 f\u00f6r Premium-medlemmar, som f\u00f6ljde med Zoom-evenemanget. <\/p>\n<p>  Du kan l\u00e4sa den h\u00e4r. <\/p>\n<h3><span class=\"ez-toc-section\" id=\"Ny_kroning_%E2%80%93_Gud_spara_kungen\"><\/span><span class=\"ez-toc-section\" id=\"Nueva_Coronacion_%E2%80%93_God_Save_the_King\"><\/span><strong>Ny kr\u00f6ning \u2013 Gud spara kungen<\/strong><span class=\"ez-toc-section-end\"><\/span><span class=\"ez-toc-section-end\"><\/span><\/h3>\n<p>Som jag skrev den 5 juli <em>(ovan)<\/em> \u201dDu \u00e4r alltid f\u00f6rem\u00e5l f\u00f6r en ny kr\u00f6ning under Leov\u00e4der om du har Leofaktorer. <\/p>\n<p>  En ny titel eller roll.\u201d<\/p>\n<h3><span class=\"ez-toc-section\" id=\"Naturfenomen_och_Hennes_Majestat_Drottningen\"><\/span><span class=\"ez-toc-section\" id=\"Fenomenos_Naturales_y_Su_Majestad_la_Reina\"><\/span><strong>Naturfenomen och Hennes Majest\u00e4t Drottningen<\/strong><span class=\"ez-toc-section-end\"><\/span><span class=\"ez-toc-section-end\"><\/span><\/h3>\n<p>F\u00f6rutom de regnb\u00e5gar vi s\u00e5g, en himmelsk ledtr\u00e5d till de tv\u00e5 Elizabeths, fanns det andra \u00f6verraskande naturfenomen under Hennes Majest\u00e4ts k\u00f6lvatten.<\/p>\n<p>En eldklot eller meteorit f\u00f6ljde frieriets v\u00e4g fr\u00e5n Skottland och Irland till London och filmades och fotograferades av m\u00e5nga m\u00e4nniskor. <\/p>\n<p>  Meteorkartorna och bilderna blev virala p\u00e5 Twitter. <\/p>\n<p>  Den h\u00e4r bilden (till v\u00e4nster) kommer fr\u00e5n det utm\u00e4rkta American Meteor Society.<\/p>\n<p>Sen i Puerto <em>Philip<\/em> I Australien (observera namnet) skakade en jordb\u00e4vning gudstj\u00e4nster s\u00f6ndagen den 18 september, dagen f\u00f6re begravningen.<\/p>\n<p>Det otroliga med meteoren, som s\u00e5g ut som ett eldklot med en l\u00e5ng svans, \u00e4r att den ekade 684AD och Halleys komet. <\/p>\n<p>  Det var ett utbrott av digerd\u00f6den. <\/p>\n<p>  N\u00e4r kometen d\u00f6k upp igen 1066 y tambi\u00e9n.Kr., stred Harold II, kung av England, mot Vilhelm I och dog. <\/p>\n<p>  William tog tronen.<\/p>\n<h3><span class=\"ez-toc-section\" id=\"Konstigt_men_sant_jordbavningar_och_meteoriter\"><\/span><span class=\"ez-toc-section\" id=\"Extrano_pero_cierto_terremotos_y_meteoritos\"><\/span><strong>Konstigt men sant: jordb\u00e4vningar och meteoriter<\/strong><span class=\"ez-toc-section-end\"><\/span><span class=\"ez-toc-section-end\"><\/span><\/h3>\n<h3><span class=\"ez-toc-section\" id=\"Ceres_i_Lejonet_och_Royal_Druids\"><\/span><span class=\"ez-toc-section\" id=\"Ceres_en_Leo_y_Druidas_Reales\"><\/span><strong>Ceres i Lejonet och Royal Druids<\/strong><span class=\"ez-toc-section-end\"><\/span><span class=\"ez-toc-section-end\"><\/span><\/h3>\n<p>Det \u00e4r intressant att se Ceres vid 14 \u00e5r av Leo i drottningens f\u00f6delsehoroskop. <\/p>\n<p>  Bildar en quincunx med Venus vid 13 fiskar. <\/p>\n<p>  Det \u00e4r ganska mystiskt, s\u00e5 vi kanske inte borde bli f\u00f6rv\u00e5nade \u00f6ver dessa omen.<\/p>\n<p>Jag tycker att det \u00e4r ett kraftfullt uttalande om den sena monarkens regeringstid som hedersovat av Gorsedd of Bards i Wales (mottogs av Archdruid Crwys Williams den 6 augusti 1946). <\/p>\n<p>  Det var en del av kunglig tradition. <\/p>\n<p>  Hans f\u00f6r\u00e4ldrar hade d\u00f6pts om till Albert och Betsi (Royal Bards) n\u00e4r de initierades till Gorsedd. <\/p>\n<p>  Hans mamma var ocks\u00e5 Sun Leo.<\/p>\n<p>Den h\u00e4r bilden \u00e4r fr\u00e5n ett YouTube-klipp fr\u00e5n den framtida kungen och drottningens mors dag med druiderna. <\/p>\n<p>  Det h\u00e4r fotografiet av Hans kungliga h\u00f6ghet, hertigen av Edinburgh, \u00e4r fr\u00e5n en onlinebiografi p\u00e5 BBC som publicerades innan han dog. <\/p>\n<p>  Hennes Majest\u00e4t Drottningen hedrades i en stencirkel. <\/p>\n<p>  Allt detta ligger v\u00e4ldigt l\u00e5ngt ifr\u00e5n den kristna kyrkan, men det \u00e4r viktigt.<\/p>\n<p><figure id=\"attachment_139925\" aria-describedby=\"caption-attachment-139925\" style=\"width: 1024px\" class=\"wp-caption alignnone\">Jeff Morgan\/ALAMY: Stencirkel av National Gorsedd Eisteddfod med anor fr\u00e5n 1905 i Dyffryn Wood i Mountain Ash South Wales, d\u00e4r Hennes Majest\u00e4t Drottning Elizabeth II utropades till heders\u00e4ggstock av Archdruid 1946.<\/figure>\n<\/p>\n<h3><span class=\"ez-toc-section\" id=\"Stencirkeln_dar_druiderna_motte_prinsessan_Elizabeth\"><\/span><span class=\"ez-toc-section\" id=\"El_circulo_de_piedra_donde_los_druidas_conocieron_a_la_princesa_Isabel\"><\/span><strong>Stencirkeln d\u00e4r druiderna m\u00f6tte prinsessan Elizabeth<\/strong><span class=\"ez-toc-section-end\"><\/span><span class=\"ez-toc-section-end\"><\/span><\/h3>\n<p>Stencirkeln du ser h\u00e4r g\u00e5r tillbaka till 1905 och ligger i Dyffryn Wood Park, Glamorgan. <\/p>\n<p>  Detta var 1946 \u00e5rs National Eisteddfod. <\/p>\n<p>Drottningens f\u00f6r\u00e4ldrar, d\u00e5 hertigen och hertiginnan av York, hade hedrats vid en liknande ceremoni 1926.<\/p>\n<p>Prinsessan Elizabeth ses h\u00e4r, som hon var d\u00e5, och visar Lejonet och Fiskarnas aspekter av hennes personliga f\u00f6delsehoroskop. <\/p>\n<p>  Lejondrottning. <\/p>\n<p>  Mystiska fiskar. <\/p>\n<p>  Hon var framf\u00f6r allt kristen, men ur en astrologs synvinkel ocks\u00e5 \u00e4gglig. <\/p>\n<p>  Twitter \u00e4r det b\u00e4sta st\u00e4llet att leta efter dessa virala fotografier fr\u00e5n tidigt 1900-tal. <\/p>\n<p>  Detta \u00e4r f\u00f6rmodligen en stillbild fr\u00e5n ett nyhetsklipp fr\u00e5n 1946.<\/p>\n<h3><\/h3>\n<p><span class=\"ez-toc-section\" id=\"El_druida_oval_%E2%80%93_Isabel_II\"><\/span><\/p>\n<h3><span class=\"ez-toc-section\" id=\"Den_ovala_druiden_%E2%80%93_Elizabeth_II\"><\/span><strong>Den ovala druiden \u2013 Elizabeth II<\/strong><span class=\"ez-toc-section-end\"><\/span><span class=\"ez-toc-section-end\"><\/span><\/h3>\n<p>Actualizada druider p\u00e5 de brittiska \u00f6arna ber\u00e4ttar att en Ovatus \u00e4r synsk;  mystisk. <\/p>\n<p>  Detta \u00e4r ett mycket ovanligt exempel p\u00e5 Venus i Fiskarna, men det \u00e4r ocks\u00e5 precis vad vi kan f\u00f6rv\u00e4nta oss, som astrologer som tittar p\u00e5 det diagrammet. <\/p>\n<p>  Denna definition av Ovate \u00e4r fr\u00e5n den officiella Druid UK-webbplatsen.<\/p>\n<h3><span class=\"ez-toc-section\" id=\"Drottningen_som_friky\"><\/span><span class=\"ez-toc-section\" id=\"La_reina_como_fenomeno\"><\/span><strong>Drottningen som friky<\/strong><span class=\"ez-toc-section-end\"><\/span><span class=\"ez-toc-section-end\"><\/span><\/h3>\n<p>Vi kommer aldrig att se henne s\u00e5 igen. <\/p>\n<p>  Hon var monarken n\u00e4r min farfar Basil Adams fick sin OBE p\u00e5 Buckingham Palace och Elizabeth II satt ocks\u00e5 p\u00e5 tronen n\u00e4r min guddotter Phoebe fick sin Duke of Edinburgh-utm\u00e4rkelse. <\/p>\n<p>  Hans Majest\u00e4t ber\u00f6rde varje familj p\u00e5 ett eller annat s\u00e4tt. <\/p>\n<p>  Chansen \u00e4r stor att hon ocks\u00e5 har p\u00e5verkat din.<\/p>\n<p>  Jag tror att det \u00e4r d\u00e4rf\u00f6r vi k\u00e4nner att en stencirkel av n\u00e5got slag har flyttat i september 2022. <\/p>\n<p>N\u00e5gon flyttade det gamla druidmonumentet.<\/p>\n<p>V\u00e5r drottning var bokstavligen fenomenal. <\/p>\n<p>  Efter att han l\u00e4mnade oss fotograferade den brittiska mamman Leanne Bethell denna molnformation i Telford, som The Independent rapporterade. <\/p>\n<p>  I regnb\u00e5gar eller moln, i meteorer eller jordb\u00e4vningar har han l\u00e4mnat tecken och omen \u00f6ver hela v\u00e4rlden.<\/p>\n<p>Drottningen d\u00f6ptes om till Elizabeth O&#8217;Windsor n\u00e4r hon placerade sina h\u00e4nder i Archdruid Crwys. <\/p>\n<p>  Hon var k\u00e4nd under m\u00e5nga namn. <\/p>\n<p>  Det var dock alltid samma sten som vi lutade oss mot. <\/p>\n<p>  Okej Elizabeth II!<\/p>\n<p><em>YouTube-klipp\/Ok\u00e4nda k\u00e4llor\/Twitter @Independent <\/em><\/p>\n<p>Vi hoppas att du gillade v\u00e5r artikel Vale la Reina Isabel II och allt relaterat till horoskop, tarot, ritualer och allt relaterat.<\/p>\n<figure class=\"wp-block-table is-style-regular\">\n<\/figure>\n<p>Intressanta saker att veta inneb\u00f6rden: Horoskop  <\/p>\n<p>\u00c4ven h\u00e4r l\u00e4mnar vi \u00e4mnen relaterade till: Horoskop<\/p>\n<\/p>\n<p><\/p>\n<p>Vi hoppas att du gillade v\u00e5r artikel Vale Queen Elizabeth II<br \/>\n och allt om horoskop, tarot, ritualer och allt relaterat till det &#8230;<\/p>\n<figure class=\"wp-block-table is-style-regular\">\n<table style=\"width: 284px; height: 157px;\">\n<tbody>\n<tr>\n<td class=\"has-text-align-center\" data-align=\"center\"><img loading=\"lazy\" decoding=\"async\" class=\"alignleft\" src=\" https:\/\/goroskop.tv\/wp-content\/uploads\/2023\/05\/horoscopodo12.jpg \" alt=\" Vale Queen Elizabeth II\n \" width=\"65\" height=\"95\" title=\"\"><img loading=\"lazy\" decoding=\"async\" class=\"alignleft\" style=\"width: 60px;\" src=\" https:\/\/goroskop.tv\/wp-content\/uploads\/2023\/05\/horoscopodo11.jpg \" alt=\" Vale Queen Elizabeth II\n \" width=\"195\" height=\"300\" title=\"\"><img decoding=\"async\" class=\"alignleft\" style=\"width: 60px;\" src=\" https:\/\/goroskop.tv\/wp-content\/uploads\/2023\/05\/horoscopodo10.jpg \" alt=\" Vale Queen Elizabeth II\n \" title=\"\"><\/td>\n<\/tr>\n<\/tbody>\n<\/table>\n<\/figure>\n<p>Intressanta saker att veta inneb\u00f6rden: <a href=\"https:\/\/sv.wikipedia.org\/wiki\/Horoskop\" target=\"_blank\" rel=\"nofollow noopener\"> Horoskop <\/a> <\/p>\n<p>H\u00e4r l\u00e4mnar vi ocks\u00e5 \u00e4mnen relaterade till: <a href=\" https:\/\/goroskop.tv\/sw\/den-perfekta-kandispojkvannen-for-dig\/\">Horoskop<\/a> <\/p>\n<div id=\"ez-toc-container\" class=\"ez-toc-v2_0_82_2 ez-toc-wrap-center counter-hierarchy ez-toc-counter ez-toc-grey ez-toc-container-direction\">\n<div class=\"ez-toc-title-container\">\n<div class=\"ez-toc-title\" style=\"cursor:inherit\">Table of Contents<\/div>\n<span class=\"ez-toc-title-toggle\"><a href=\"#\" class=\"ez-toc-pull-right ez-toc-btn ez-toc-btn-xs ez-toc-btn-default ez-toc-toggle\" aria-label=\"Alternar tabla de contenidos\"><span class=\"ez-toc-js-icon-con\"><span class=\"\"><span class=\"eztoc-hide\" style=\"display:none;\">Toggle<\/span><span class=\"ez-toc-icon-toggle-span\"><svg style=\"fill: #999;color:#999\" xmlns=\"http:\/\/www.w3.org\/2000\/svg\" class=\"list-377408\" width=\"20px\" height=\"20px\" viewBox=\"0 0 24 24\" fill=\"none\"><path d=\"M6 6H4v2h2V6zm14 0H8v2h12V6zM4 11h2v2H4v-2zm16 0H8v2h12v-2zM4 16h2v2H4v-2zm16 0H8v2h12v-2z\" fill=\"currentColor\"><\/path><\/svg><svg style=\"fill: #999;color:#999\" class=\"arrow-unsorted-368013\" xmlns=\"http:\/\/www.w3.org\/2000\/svg\" width=\"10px\" height=\"10px\" viewBox=\"0 0 24 24\" version=\"1.2\" baseProfile=\"tiny\"><path d=\"M18.2 9.3l-6.2-6.3-6.2 6.3c-.2.2-.3.4-.3.7s.1.5.3.7c.2.2.4.3.7.3h11c.3 0 .5-.1.7-.3.2-.2.3-.5.3-.7s-.1-.5-.3-.7zM5.8 14.7l6.2 6.3 6.2-6.3c.2-.2.3-.5.3-.7s-.1-.5-.3-.7c-.2-.2-.4-.3-.7-.3h-11c-.3 0-.5.1-.7.3-.2.2-.3.5-.3.7s.1.5.3.7z\"\/><\/svg><\/span><\/span><\/span><\/a><\/span><\/div>\n<nav><ul class='ez-toc-list ez-toc-list-level-1 eztoc-toggle-hide-by-default' ><li class='ez-toc-page-1 ez-toc-heading-level-2'><a class=\"ez-toc-link ez-toc-heading-1\" href=\"https:\/\/goroskop.tv\/sw\/vale-queen-elizabeth-ii\/#Vale_Queen_Elizabeth_II\" >Vale Queen Elizabeth II<\/a><ul class='ez-toc-list-level-3' ><li class='ez-toc-heading-level-3'><a class=\"ez-toc-link ez-toc-heading-2\" href=\"https:\/\/goroskop.tv\/sw\/vale-queen-elizabeth-ii\/#Hennes_Majestat_Drottning_Elizabeth_II_s_astrologi\" >Hennes Majest\u00e4t Drottning Elizabeth II:s astrologi<\/a><\/li><li class='ez-toc-page-1 ez-toc-heading-level-3'><a class=\"ez-toc-link ez-toc-heading-3\" href=\"https:\/\/goroskop.tv\/sw\/vale-queen-elizabeth-ii\/#Tva_regnbagar_Elizabeth_I_och_Elizabeth_II\" >Tv\u00e5 regnb\u00e5gar, Elizabeth I och Elizabeth II<\/a><\/li><li class='ez-toc-page-1 ez-toc-heading-level-3'><a class=\"ez-toc-link ez-toc-heading-4\" href=\"https:\/\/goroskop.tv\/sw\/vale-queen-elizabeth-ii\/#Tid_och_tidens_gang\" >Tid och tidens g\u00e5ng<\/a><\/li><li class='ez-toc-page-1 ez-toc-heading-level-3'><a class=\"ez-toc-link ez-toc-heading-5\" href=\"https:\/\/goroskop.tv\/sw\/vale-queen-elizabeth-ii\/#Hur_jag_forutspadde_20_juli_till_29_september_2022_for_Hans_Majestat\" >Hur jag f\u00f6rutsp\u00e5dde 20 juli till 29 september 2022 f\u00f6r Hans Majest\u00e4t<\/a><\/li><li class='ez-toc-page-1 ez-toc-heading-level-3'><a class=\"ez-toc-link ez-toc-heading-6\" href=\"https:\/\/goroskop.tv\/sw\/vale-queen-elizabeth-ii\/#Det_astrologiska_diagrammet_av_Elizabeth_II\" >Det astrologiska diagrammet av Elizabeth II<\/a><\/li><li class='ez-toc-page-1 ez-toc-heading-level-3'><a class=\"ez-toc-link ez-toc-heading-7\" href=\"https:\/\/goroskop.tv\/sw\/vale-queen-elizabeth-ii\/#Leo_Climate_och_Leo_Legacy\" >Leo Climate och Leo Legacy<\/a><\/li><li class='ez-toc-page-1 ez-toc-heading-level-3'><a class=\"ez-toc-link ez-toc-heading-8\" href=\"https:\/\/goroskop.tv\/sw\/vale-queen-elizabeth-ii\/#Ny_kroning_%E2%80%93_Gud_spara_kungen\" >Ny kr\u00f6ning \u2013 Gud spara kungen<\/a><\/li><li class='ez-toc-page-1 ez-toc-heading-level-3'><a class=\"ez-toc-link ez-toc-heading-9\" href=\"https:\/\/goroskop.tv\/sw\/vale-queen-elizabeth-ii\/#Naturfenomen_och_Hennes_Majestat_Drottningen\" >Naturfenomen och Hennes Majest\u00e4t Drottningen<\/a><\/li><li class='ez-toc-page-1 ez-toc-heading-level-3'><a class=\"ez-toc-link ez-toc-heading-10\" href=\"https:\/\/goroskop.tv\/sw\/vale-queen-elizabeth-ii\/#Konstigt_men_sant_jordbavningar_och_meteoriter\" >Konstigt men sant: jordb\u00e4vningar och meteoriter<\/a><\/li><li class='ez-toc-page-1 ez-toc-heading-level-3'><a class=\"ez-toc-link ez-toc-heading-11\" href=\"https:\/\/goroskop.tv\/sw\/vale-queen-elizabeth-ii\/#Ceres_i_Lejonet_och_Royal_Druids\" >Ceres i Lejonet och Royal Druids<\/a><\/li><li class='ez-toc-page-1 ez-toc-heading-level-3'><a class=\"ez-toc-link ez-toc-heading-12\" href=\"https:\/\/goroskop.tv\/sw\/vale-queen-elizabeth-ii\/#Stencirkeln_dar_druiderna_motte_prinsessan_Elizabeth\" >Stencirkeln d\u00e4r druiderna m\u00f6tte prinsessan Elizabeth<\/a><\/li><li class='ez-toc-page-1 ez-toc-heading-level-3'><a class=\"ez-toc-link ez-toc-heading-13\" href=\"https:\/\/goroskop.tv\/sw\/vale-queen-elizabeth-ii\/#Den_ovala_druiden_%E2%80%93_Elizabeth_II\" >Den ovala druiden \u2013 Elizabeth II<\/a><\/li><li class='ez-toc-page-1 ez-toc-heading-level-3'><a class=\"ez-toc-link ez-toc-heading-14\" href=\"https:\/\/goroskop.tv\/sw\/vale-queen-elizabeth-ii\/#Drottningen_som_friky\" >Drottningen som friky<\/a><\/li><\/ul><\/li><\/ul><\/nav><\/div>\n","protected":false},"excerpt":{"rendered":"<p>Vale Queen Elizabeth II Hennes Majest\u00e4t Drottning Elizabeth II:s astrologi Drottning Elizabeth II, Storbritanniens l\u00e4ngst regerande monark, gick bort vid 96 \u00e5rs \u00e5lder klockan 03.30. m. fredagen den 9 september 2022 i Hobart, d\u00e4r jag bor. Beskedet fr\u00e5n Buckingham Palace kom torsdagen den 8 september klockan 18.30. Tv\u00e5 regnb\u00e5gar, Elizabeth I och Elizabeth II Torsdagen &hellip;<\/p>\n","protected":false},"author":1,"featured_media":79,"comment_status":"closed","ping_status":"closed","sticky":false,"template":"","format":"standard","meta":{"footnotes":""},"categories":[2],"tags":[5486,3799,14548],"class_list":["post-744047","post","type-post","status-publish","format-standard","has-post-thumbnail","hentry","category-horoskop","tag-elizabeth","tag-queen","tag-vale"],"_links":{"self":[{"href":"https:\/\/goroskop.tv\/sw\/wp-json\/wp\/v2\/posts\/744047","targetHints":{"allow":["GET"]}}],"collection":[{"href":"https:\/\/goroskop.tv\/sw\/wp-json\/wp\/v2\/posts"}],"about":[{"href":"https:\/\/goroskop.tv\/sw\/wp-json\/wp\/v2\/types\/post"}],"author":[{"embeddable":true,"href":"https:\/\/goroskop.tv\/sw\/wp-json\/wp\/v2\/users\/1"}],"replies":[{"embeddable":true,"href":"https:\/\/goroskop.tv\/sw\/wp-json\/wp\/v2\/comments?post=744047"}],"version-history":[{"count":0,"href":"https:\/\/goroskop.tv\/sw\/wp-json\/wp\/v2\/posts\/744047\/revisions"}],"wp:featuredmedia":[{"embeddable":true,"href":"https:\/\/goroskop.tv\/sw\/wp-json\/wp\/v2\/media\/79"}],"wp:attachment":[{"href":"https:\/\/goroskop.tv\/sw\/wp-json\/wp\/v2\/media?parent=744047"}],"wp:term":[{"taxonomy":"category","embeddable":true,"href":"https:\/\/goroskop.tv\/sw\/wp-json\/wp\/v2\/categories?post=744047"},{"taxonomy":"post_tag","embeddable":true,"href":"https:\/\/goroskop.tv\/sw\/wp-json\/wp\/v2\/tags?post=744047"}],"curies":[{"name":"wp","href":"https:\/\/api.w.org\/{rel}","templated":true}]}}