{"id":780939,"date":"2025-02-28T23:52:00","date_gmt":"2025-02-28T23:52:00","guid":{"rendered":"https:\/\/goroskop.tv\/sw\/peter-lemarc-sjuk\/"},"modified":"2025-02-28T23:52:00","modified_gmt":"2025-02-28T23:52:00","slug":"peter-lemarc-sjuk","status":"publish","type":"post","link":"https:\/\/goroskop.tv\/sw\/peter-lemarc-sjuk\/","title":{"rendered":"Peter Lemarc sjuk: 5 saker du beh\u00f6ver veta nu"},"content":{"rendered":"<h2><span class=\"ez-toc-section\" id=\"Peter_Lemarc_Sjuk_En_Inblick_i_Halsoproblem\"><\/span>Peter Lemarc Sjuk: En Inblick i H\u00e4lsoproblem<span class=\"ez-toc-section-end\"><\/span><\/h2>\n<p>Den svenska musikern Peter Lemarc har under en tid k\u00e4mpat med sin h\u00e4lsa. Nyheter om hans tillst\u00e5nd har v\u00e4ckt oro bland fans och musik\u00e4lskare. Att vara <strong>peter lemarc sjuk<\/strong> p\u00e5verkar inte bara honom personligen, utan \u00e4ven hans karri\u00e4r och framtida projekt. I denna artikel kommer vi att utforska olika aspekter av hans h\u00e4lsosituation.<\/p>\n<h2><span class=\"ez-toc-section\" id=\"Peters_Halsotillstand\"><\/span>Peters H\u00e4lsotillst\u00e5nd<span class=\"ez-toc-section-end\"><\/span><\/h2>\n<p>Peters nuvarande h\u00e4lsotillst\u00e5nd har varit f\u00f6rem\u00e5l f\u00f6r mycket spekulation. Det \u00e4r viktigt att f\u00f6rst\u00e5 de faktorer som bidrar till att han \u00e4r <strong>peter lemarc sjuk<\/strong>. Enligt n\u00e4ra k\u00e4llor har han drabbats av allvarliga symptom som kr\u00e4ver medicinsk behandling. Denna situation har lett till avbokningar av konserter, vilket skapat besvikelse hos m\u00e5nga fans.<\/p>\n<p>L\u00e4kare rekommenderar att han tar det lugnt och fokuserar p\u00e5 \u00e5terh\u00e4mtning. Att st\u00e5 p\u00e5 scenen kan vara fysiskt kr\u00e4vande, n\u00e5got som kan p\u00e5verka en redan svag kropp ytterligare. Det finns ocks\u00e5 rapporter om psykisk stress relaterad till hans tillst\u00e5nd, vilket kan f\u00f6rv\u00e4rra de fysiska symptomen.<\/p>\n<p>Familjen och v\u00e4nnerna spelar en avg\u00f6rande roll i Peters \u00e5terh\u00e4mtning. De st\u00f6djer honom genom denna sv\u00e5ra tid och hj\u00e4lper honom att prioritera sin h\u00e4lsa \u00f6ver allt annat. Flera av dem har uttryckt hur viktigt det \u00e4r f\u00f6r honom att lyssna p\u00e5 kroppen.<\/p>\n<h3><span class=\"ez-toc-section\" id=\"Psykologiska_Effekter\"><\/span>Psykologiska Effekter<span class=\"ez-toc-section-end\"><\/span><\/h3>\n<p>Att vara <strong>peter lemarc sjuk<\/strong> inneb\u00e4r ocks\u00e5 psykologiska utmaningar. M\u00e5nga artister k\u00e4nner pressen fr\u00e5n sina fans och branschen, vilket kan \u00f6ka stressniv\u00e5erna betydligt. Detta kan skapa en ond cirkel d\u00e4r den psykiska belastningen p\u00e5verkar den fysiska h\u00e4lsan negativt.<\/p>\n<p>M\u00e5nga i musikbranschen lider av liknande problem men f\u00e5 pratar \u00f6ppet om dem. Peter Lemarc blir ett exempel f\u00f6r andra genom att dela med sig av sin kamp mot sjukdomarna, b\u00e5de fysiskt och mentalt.<\/p>\n<p>K\u00e4nslom\u00e4ssigt st\u00f6d fr\u00e5n n\u00e4ra personer kan g\u00f6ra stor skillnad i processen mot l\u00e4kning, vilket Peter verkar ha i sitt liv just nu.<\/p>\n<h3><span class=\"ez-toc-section\" id=\"Konsultation_med_Lakare\"><\/span>Konsultation med L\u00e4kare<span class=\"ez-toc-section-end\"><\/span><\/h3>\n<p>Ett centralt steg i Peters v\u00e4g tillbaka till b\u00e4ttre h\u00e4lsa \u00e4r regelbundna bes\u00f6k hos l\u00e4kare som specialiserar sig p\u00e5 hans specifika behov n\u00e4r han \u00e4r <strong>peter lemarc sjuk<\/strong>. Genom noggranna unders\u00f6kningar f\u00e5r l\u00e4karteamet m\u00f6jlighet att s\u00e4tta ihop en skr\u00e4ddarsydd behandlingsplan.<\/p>\n<p>L\u00e4karna betonar vikten av b\u00e5de medicinering och livsstilsf\u00f6r\u00e4ndringar f\u00f6r att f\u00f6rb\u00e4ttra hans situation \u00f6ver tid. Regelbunden uppf\u00f6ljning g\u00f6rs f\u00f6r att justera behandlingen efter behov.<\/p>\n<p>Peters samarbete med sina l\u00e4kare visar p\u00e5 ett proaktivt s\u00e4tt d\u00e4r han tar ansvar f\u00f6r sin egen v\u00e5rd, n\u00e5got som m\u00e5nga patienter skulle m\u00e5 bra av att f\u00f6lja efter.<\/p>\n<h3><span class=\"ez-toc-section\" id=\"Aktivitet_under_Sjukdomstiden\"><\/span>Aktivitet under Sjukdomstiden<span class=\"ez-toc-section-end\"><\/span><\/h3>\n<p>M\u00e5nga undrar hur Peter forts\u00e4tter sitt konstn\u00e4rliga arbete trots sina begr\u00e4nsningar n\u00e4r han \u00e4r <strong>peter lemarc sjuk<\/strong>. Trots sv\u00e5righeterna f\u00f6rs\u00f6ker han hitta kreativa s\u00e4tt att h\u00e5lla kontakten med sina fans via sociala medier eller genom mindre intima framtr\u00e4danden.<\/p>\n<p>N\u00e5gra g\u00e5nger har han delat med sig av sina tankar kring livet och musiken under dessa tuffa tider vilket uppskattas stort av publiken. Att f\u00e5 insyn i hans liv ger m\u00e5nga tr\u00f6st n\u00e4r de sj\u00e4lva g\u00e5r igenom liknande situationer.<\/p>\n<p>Kreativiteten blomstrar ofta \u00e4ven under pressade omst\u00e4ndigheter; m\u00e5nga konstn\u00e4rer anv\u00e4nder sin sm\u00e4rta som inspiration till nya verk, n\u00e5got vi kanske f\u00e5r se mer av fr\u00e5n Peter fram\u00f6ver.<\/p>\n<h2><span class=\"ez-toc-section\" id=\"Peters_Stodjande_Natverk\"><\/span>Peters St\u00f6djande N\u00e4tverk<span class=\"ez-toc-section-end\"><\/span><\/h2>\n<p>Ett starkt st\u00f6dn\u00e4tverk \u00e4r avg\u00f6rande n\u00e4r man st\u00e5r inf\u00f6r utmaningar kopplade till h\u00e4lsa som <strong>peter lemarc sjuk<\/strong>. V\u00e4nner inom musikbranschen samt familjemedlemmar arbetar aktivt f\u00f6r att ge support b\u00e5de emotionellt och praktiskt vid behov. De hj\u00e4lper honom genom den h\u00e4r sv\u00e5ra perioden samtidigt som de bevarar normaliteten s\u00e5 gott det g\u00e5r.<\/p>\n<p>I flera intervjuer n\u00e4mner Peter vikten av gemenskapen inom musikscenen; den ger motivation och styrka n\u00e4r man k\u00e4nner sig nere eller isolerad p\u00e5 grund av sin sjukdomssituation.. <\/P><P>Dessutom deltar flera kollegor aktivt i v\u00e4lg\u00f6renhetsprojekt relaterade till h\u00e4lsofr\u00e5gor vilket bidrar till \u00f6kad medvetenhet kring viktiga \u00e4mnen inom omr\u00e5det mental oh\u00e4lsa bland artister.< \/P><P>Sammantaget tyder allt detta p\u00e5 hur starka band finns mellan musiker \u2013 inte bara professionellt utan \u00e4ven personligt \u2013 speciellt under tuffa tider . <\/P><\/p>\n<h3><span class=\"ez-toc-section\" id=\"Kollegernas_Engagemang\"><\/span>Kollegernas Engagemang<span class=\"ez-toc-section-end\"><\/span><\/h3>\n<p><\n<P>N\u00e4r nyheten om Peters situation blev offentlig mobiliserades kollegor snabbt f\u00f6r st\u00f6dinsatser . M\u00e5nga artister delar erfarenheter kring liknande problem , vilka uppmuntrar varandra . Som ett resultat skapas ett n\u00e4tverk d\u00e4r man bjuder in varandra inf\u00f6r olika event &#038; konserter . <\/ P><P>Dessa initiativ visar hur musikv\u00e4rlden fungerar , ingen beh\u00f6ver k\u00e4nna sig ensam &#8211; alla st\u00f6ttar varandra oavsett individuella utmaningar! <\/ P>< P >Detta engagemang ger inte bara k\u00e4nslom\u00e4ssigt st\u00f6d utan ocks\u00e5 praktisk hj\u00e4lp . Artister anordnar gemensamma evenemang vars int\u00e4kter g\u00e5r direkt \u00e5t v\u00e4lg\u00f6renhet relaterad mot cancer eller andra allvarliga diagnoser !  <\/ P ><\/p>\n<h3>Samh\u00e4llets Respons  <\/ h3 ><br \/>\n<P >Samh\u00e4llet svarade snabbt n\u00e4r nyheterna spreds , via social media , radio &#038; TV rapportering genererade stora diskussioner ang\u00e5ende mental oh\u00e4lsa &#038; artistlivets pr\u00f6vningar  . Fans visade sitt st\u00f6d genom olika plattformar , skickade blommor\/kort etc.,  medan n\u00e5gra startade insamlingar . <\/ p >< p >Detta engagemang speglar hur m\u00e4nniskor bryr sig verkligen om varandra &#8211; inte bara offentligt men privat ocks\u00e5! Att veta n\u00e5gon st\u00e5r bakom dig g\u00f6r stor skillnad d\u00e5 livet k\u00e4nns tungt !  <\/ p >< p >Allm\u00e4nheten blir alltmer medveten om s\u00e5dana fr\u00e5gor tack vare artisterna sj\u00e4lva ; deras modiga ber\u00e4ttelser inspirerar fler individer varje dag !   <\/ p ><\/p>\n<h2>K\u00e4llor och Information  <\/ h2 ><br \/>\n<P >F\u00f6r mer information g\u00e4llande \u00e4mnet h\u00e4nvisas l\u00e4sarna g\u00e4rna vidare hit :<br \/>\n<a href=\"https:\/\/sv.wikipedia.org\/wiki\/Peter_Lemarc\" target=\"_blank\" rel=\"noopener\">Wikipedia &#8211; Peter Lemarc<\/ a>,<br \/>\n<a href=\"https:\/\/www.svt.se\/kultur\/peter-le marc-i-samtal-om-halsa\" target=\"_blank\" rel=\"noopener\">SVT Kultur &#8211; Om H\u00e4lsa <\/ a>,<br \/>\n<a href=\"https:\/\/www.aftonbladet.se\/nojesbladet\/a\/5V5zE0\/peter-le-marc-talar-ut-om-sin-halsa\" target=\"_blank\" rel=\"noopener\">Aftonbladet &#8211; Intervju ang\u00e5ende H\u00e4lsan   <\/ a ><br \/>\n.<br \/>\nDessa resurser erbjuder djupg\u00e5ende analyser samt aktuella nyheter r\u00f6rande Peters liv , karri\u00e4r &#038; sjukhistorik!<br \/>\nOch avslutningsvis vill vi po\u00e4ngtera vikten vid spridning omkring mental oh\u00e4lsa \u2013 ingen ska beh\u00f6va k\u00e4nna sig ensam vid s\u00e5dana stunder!<\/ p ><\/p>\n<h2>Bakgrund och Karri\u00e4r<\/h2>\n<h2>Peter Lemarc sjuk \u2013 En blick p\u00e5 hans liv och karri\u00e4r<\/h2>\n<p>Peter Lemarc \u00e4r en v\u00e4lk\u00e4nd svensk s\u00e5ngare och l\u00e5tskrivare, som har p\u00e5verkat musikscenen sedan 1990-talet. Hans unika stil och djupa texter har gjort honom till en \u00e4lskad artist bland m\u00e5nga. Tyv\u00e4rr har han ocks\u00e5 st\u00e5tt inf\u00f6r h\u00e4lsoproblem som har p\u00e5verkat hans karri\u00e4r. Den senaste tiden har rapporter om att <strong>peter lemarc sjuk<\/strong> kommit fram, vilket v\u00e4ckt oro bland fansen.<\/p>\n<p>I denna artikel kommer vi att utforska de olika aspekterna av hans h\u00e4lsa och hur det kan p\u00e5verka hans musikaliska framtid. Genom att titta p\u00e5 b\u00e5de personliga och professionella utmaningar hoppas vi ge en b\u00e4ttre f\u00f6rst\u00e5else f\u00f6r situationen. Peter Lemarcs bidrag till musiken \u00e4r ov\u00e4rderligt, men nu m\u00e5ste vi ocks\u00e5 ta h\u00e4nsyn till hans v\u00e4lbefinnande.<\/p>\n<p>H\u00e4lsoproblem \u00e4r n\u00e5got som m\u00e5nga artister k\u00e4mpar med, men det blir s\u00e4rskilt tydligt n\u00e4r det g\u00e4ller personer i offentligheten. Det \u00e4r viktigt att respektera deras integritet samtidigt som vi visar v\u00e5rt st\u00f6d. Genom att dela med oss av information om <strong>peter lemarc sjuk<\/strong>, kan vi bidra till \u00f6kad medvetenhet kring vikten av mental och fysisk h\u00e4lsa inom musikbranschen.<\/p>\n<p>P\u00e5 grund av sin sjukdom har han varit tvungen att st\u00e4lla in flera konserter, vilket sj\u00e4lvklart p\u00e5verkar b\u00e5de honom och hans trogna fans. Att f\u00e5 veta mer om hur han m\u00e5r ger oss alla m\u00f6jlighet att skicka positiva tankar och energi i sv\u00e5ra tider.<\/p>\n<h2>Psykisk H\u00e4lsa<\/h2>\n<p>Psykisk h\u00e4lsa spelar en avg\u00f6rande roll f\u00f6r alla m\u00e4nniskor, inklusive artister som Peter Lemarc. Sjukdomar s\u00e5som depression eller \u00e5ngest kan ha stor inverkan p\u00e5 kreativiteten och arbetsf\u00f6rm\u00e5gan hos musiker. Det \u00e4r ingen hemlighet att pressen fr\u00e5n branschen ibland kan bli \u00f6verv\u00e4ldigande, vilket kan leda till sv\u00e5righeter med psykiskt v\u00e4lbefinnande.<\/p>\n<p>N\u00e4r man pratar om <strong>peter lemarc sjuk<\/strong>, handlar det inte bara om fysiska symptom utan ocks\u00e5 om hur han mentalt bearbetar sin situation. M\u00e5nga artister delar sina erfarenheter f\u00f6r att lyfta fr\u00e5gan om psykisk oh\u00e4lsa, n\u00e5got som verkligen beh\u00f6vs idag.<\/p>\n<p>I takt med \u00f6kad medvetenhet kring psykisk oh\u00e4lsa finns det fler resurser \u00e4n n\u00e5gonsin tidigare f\u00f6r dem som beh\u00f6ver hj\u00e4lp. Peter Lemarc kanske \u00e4ven s\u00f6ker st\u00f6d genom professionella terapeuter eller grupper d\u00e4r han kan dela sina k\u00e4nslor anonymt.<\/p>\n<p>Samh\u00e4llet b\u00f6r st\u00e4lla upp f\u00f6r varandra i dessa sv\u00e5ra tider; \u00e4ven fansens k\u00e4rlek kan vara en viktig del av l\u00e4kningsprocessen n\u00e4r man k\u00e4nner sig nedst\u00e4md eller isolerad under perioder av <strong>peter lemarc sjuk<\/strong>.<\/p>\n<h2>Kroppslig H\u00e4lsa<\/h2>\n<p><\/p>\n<div id='video-container' data-video-id='bifoR1jJ4lY' style='width:100%; height:auto; max-width:587px; position: relative;'>\n<div class='image-video-plugin' style='background:url(\"https:\/\/img.youtube.com\/vi\/bifoR1jJ4lY\/0.jpg\") center no-repeat; background-size: cover;'><\/div>\n<p>        <span class='youtube-play-button'><\/span><br \/>\n        <noscript><a href=\"https:\/\/www.youtube.com\/watch?v=bifoR1jJ4lY\" target=\"_blank\" rel=\"noopener\">Play on YouTube<\/a><\/noscript>\n    <\/div>\n<p><\/p>\n<p>Kroppslig h\u00e4lsa g\u00e5r hand i hand med den psykiska aspekten n\u00e4r det kommer till artisters livsstil. Regelbundna konserter kr\u00e4ver mycket energi och uth\u00e5llighet, n\u00e5got som blir sv\u00e5rt vid d\u00e5lig h\u00e4lsa. F\u00f6r Peter Lemarc inneb\u00e4r detta stora utmaningar just nu; hur ska han kunna uppr\u00e4tth\u00e5lla sin fysiska kondition?<\/p>\n<p>Sjukdomar kan ofta begr\u00e4nsa ens r\u00f6relsefrihet eller energiniv\u00e5er kraftigt, vilket s\u00e4tter fokus p\u00e5 behovet av rehabilitering och \u00e5terh\u00e4mtningstid efter varje incident av <strong>peter lemarc sjuk<\/strong>. Det finns dock hopp; m\u00e5nga artister hittar s\u00e4tt att anpassa sina scheman efter sina behov f\u00f6r b\u00e4ttre balans mellan arbete och vila.<\/p>\n<p>M\u00f6jligheten till f\u00f6r\u00e4ndringar i kosth\u00e5llning samt regelbunden tr\u00e4ning kan spela stor roll i \u00e5terh\u00e4mtningen fr\u00e5n kroppsliga besv\u00e4r. Kanske f\u00e5r vi se Peter Lemarc fokusera mer p\u00e5 dessa omr\u00e5den fram\u00f6ver? Att tala \u00f6ppet om s\u00e5dana fr\u00e5gor hj\u00e4lper andra inom branschen ocks\u00e5!<\/p>\n<p>Ett exempel \u00e4r den \u00f6kade populariteten hos mindfulness-\u00f6vningar bland kreativa individer; s\u00e5dana metoder hj\u00e4lper m\u00e5nga hitta lugn mitt i stormens \u00f6ga relaterat till <strong>peter lemarc sjuk<\/strong>.<\/p>\n<h2>Kreativ Process Under Sjukdom<\/h2>\n<p>Sj\u00e4lva skapandet av musik \u00e4r ofta kopplat till konstn\u00e4rens emotionella status; d\u00e4rf\u00f6r v\u00e4cker Peter Lemarcs situation fr\u00e5gor kring hans fortsatta kreativitet under perioder av oh\u00e4lsa. Kan man fortfarande skriva l\u00e5tar n\u00e4r man k\u00e4mpar mot motg\u00e5ngarna? Svaret ligger oftast hos individen sj\u00e4lv.<\/p>\n<p>M\u00e5nga artister finner inspiration \u00e4ven ur sina sv\u00e5raste stunder; kanske kommer nya l\u00e5tar fr\u00e5n k\u00e4nslan kring den aktuella situationen med <strong>peter lemarc sjuk<\/strong>. Musik fungerar ibland n\u00e4stan terapeutiskt \u2013 ett s\u00e4tt att bearbeta sorg eller frustration genom skapandet ist\u00e4llet f\u00f6r tystnad!<\/p>\n<p>Nya album d\u00e4r teman ber\u00f6rs ur olika perspektiv erbjuder b\u00e5de artisten sj\u00e4lv men ocks\u00e5 publiken m\u00f6jlighet till reflektion g\u00e4llande livets utmaningar generellt sett; s\u00e5nger skrivna under s\u00e5dana betingelser tenderar ofta vara mer genuina \u00e4n andra.<\/p>\n<p>Dessutom erbjuder sociala medier plattformar d\u00e4r dessa tankar enkelt sprids globalt \u2013 ett s\u00e4tt f\u00f6r fans v\u00e4rlden \u00f6ver komma n\u00e4rmare Peters upplevelser relaterade just nu via #<strong>petermusik#lemarksituation#sjukdom#support#tillsammans <\/strong>.<\/p>\n<h2>Framtiden F\u00f6r Peter Lemarc<\/h2>\n<p>Tillst\u00e5ndet hos Peter Lemarc leder naturligtvis tankarna fram\u00e5t: Hur ser framtiden ut? Kommer han kunna \u00e5terv\u00e4nda starkare \u00e4n n\u00e5gonsin efter sin tid pr\u00e4glad av <strong>peter lemarc sjuk?<\/strong>? M\u00e5nga hoppas verkligen p\u00e5 detta! Fans v\u00e4ntar ivrigt p\u00e5 nya projekt samt turn\u00e9er.<\/p>\n<p>Ett eventuellt comeback-album skulle s\u00e4kert bli uppskattat eftersom publicering alltid skapar buzz runt artistens namn igen \u2013 speciellt ifall texterna bjuder in lyssnarna inuti hj\u00e4rtat bakom allt lidande! Varje nytt sl\u00e4pp ger hopp oavsett vad livet bjudit hittills!<\/p>\n<p>Brist p\u00e5 konsertupptr\u00e4danden f\u00e5r oss t\u00e4nka l\u00e4ngre \u00e4n bara nutiden; viljan hos publiken finns d\u00e4r! Kanske blir liveframtr\u00e4danden mer betydelsefulla \u00e4n f\u00f6rr n\u00e4r de v\u00e4l intr\u00e4ffar igen? Tider f\u00f6r\u00e4ndras konstant men k\u00e4rleken kvarst\u00e5r \u00e4nd\u00e5 alltid oavsett vad happen!<\/p>\n<p>D\u00e4rf\u00f6r ser m\u00e5nga fram emot n\u00e4sta steg! Med lite tur f\u00e5r vi snart se en ny era b\u00f6rja f\u00f6r v\u00e5r k\u00e4re v\u00e4n &#8211; musiken forts\u00e4tter leva vidare genom allas hj\u00e4rtan oavsett hinder kopplade direkt mot dagens verklighet relaterad just nu via ordet <strong> petersituationen <\/ strong><\/ p ><\/p>\n<h2>K\u00e4llor Till Information Om Peter Lemarc Sjukdomar <\/h2>\n<h2>Peter Lemarc sjuk \u2013 En \u00d6versikt av Hans H\u00e4lsa<\/h2>\n<h2>K\u00e4llor Till Information Om Peter Lemarc Sjukdomar<\/h2>\n<p>F\u00f6r att f\u00f6rst\u00e5 mer om <strong>peter lemarc sjuk<\/strong> och hans h\u00e4lsotillst\u00e5nd \u00e4r det viktigt att referera till p\u00e5litliga k\u00e4llor. M\u00e5nga nyhetsartiklar och intervjuer har publicerats som belyser hans situation. Dessa k\u00e4llor ger insikter i hur hans sjukdom p\u00e5verkar b\u00e5de honom och hans karri\u00e4r. Att h\u00e5lla sig informerad \u00e4r avg\u00f6rande f\u00f6r fans och intresserade.<\/p>\n<p>Enligt en artikel p\u00e5 Wikipedia kan vi se hur olika faktorer p\u00e5verkar artistens liv. H\u00e4lsoproblem kan ha stor inverkan p\u00e5 kreativiteten och produktiviteten hos musiker som <strong>peter lemarc sjuk<\/strong>. Det \u00e4r ocks\u00e5 v\u00e4rt att notera hur s\u00e5dana utmaningar kan f\u00f6r\u00e4ndra ens syn p\u00e5 livet.<\/p>\n<p>N\u00e5gra nyheter har \u00e4ven rapporterat om <strong>peter lemarc sjukdomstillst\u00e5nd<\/strong>, vilket g\u00f6r det tydligt att detta \u00e4mne engagerar m\u00e5nga. Intervjuer med n\u00e4ra v\u00e4nner eller kollegor ger ofta en djupare f\u00f6rst\u00e5else f\u00f6r situationen. Det finns ocks\u00e5 forum d\u00e4r fans diskuterar hans h\u00e4lsa, vilket visar hur mycket han betyder f\u00f6r dem.<\/p>\n<p>D\u00e4rf\u00f6r \u00e4r det viktigt att alltid kontrollera fakta n\u00e4r man l\u00e4ser om <strong>peter lemarc sjuk<\/strong>. Genom att anv\u00e4nda betrodda k\u00e4llor kan vi f\u00e5 en mer realistisk bild av vad som verkligen sker i hans liv.<\/p>\n<h3>Peters Sjukdomshistoria<\/h3>\n<p>Peters historia med h\u00e4lsoproblem str\u00e4cker sig \u00f6ver flera \u00e5r, d\u00e4r han st\u00f6tt p\u00e5 olika utmaningar. Varje episod har haft en inverkan p\u00e5 hans karri\u00e4r och personliga liv. Detta skapar ett m\u00f6nster av motg\u00e5ngar men ocks\u00e5 styrka genom musikaliska uttryck. Med tiden har han l\u00e4rt sig leva med sin situation.<\/p>\n<p>Ett flertal intervjuer har belyst hur dessa problem p\u00e5verkar skapandet av ny musik. M\u00e5nga l\u00e5tar har skrivits under sv\u00e5ra perioder, vilket ger dem en s\u00e4rskild k\u00e4nsla av \u00e4kthet. Fansen relaterar ofta starkt till texterna, eftersom de speglar Peters kamp med sin h\u00e4lsa.<\/p>\n<p>I medierna diskuteras \u00e4ven vikten av mental h\u00e4lsa i samband med fysiska \u00e5kommor som drabbar <strong>peter lemarc sjuk<\/strong>. Genom \u00f6ppna samtal bidrar han till \u00f6kad medvetenhet kring dessa fr\u00e5gor, n\u00e5got som m\u00e5nga uppskattar.<\/p>\n<h3><span class=\"ez-toc-section\" id=\"Peters_Rehabilitering_och_Aterhamtning\"><\/span>Peters Rehabilitering och \u00c5terh\u00e4mtning<span class=\"ez-toc-section-end\"><\/span><\/h3>\n<p><strong>Peters rehabilitering<\/strong> efter sina sjukdomsepisoder \u00e4r ett centralt tema i ber\u00e4ttelsen om honom. Han arbetar aktivt f\u00f6r att \u00e5terf\u00e5 sin styrka och energi, vilket inte alltid \u00e4r l\u00e4tt. Denna process involverar b\u00e5de fysisk tr\u00e4ning och mental fokusering f\u00f6r att n\u00e5 sina m\u00e5l igen.<\/p>\n<p>M\u00e5nga m\u00e4nniskor inspireras av Peters beslutsamhet i sv\u00e5ra tider, s\u00e4rskilt n\u00e4r det kommer till musiken.<\/p>\n<p>Nya projekt har sett dagens ljus tack vare den motivation han finner genom sina utmaningar.<\/p>\n<p>I takt med framsteg inom rehabiliteringen b\u00f6rjar nya l\u00e5tar ta form, vilka handlar om kampen mot motg\u00e5ngarna.<\/p>\n<p>Dessa l\u00e5tar fungerar som terapi b\u00e5de f\u00f6r honom sj\u00e4lv och lyssnarna, vilket skapar en djupare kontakt mellan artist och publik.<\/p>\n<h3><span class=\"ez-toc-section\" id=\"Peters_Stod_fran_Fansen\"><\/span>Peters St\u00f6d fr\u00e5n Fansen <span class=\"ez-toc-section-end\"><\/span><\/h3>\n<p>Ett stort st\u00f6d fr\u00e5n fansen kan g\u00f6ra skillnad n\u00e4r n\u00e5gon g\u00e5r igenom sv\u00e5righeter.<\/p>\n<p>Peters h\u00e4ngivna f\u00f6ljarskara visar stor omtanke genom sociala medier d\u00e4r de uttrycker sitt st\u00f6d.<\/p>\n<p>Dessa interaktioner spelar en viktig roll i hans \u00e5terh\u00e4mtning fr\u00e5n <strong>sjukdomarna<\/strong>.<\/p>\n<p>M\u00e5nga fans delar ocks\u00e5 sina egna historier om kamp mot liknande problem,<\/p>\n<p>d\u00e4rigenom skapas gemenskap kring deras beundran f\u00f6r artisten.<\/p>\n<p>This connection helps to lift spirits and inspire creativity for Peter Lemarc as he navigates his health challenges.<\/p>\n<h2><span class=\"ez-toc-section\" id=\"Peters_Musik_Under_Sjukdomen\"><\/span>Peters Musik Under Sjukdomen <span class=\"ez-toc-section-end\"><\/span><\/h2>\n<p>Kreativitet under pressade tider kan resultera i fantastiska verk,<\/p>\n<p>s\u00e4rskilt n\u00e4r artister skriver ur sina hj\u00e4rtan<em>.<\/em>The music that has emerged during this period is filled with emotion and depth,<em><\/em>a testament to his resilience through adversity .<em><\/em><\/P><\/P>A recent album release reflects the struggles of being<strong > pettler marc sick <\/ strong >and how he channels these experiences into art .< strong >Through his lyrics , he shares a piece of himself with the world .< \/ p ><\/ p ><\/p>\n<h3>Nya L\u00e5ttexter Inspirerade av Utmaningar <\/ h 3 ><br \/>\n< p > Poesin blir djupare ju mer man k\u00e4mpar ,< br \/>och Peters nya texter \u00e5terspeglar verkligen detta . M\u00f6rkret blandas med hopp , n\u00e5got m\u00e5nga lyssnare finner tr\u00f6stande . Varje rad ber\u00e4ttar en historia om strid , men ocks\u00e5 viljan att forts\u00e4tta fram\u00e5t . Texterna blir ett slags terapi , b\u00e5de f\u00f6r honom sj\u00e4lv och publiken omkring honom . <\/ p ><br \/>\n< p > Att utforska s\u00e5dana teman hj\u00e4lper inte bara Peter utan \u00e4ven de som lider av liknande bekymmer ; genom musiken k\u00e4nns ingen ensam . Hans texter ber\u00f6r \u00e4mnen kring kampen mot osynlig sm\u00e4rta . De erbjuder perspektiv p\u00e5 livet trots utmaningarna , n\u00e5got vi alla beh\u00f6ver h\u00f6ra ibland .  <\/ p ><\/p>\n<h3>Tillbakablick P\u00e5 Tidigare Album <\/ h 3 ><br \/>\n< p > N\u00e4r man ser tillbaka p\u00e5 tidigare album blir det tydligt hur mycket de reflekterade \u00f6ver Peters liv vid den tidpunkten ; varje skiva bjuder in oss till olika kapitel i hans resa . Det finns l\u00e5tar fyllda av gl\u00e4dje men \u00e4ven sorg , allt beroende p\u00e5 vad han gick igenom d\u00e5 ; kanske var vissa skapade mitt under perioden d\u00e5<strong > peter lemarc sjukhusvistelse <\/ strong ><\/ P ><br \/>\n< P > Lyssnaren f\u00e5r ta del av dessa upplevelser samtidigt som hon f\u00e5r k\u00e4nna igen sig sj\u00e4lv; m\u00e5nga k\u00e4nner igen sin egen kamp genom Peters \u00f6gon under \u00e5ren ! Denna gemensamma upplevelse binder samman artisten o ch publiken tightare \u00e4n n\u00e5gonsin f\u00f6rr !  <\/ P ><\/p>\n<h2>Samh\u00e4llets Respons P\u00e5 Peter Lemarc Sjukdomar <\/ h 2 ><br \/>\n< p > Reaktionen fr\u00e5n samh\u00e4llet ang\u00e5ende<strong > peter lemarc sjuka status <\/ strong ><\/ P >< \/ br \/> Har varit stark; media s\u00e4nder regelbundet uppdateringar snarast m\u00f6jligt vid viktiga h\u00e4ndelser ! Folk engageras inte bara via sociala plattformar utan \u00e4ven livekonserter! Dessa evenemang blir s\u00e4ttet m\u00e4nniskor visar sitt st\u00f6d! Genom donationer st\u00f6der fans organisationer relaterade direkt kopplad till nedsatt funktionsf\u00f6rm\u00e5ga&hellip;<\/P ><\/p>\n<div id=\"ez-toc-container\" class=\"ez-toc-v2_0_82_2 ez-toc-wrap-center counter-hierarchy ez-toc-counter ez-toc-grey ez-toc-container-direction\">\n<div class=\"ez-toc-title-container\">\n<div class=\"ez-toc-title\" style=\"cursor:inherit\">Table of Contents<\/div>\n<span class=\"ez-toc-title-toggle\"><a href=\"#\" class=\"ez-toc-pull-right ez-toc-btn ez-toc-btn-xs ez-toc-btn-default ez-toc-toggle\" aria-label=\"Alternar tabla de contenidos\"><span class=\"ez-toc-js-icon-con\"><span class=\"\"><span class=\"eztoc-hide\" style=\"display:none;\">Toggle<\/span><span class=\"ez-toc-icon-toggle-span\"><svg style=\"fill: #999;color:#999\" xmlns=\"http:\/\/www.w3.org\/2000\/svg\" class=\"list-377408\" width=\"20px\" height=\"20px\" viewBox=\"0 0 24 24\" fill=\"none\"><path d=\"M6 6H4v2h2V6zm14 0H8v2h12V6zM4 11h2v2H4v-2zm16 0H8v2h12v-2zM4 16h2v2H4v-2zm16 0H8v2h12v-2z\" fill=\"currentColor\"><\/path><\/svg><svg style=\"fill: #999;color:#999\" class=\"arrow-unsorted-368013\" xmlns=\"http:\/\/www.w3.org\/2000\/svg\" width=\"10px\" height=\"10px\" viewBox=\"0 0 24 24\" version=\"1.2\" baseProfile=\"tiny\"><path d=\"M18.2 9.3l-6.2-6.3-6.2 6.3c-.2.2-.3.4-.3.7s.1.5.3.7c.2.2.4.3.7.3h11c.3 0 .5-.1.7-.3.2-.2.3-.5.3-.7s-.1-.5-.3-.7zM5.8 14.7l6.2 6.3 6.2-6.3c.2-.2.3-.5.3-.7s-.1-.5-.3-.7c-.2-.2-.4-.3-.7-.3h-11c-.3 0-.5.1-.7.3-.2.2-.3.5-.3.7s.1.5.3.7z\"\/><\/svg><\/span><\/span><\/span><\/a><\/span><\/div>\n<nav><ul class='ez-toc-list ez-toc-list-level-1 eztoc-toggle-hide-by-default' ><li class='ez-toc-page-1 ez-toc-heading-level-2'><a class=\"ez-toc-link ez-toc-heading-1\" href=\"https:\/\/goroskop.tv\/sw\/peter-lemarc-sjuk\/#Peter_Lemarc_Sjuk_En_Inblick_i_Halsoproblem\" >Peter Lemarc Sjuk: En Inblick i H\u00e4lsoproblem<\/a><\/li><li class='ez-toc-page-1 ez-toc-heading-level-2'><a class=\"ez-toc-link ez-toc-heading-2\" href=\"https:\/\/goroskop.tv\/sw\/peter-lemarc-sjuk\/#Peters_Halsotillstand\" >Peters H\u00e4lsotillst\u00e5nd<\/a><ul class='ez-toc-list-level-3' ><li class='ez-toc-heading-level-3'><a class=\"ez-toc-link ez-toc-heading-3\" href=\"https:\/\/goroskop.tv\/sw\/peter-lemarc-sjuk\/#Psykologiska_Effekter\" >Psykologiska Effekter<\/a><\/li><li class='ez-toc-page-1 ez-toc-heading-level-3'><a class=\"ez-toc-link ez-toc-heading-4\" href=\"https:\/\/goroskop.tv\/sw\/peter-lemarc-sjuk\/#Konsultation_med_Lakare\" >Konsultation med L\u00e4kare<\/a><\/li><li class='ez-toc-page-1 ez-toc-heading-level-3'><a class=\"ez-toc-link ez-toc-heading-5\" href=\"https:\/\/goroskop.tv\/sw\/peter-lemarc-sjuk\/#Aktivitet_under_Sjukdomstiden\" >Aktivitet under Sjukdomstiden<\/a><\/li><\/ul><\/li><li class='ez-toc-page-1 ez-toc-heading-level-2'><a class=\"ez-toc-link ez-toc-heading-6\" href=\"https:\/\/goroskop.tv\/sw\/peter-lemarc-sjuk\/#Peters_Stodjande_Natverk\" >Peters St\u00f6djande N\u00e4tverk<\/a><ul class='ez-toc-list-level-3' ><li class='ez-toc-heading-level-3'><a class=\"ez-toc-link ez-toc-heading-7\" href=\"https:\/\/goroskop.tv\/sw\/peter-lemarc-sjuk\/#Kollegernas_Engagemang\" >Kollegernas Engagemang<\/a><\/li><li class='ez-toc-page-1 ez-toc-heading-level-3'><a class=\"ez-toc-link ez-toc-heading-8\" href=\"https:\/\/goroskop.tv\/sw\/peter-lemarc-sjuk\/#Samhallets_Respons_Samhallet_svarade_snabbt_nar_nyheterna_spreds_via_social_media_radio_TV_rapportering_genererade_stora_diskussioner_angaende_mental_ohalsa_artistlivets_provningar_Fans_visade_sitt_stod_genom_olika_plattformar_skickade_blommorkort_etc_medan_nagra_startade_insamlingar_%3C_p_%3EDetta_engagemang_speglar_hur_manniskor_bryr_sig_verkligen_om_varandra_%E2%80%93_inte_bara_offentligt_men_privat_ocksa_Att_veta_nagon_star_bakom_dig_gor_stor_skillnad_da_livet_kanns_tungt_%3C_p_%3EAllmanheten_blir_alltmer_medveten_om_sadana_fragor_tack_vare_artisterna_sjalva_deras_modiga_berattelser_inspirerar_fler_individer_varje_dag_Kallor_och_Information_For_mer_information_gallande_amnet_hanvisas_lasarna_garna_vidare_hit_Wikipedia_%E2%80%93_Peter_Lemarc_SVT_Kultur_%E2%80%93_Om_Halsa_Aftonbladet_%E2%80%93_Intervju_angaende_Halsan_Dessa_resurser_erbjuder_djupgaende_analyser_samt_aktuella_nyheter_rorande_Peters_liv_karriar_sjukhistorik_Och_avslutningsvis_vill_vi_poangtera_vikten_vid_spridning_omkring_mental_ohalsa_%E2%80%93_ingen_ska_behova_kanna_sig_ensam_vid_sadana_stunder_Bakgrund_och_Karriar_Peter_Lemarc_sjuk_%E2%80%93_En_blick_pa_hans_liv_och_karriar_Peter_Lemarc_ar_en_valkand_svensk_sangare_och_latskrivare_som_har_paverkat_musikscenen_sedan_1990-talet_Hans_unika_stil_och_djupa_texter_har_gjort_honom_till_en_alskad_artist_bland_manga_Tyvarr_har_han_ocksa_statt_infor_halsoproblem_som_har_paverkat_hans_karriar_Den_senaste_tiden_har_rapporter_om_att_peter_lemarc_sjuk_kommit_fram_vilket_vackt_oro_bland_fansen_I_denna_artikel_kommer_vi_att_utforska_de_olika_aspekterna_av_hans_halsa_och_hur_det_kan_paverka_hans_musikaliska_framtid_Genom_att_titta_pa_bade_personliga_och_professionella_utmaningar_hoppas_vi_ge_en_battre_forstaelse_for_situationen_Peter_Lemarcs_bidrag_till_musiken_ar_ovarderligt_men_nu_maste_vi_ocksa_ta_hansyn_till_hans_valbefinnande_Halsoproblem_ar_nagot_som_manga_artister_kampar_med_men_det_blir_sarskilt_tydligt_nar_det_galler_personer_i_offentligheten_Det_ar_viktigt_att_respektera_deras_integritet_samtidigt_som_vi_visar_vart_stod_Genom_att_dela_med_oss_av_information_om_peter_lemarc_sjuk_kan_vi_bidra_till_okad_medvetenhet_kring_vikten_av_mental_och_fysisk_halsa_inom_musikbranschen_Pa_grund_av_sin_sjukdom_har_han_varit_tvungen_att_stalla_in_flera_konserter_vilket_sjalvklart_paverkar_bade_honom_och_hans_trogna_fans_Att_fa_veta_mer_om_hur_han_mar_ger_oss_alla_mojlighet_att_skicka_positiva_tankar_och_energi_i_svara_tider_Psykisk_Halsa_Psykisk_halsa_spelar_en_avgorande_roll_for_alla_manniskor_inklusive_artister_som_Peter_Lemarc_Sjukdomar_sasom_depression_eller_angest_kan_ha_stor_inverkan_pa_kreativiteten_och_arbetsformagan_hos_musiker_Det_ar_ingen_hemlighet_att_pressen_fran_branschen_ibland_kan_bli_overvaldigande_vilket_kan_leda_till_svarigheter_med_psykiskt_valbefinnande_Nar_man_pratar_om_peter_lemarc_sjuk_handlar_det_inte_bara_om_fysiska_symptom_utan_ocksa_om_hur_han_mentalt_bearbetar_sin_situation_Manga_artister_delar_sina_erfarenheter_for_att_lyfta_fragan_om_psykisk_ohalsa_nagot_som_verkligen_behovs_idag_I_takt_med_okad_medvetenhet_kring_psykisk_ohalsa_finns_det_fler_resurser_an_nagonsin_tidigare_for_dem_som_behover_hjalp_Peter_Lemarc_kanske_aven_soker_stod_genom_professionella_terapeuter_eller_grupper_dar_han_kan_dela_sina_kanslor_anonymt_Samhallet_bor_stalla_upp_for_varandra_i_dessa_svara_tider_aven_fansens_karlek_kan_vara_en_viktig_del_av_lakningsprocessen_nar_man_kanner_sig_nedstamd_eller_isolerad_under_perioder_av_peter_lemarc_sjuk_Kroppslig_Halsa_Play_on_YouTube_Kroppslig_halsa_gar_hand_i_hand_med_den_psykiska_aspekten_nar_det_kommer_till_artisters_livsstil_Regelbundna_konserter_kraver_mycket_energi_och_uthallighet_nagot_som_blir_svart_vid_dalig_halsa_For_Peter_Lemarc_innebar_detta_stora_utmaningar_just_nu_hur_ska_han_kunna_uppratthalla_sin_fysiska_kondition_Sjukdomar_kan_ofta_begransa_ens_rorelsefrihet_eller_energinivaer_kraftigt_vilket_satter_fokus_pa_behovet_av_rehabilitering_och_aterhamtningstid_efter_varje_incident_av_peter_lemarc_sjuk_Det_finns_dock_hopp_manga_artister_hittar_satt_att_anpassa_sina_scheman_efter_sina_behov_for_battre_balans_mellan_arbete_och_vila_Mojligheten_till_forandringar_i_kosthallning_samt_regelbunden_traning_kan_spela_stor_roll_i_aterhamtningen_fran_kroppsliga_besvar_Kanske_far_vi_se_Peter_Lemarc_fokusera_mer_pa_dessa_omraden_framover_Att_tala_oppet_om_sadana_fragor_hjalper_andra_inom_branschen_ocksa_Ett_exempel_ar_den_okade_populariteten_hos_mindfulness-ovningar_bland_kreativa_individer_sadana_metoder_hjalper_manga_hitta_lugn_mitt_i_stormens_oga_relaterat_till_peter_lemarc_sjuk_Kreativ_Process_Under_Sjukdom_Sjalva_skapandet_av_musik_ar_ofta_kopplat_till_konstnarens_emotionella_status_darfor_vacker_Peter_Lemarcs_situation_fragor_kring_hans_fortsatta_kreativitet_under_perioder_av_ohalsa_Kan_man_fortfarande_skriva_latar_nar_man_kampar_mot_motgangarna_Svaret_ligger_oftast_hos_individen_sjalv_Manga_artister_finner_inspiration_aven_ur_sina_svaraste_stunder_kanske_kommer_nya_latar_fran_kanslan_kring_den_aktuella_situationen_med_peter_lemarc_sjuk_Musik_fungerar_ibland_nastan_terapeutiskt_%E2%80%93_ett_satt_att_bearbeta_sorg_eller_frustration_genom_skapandet_istallet_for_tystnad_Nya_album_dar_teman_berors_ur_olika_perspektiv_erbjuder_bade_artisten_sjalv_men_ocksa_publiken_mojlighet_till_reflektion_gallande_livets_utmaningar_generellt_sett_sanger_skrivna_under_sadana_betingelser_tenderar_ofta_vara_mer_genuina_an_andra_Dessutom_erbjuder_sociala_medier_plattformar_dar_dessa_tankar_enkelt_sprids_globalt_%E2%80%93_ett_satt_for_fans_varlden_over_komma_narmare_Peters_upplevelser_relaterade_just_nu_via_petermusiklemarksituationsjukdomsupporttillsammans_Framtiden_For_Peter_Lemarc_Tillstandet_hos_Peter_Lemarc_leder_naturligtvis_tankarna_framat_Hur_ser_framtiden_ut_Kommer_han_kunna_atervanda_starkare_an_nagonsin_efter_sin_tid_praglad_av_peter_lemarc_sjuk_Manga_hoppas_verkligen_pa_detta_Fans_vantar_ivrigt_pa_nya_projekt_samt_turneer_Ett_eventuellt_comeback-album_skulle_sakert_bli_uppskattat_eftersom_publicering_alltid_skapar_buzz_runt_artistens_namn_igen_%E2%80%93_speciellt_ifall_texterna_bjuder_in_lyssnarna_inuti_hjartat_bakom_allt_lidande_Varje_nytt_slapp_ger_hopp_oavsett_vad_livet_bjudit_hittills_Brist_pa_konsertupptradanden_far_oss_tanka_langre_an_bara_nutiden_viljan_hos_publiken_finns_dar_Kanske_blir_liveframtradanden_mer_betydelsefulla_an_forr_nar_de_val_intraffar_igen_Tider_forandras_konstant_men_karleken_kvarstar_anda_alltid_oavsett_vad_happen_Darfor_ser_manga_fram_emot_nasta_steg_Med_lite_tur_far_vi_snart_se_en_ny_era_borja_for_var_kare_van_%E2%80%93_musiken_fortsatter_leva_vidare_genom_allas_hjartan_oavsett_hinder_kopplade_direkt_mot_dagens_verklighet_relaterad_just_nu_via_ordet_petersituationen_Kallor_Till_Information_Om_Peter_Lemarc_Sjukdomar_Peter_Lemarc_sjuk_%E2%80%93_En_Oversikt_av_Hans_Halsa_Kallor_Till_Information_Om_Peter_Lemarc_Sjukdomar_For_att_forsta_mer_om_peter_lemarc_sjuk_och_hans_halsotillstand_ar_det_viktigt_att_referera_till_palitliga_kallor_Manga_nyhetsartiklar_och_intervjuer_har_publicerats_som_belyser_hans_situation_Dessa_kallor_ger_insikter_i_hur_hans_sjukdom_paverkar_bade_honom_och_hans_karriar_Att_halla_sig_informerad_ar_avgorande_for_fans_och_intresserade_Enligt_en_artikel_pa_Wikipedia_kan_vi_se_hur_olika_faktorer_paverkar_artistens_liv_Halsoproblem_kan_ha_stor_inverkan_pa_kreativiteten_och_produktiviteten_hos_musiker_som_peter_lemarc_sjuk_Det_ar_ocksa_vart_att_notera_hur_sadana_utmaningar_kan_forandra_ens_syn_pa_livet_Nagra_nyheter_har_aven_rapporterat_om_peter_lemarc_sjukdomstillstand_vilket_gor_det_tydligt_att_detta_amne_engagerar_manga_Intervjuer_med_nara_vanner_eller_kollegor_ger_ofta_en_djupare_forstaelse_for_situationen_Det_finns_ocksa_forum_dar_fans_diskuterar_hans_halsa_vilket_visar_hur_mycket_han_betyder_for_dem_Darfor_ar_det_viktigt_att_alltid_kontrollera_fakta_nar_man_laser_om_peter_lemarc_sjuk_Genom_att_anvanda_betrodda_kallor_kan_vi_fa_en_mer_realistisk_bild_av_vad_som_verkligen_sker_i_hans_liv_Peters_Sjukdomshistoria\" >Samh\u00e4llets Respons   \nSamh\u00e4llet svarade snabbt n\u00e4r nyheterna spreds , via social media , radio &#038; TV rapportering genererade stora diskussioner ang\u00e5ende mental oh\u00e4lsa &#038; artistlivets pr\u00f6vningar  . Fans visade sitt st\u00f6d genom olika plattformar , skickade blommor\/kort etc.,  medan n\u00e5gra startade insamlingar . < p >Detta engagemang speglar hur m\u00e4nniskor bryr sig verkligen om varandra &#8211; inte bara offentligt men privat ocks\u00e5! Att veta n\u00e5gon st\u00e5r bakom dig g\u00f6r stor skillnad d\u00e5 livet k\u00e4nns tungt !  < p >Allm\u00e4nheten blir alltmer medveten om s\u00e5dana fr\u00e5gor tack vare artisterna sj\u00e4lva ; deras modiga ber\u00e4ttelser inspirerar fler individer varje dag !   \nK\u00e4llor och Information   \nF\u00f6r mer information g\u00e4llande \u00e4mnet h\u00e4nvisas l\u00e4sarna g\u00e4rna vidare hit : \nWikipedia &#8211; Peter Lemarc, \nSVT Kultur &#8211; Om H\u00e4lsa , \nAftonbladet &#8211; Intervju ang\u00e5ende H\u00e4lsan    \n. \nDessa resurser erbjuder djupg\u00e5ende analyser samt aktuella nyheter r\u00f6rande Peters liv , karri\u00e4r &#038; sjukhistorik! \nOch avslutningsvis vill vi po\u00e4ngtera vikten vid spridning omkring mental oh\u00e4lsa \u2013 ingen ska beh\u00f6va k\u00e4nna sig ensam vid s\u00e5dana stunder!\nBakgrund och Karri\u00e4r\nPeter Lemarc sjuk \u2013 En blick p\u00e5 hans liv och karri\u00e4r\nPeter Lemarc \u00e4r en v\u00e4lk\u00e4nd svensk s\u00e5ngare och l\u00e5tskrivare, som har p\u00e5verkat musikscenen sedan 1990-talet. Hans unika stil och djupa texter har gjort honom till en \u00e4lskad artist bland m\u00e5nga. Tyv\u00e4rr har han ocks\u00e5 st\u00e5tt inf\u00f6r h\u00e4lsoproblem som har p\u00e5verkat hans karri\u00e4r. Den senaste tiden har rapporter om att peter lemarc sjuk kommit fram, vilket v\u00e4ckt oro bland fansen.\nI denna artikel kommer vi att utforska de olika aspekterna av hans h\u00e4lsa och hur det kan p\u00e5verka hans musikaliska framtid. Genom att titta p\u00e5 b\u00e5de personliga och professionella utmaningar hoppas vi ge en b\u00e4ttre f\u00f6rst\u00e5else f\u00f6r situationen. Peter Lemarcs bidrag till musiken \u00e4r ov\u00e4rderligt, men nu m\u00e5ste vi ocks\u00e5 ta h\u00e4nsyn till hans v\u00e4lbefinnande.\nH\u00e4lsoproblem \u00e4r n\u00e5got som m\u00e5nga artister k\u00e4mpar med, men det blir s\u00e4rskilt tydligt n\u00e4r det g\u00e4ller personer i offentligheten. Det \u00e4r viktigt att respektera deras integritet samtidigt som vi visar v\u00e5rt st\u00f6d. Genom att dela med oss av information om peter lemarc sjuk, kan vi bidra till \u00f6kad medvetenhet kring vikten av mental och fysisk h\u00e4lsa inom musikbranschen.\nP\u00e5 grund av sin sjukdom har han varit tvungen att st\u00e4lla in flera konserter, vilket sj\u00e4lvklart p\u00e5verkar b\u00e5de honom och hans trogna fans. Att f\u00e5 veta mer om hur han m\u00e5r ger oss alla m\u00f6jlighet att skicka positiva tankar och energi i sv\u00e5ra tider.\nPsykisk H\u00e4lsa\nPsykisk h\u00e4lsa spelar en avg\u00f6rande roll f\u00f6r alla m\u00e4nniskor, inklusive artister som Peter Lemarc. Sjukdomar s\u00e5som depression eller \u00e5ngest kan ha stor inverkan p\u00e5 kreativiteten och arbetsf\u00f6rm\u00e5gan hos musiker. Det \u00e4r ingen hemlighet att pressen fr\u00e5n branschen ibland kan bli \u00f6verv\u00e4ldigande, vilket kan leda till sv\u00e5righeter med psykiskt v\u00e4lbefinnande.\nN\u00e4r man pratar om peter lemarc sjuk, handlar det inte bara om fysiska symptom utan ocks\u00e5 om hur han mentalt bearbetar sin situation. M\u00e5nga artister delar sina erfarenheter f\u00f6r att lyfta fr\u00e5gan om psykisk oh\u00e4lsa, n\u00e5got som verkligen beh\u00f6vs idag.\nI takt med \u00f6kad medvetenhet kring psykisk oh\u00e4lsa finns det fler resurser \u00e4n n\u00e5gonsin tidigare f\u00f6r dem som beh\u00f6ver hj\u00e4lp. Peter Lemarc kanske \u00e4ven s\u00f6ker st\u00f6d genom professionella terapeuter eller grupper d\u00e4r han kan dela sina k\u00e4nslor anonymt.\nSamh\u00e4llet b\u00f6r st\u00e4lla upp f\u00f6r varandra i dessa sv\u00e5ra tider; \u00e4ven fansens k\u00e4rlek kan vara en viktig del av l\u00e4kningsprocessen n\u00e4r man k\u00e4nner sig nedst\u00e4md eller isolerad under perioder av peter lemarc sjuk.\nKroppslig H\u00e4lsa\n\n\n\n         \n        Play on YouTube\n    \n\nKroppslig h\u00e4lsa g\u00e5r hand i hand med den psykiska aspekten n\u00e4r det kommer till artisters livsstil. Regelbundna konserter kr\u00e4ver mycket energi och uth\u00e5llighet, n\u00e5got som blir sv\u00e5rt vid d\u00e5lig h\u00e4lsa. F\u00f6r Peter Lemarc inneb\u00e4r detta stora utmaningar just nu; hur ska han kunna uppr\u00e4tth\u00e5lla sin fysiska kondition?\nSjukdomar kan ofta begr\u00e4nsa ens r\u00f6relsefrihet eller energiniv\u00e5er kraftigt, vilket s\u00e4tter fokus p\u00e5 behovet av rehabilitering och \u00e5terh\u00e4mtningstid efter varje incident av peter lemarc sjuk. Det finns dock hopp; m\u00e5nga artister hittar s\u00e4tt att anpassa sina scheman efter sina behov f\u00f6r b\u00e4ttre balans mellan arbete och vila.\nM\u00f6jligheten till f\u00f6r\u00e4ndringar i kosth\u00e5llning samt regelbunden tr\u00e4ning kan spela stor roll i \u00e5terh\u00e4mtningen fr\u00e5n kroppsliga besv\u00e4r. Kanske f\u00e5r vi se Peter Lemarc fokusera mer p\u00e5 dessa omr\u00e5den fram\u00f6ver? Att tala \u00f6ppet om s\u00e5dana fr\u00e5gor hj\u00e4lper andra inom branschen ocks\u00e5!\nEtt exempel \u00e4r den \u00f6kade populariteten hos mindfulness-\u00f6vningar bland kreativa individer; s\u00e5dana metoder hj\u00e4lper m\u00e5nga hitta lugn mitt i stormens \u00f6ga relaterat till peter lemarc sjuk.\nKreativ Process Under Sjukdom\nSj\u00e4lva skapandet av musik \u00e4r ofta kopplat till konstn\u00e4rens emotionella status; d\u00e4rf\u00f6r v\u00e4cker Peter Lemarcs situation fr\u00e5gor kring hans fortsatta kreativitet under perioder av oh\u00e4lsa. Kan man fortfarande skriva l\u00e5tar n\u00e4r man k\u00e4mpar mot motg\u00e5ngarna? Svaret ligger oftast hos individen sj\u00e4lv.\nM\u00e5nga artister finner inspiration \u00e4ven ur sina sv\u00e5raste stunder; kanske kommer nya l\u00e5tar fr\u00e5n k\u00e4nslan kring den aktuella situationen med peter lemarc sjuk. Musik fungerar ibland n\u00e4stan terapeutiskt \u2013 ett s\u00e4tt att bearbeta sorg eller frustration genom skapandet ist\u00e4llet f\u00f6r tystnad!\nNya album d\u00e4r teman ber\u00f6rs ur olika perspektiv erbjuder b\u00e5de artisten sj\u00e4lv men ocks\u00e5 publiken m\u00f6jlighet till reflektion g\u00e4llande livets utmaningar generellt sett; s\u00e5nger skrivna under s\u00e5dana betingelser tenderar ofta vara mer genuina \u00e4n andra.\nDessutom erbjuder sociala medier plattformar d\u00e4r dessa tankar enkelt sprids globalt \u2013 ett s\u00e4tt f\u00f6r fans v\u00e4rlden \u00f6ver komma n\u00e4rmare Peters upplevelser relaterade just nu via #petermusik#lemarksituation#sjukdom#support#tillsammans .\nFramtiden F\u00f6r Peter Lemarc\nTillst\u00e5ndet hos Peter Lemarc leder naturligtvis tankarna fram\u00e5t: Hur ser framtiden ut? Kommer han kunna \u00e5terv\u00e4nda starkare \u00e4n n\u00e5gonsin efter sin tid pr\u00e4glad av peter lemarc sjuk?? M\u00e5nga hoppas verkligen p\u00e5 detta! Fans v\u00e4ntar ivrigt p\u00e5 nya projekt samt turn\u00e9er.\nEtt eventuellt comeback-album skulle s\u00e4kert bli uppskattat eftersom publicering alltid skapar buzz runt artistens namn igen \u2013 speciellt ifall texterna bjuder in lyssnarna inuti hj\u00e4rtat bakom allt lidande! Varje nytt sl\u00e4pp ger hopp oavsett vad livet bjudit hittills!\nBrist p\u00e5 konsertupptr\u00e4danden f\u00e5r oss t\u00e4nka l\u00e4ngre \u00e4n bara nutiden; viljan hos publiken finns d\u00e4r! Kanske blir liveframtr\u00e4danden mer betydelsefulla \u00e4n f\u00f6rr n\u00e4r de v\u00e4l intr\u00e4ffar igen? Tider f\u00f6r\u00e4ndras konstant men k\u00e4rleken kvarst\u00e5r \u00e4nd\u00e5 alltid oavsett vad happen!\nD\u00e4rf\u00f6r ser m\u00e5nga fram emot n\u00e4sta steg! Med lite tur f\u00e5r vi snart se en ny era b\u00f6rja f\u00f6r v\u00e5r k\u00e4re v\u00e4n &#8211; musiken forts\u00e4tter leva vidare genom allas hj\u00e4rtan oavsett hinder kopplade direkt mot dagens verklighet relaterad just nu via ordet  petersituationen \nK\u00e4llor Till Information Om Peter Lemarc Sjukdomar \nPeter Lemarc sjuk \u2013 En \u00d6versikt av Hans H\u00e4lsa\nK\u00e4llor Till Information Om Peter Lemarc Sjukdomar\nF\u00f6r att f\u00f6rst\u00e5 mer om peter lemarc sjuk och hans h\u00e4lsotillst\u00e5nd \u00e4r det viktigt att referera till p\u00e5litliga k\u00e4llor. M\u00e5nga nyhetsartiklar och intervjuer har publicerats som belyser hans situation. Dessa k\u00e4llor ger insikter i hur hans sjukdom p\u00e5verkar b\u00e5de honom och hans karri\u00e4r. Att h\u00e5lla sig informerad \u00e4r avg\u00f6rande f\u00f6r fans och intresserade.\nEnligt en artikel p\u00e5 Wikipedia kan vi se hur olika faktorer p\u00e5verkar artistens liv. H\u00e4lsoproblem kan ha stor inverkan p\u00e5 kreativiteten och produktiviteten hos musiker som peter lemarc sjuk. Det \u00e4r ocks\u00e5 v\u00e4rt att notera hur s\u00e5dana utmaningar kan f\u00f6r\u00e4ndra ens syn p\u00e5 livet.\nN\u00e5gra nyheter har \u00e4ven rapporterat om peter lemarc sjukdomstillst\u00e5nd, vilket g\u00f6r det tydligt att detta \u00e4mne engagerar m\u00e5nga. Intervjuer med n\u00e4ra v\u00e4nner eller kollegor ger ofta en djupare f\u00f6rst\u00e5else f\u00f6r situationen. Det finns ocks\u00e5 forum d\u00e4r fans diskuterar hans h\u00e4lsa, vilket visar hur mycket han betyder f\u00f6r dem.\nD\u00e4rf\u00f6r \u00e4r det viktigt att alltid kontrollera fakta n\u00e4r man l\u00e4ser om peter lemarc sjuk. Genom att anv\u00e4nda betrodda k\u00e4llor kan vi f\u00e5 en mer realistisk bild av vad som verkligen sker i hans liv.\nPeters Sjukdomshistoria<\/a><\/li><li class='ez-toc-page-1 ez-toc-heading-level-3'><a class=\"ez-toc-link ez-toc-heading-9\" href=\"https:\/\/goroskop.tv\/sw\/peter-lemarc-sjuk\/#Peters_Rehabilitering_och_Aterhamtning\" >Peters Rehabilitering och \u00c5terh\u00e4mtning<\/a><\/li><li class='ez-toc-page-1 ez-toc-heading-level-3'><a class=\"ez-toc-link ez-toc-heading-10\" href=\"https:\/\/goroskop.tv\/sw\/peter-lemarc-sjuk\/#Peters_Stod_fran_Fansen\" >Peters St\u00f6d fr\u00e5n Fansen<\/a><\/li><\/ul><\/li><li class='ez-toc-page-1 ez-toc-heading-level-2'><a class=\"ez-toc-link ez-toc-heading-11\" href=\"https:\/\/goroskop.tv\/sw\/peter-lemarc-sjuk\/#Peters_Musik_Under_Sjukdomen\" >Peters Musik Under Sjukdomen<\/a><\/li><\/ul><\/nav><\/div>\n","protected":false},"excerpt":{"rendered":"<p>Peter Lemarc Sjuk: En Inblick i H\u00e4lsoproblem Den svenska musikern Peter Lemarc har under en tid k\u00e4mpat med sin h\u00e4lsa. Nyheter om hans tillst\u00e5nd har v\u00e4ckt oro bland fans och musik\u00e4lskare. Att vara peter lemarc sjuk p\u00e5verkar inte bara honom personligen, utan \u00e4ven hans karri\u00e4r och framtida projekt. I denna artikel kommer vi att utforska &hellip;<\/p>\n","protected":false},"author":1,"featured_media":780940,"comment_status":"","ping_status":"","sticky":false,"template":"","format":"standard","meta":{"footnotes":""},"categories":[1],"tags":[],"class_list":["post-780939","post","type-post","status-publish","format-standard","has-post-thumbnail","hentry","category-uncategorized"],"_links":{"self":[{"href":"https:\/\/goroskop.tv\/sw\/wp-json\/wp\/v2\/posts\/780939","targetHints":{"allow":["GET"]}}],"collection":[{"href":"https:\/\/goroskop.tv\/sw\/wp-json\/wp\/v2\/posts"}],"about":[{"href":"https:\/\/goroskop.tv\/sw\/wp-json\/wp\/v2\/types\/post"}],"author":[{"embeddable":true,"href":"https:\/\/goroskop.tv\/sw\/wp-json\/wp\/v2\/users\/1"}],"replies":[{"embeddable":true,"href":"https:\/\/goroskop.tv\/sw\/wp-json\/wp\/v2\/comments?post=780939"}],"version-history":[{"count":0,"href":"https:\/\/goroskop.tv\/sw\/wp-json\/wp\/v2\/posts\/780939\/revisions"}],"wp:featuredmedia":[{"embeddable":true,"href":"https:\/\/goroskop.tv\/sw\/wp-json\/wp\/v2\/media\/780940"}],"wp:attachment":[{"href":"https:\/\/goroskop.tv\/sw\/wp-json\/wp\/v2\/media?parent=780939"}],"wp:term":[{"taxonomy":"category","embeddable":true,"href":"https:\/\/goroskop.tv\/sw\/wp-json\/wp\/v2\/categories?post=780939"},{"taxonomy":"post_tag","embeddable":true,"href":"https:\/\/goroskop.tv\/sw\/wp-json\/wp\/v2\/tags?post=780939"}],"curies":[{"name":"wp","href":"https:\/\/api.w.org\/{rel}","templated":true}]}}