{"id":7955,"date":"2023-07-23T03:49:56","date_gmt":"2023-07-23T03:49:56","guid":{"rendered":"https:\/\/goroskop.tv\/sw\/i-vilken-manad-ar-ametisten-stenen-av\/"},"modified":"2023-07-23T03:49:56","modified_gmt":"2023-07-23T03:49:56","slug":"i-vilken-manad-ar-ametisten-stenen-av","status":"publish","type":"post","link":"https:\/\/goroskop.tv\/sw\/i-vilken-manad-ar-ametisten-stenen-av\/","title":{"rendered":"I vilken m\u00e5nad \u00e4r ametisten, stenen av"},"content":{"rendered":"<p><\/p>\n<h2><span class=\"ez-toc-section\" id=\"I_vilken_manad_finns_ametisten_fodelsestenen\"><\/span><span class=\"ez-toc-section\" id=\"%C2%BFEn_que_mes_es_la_amatista_la_piedra_de_nacimiento\"><\/span>  I vilken m\u00e5nad finns ametisten, f\u00f6delsestenen?<span class=\"ez-toc-section-end\"><\/span><span class=\"ez-toc-section-end\"><\/span><\/h2>\n<p>Den lila formen av kvarts k\u00e4nd som ametist, som har fascinerat m\u00e4nniskor i \u00e5rtusenden, \u00e4r din f\u00f6delsesten om du \u00e4r f\u00f6dd i februari. <\/p>\n<p>  Det kan extraheras och tillverkas i ett laboratorium, och dess nyanser fr\u00e5n lavendel till djuplila kan sk\u00e4ras i en m\u00e4ngd olika former och storlekar. <\/p>\n<p>  Asiatiska och europeiska kungafamiljer har ametistsmycken i sina samlingar, som \u00e4r f\u00f6delsestenen f\u00f6r februari. <\/p>\n<p>  Nu har de flesta r\u00e5d. <\/p>\n<p>  \u00d6verv\u00e4g att k\u00f6pa en magnifik ametist till ditt hj\u00e4rtas monark, eller bel\u00f6na dig sj\u00e4lv med en kunglig g\u00e5va. <\/p>\n<p>  Att b\u00e4ra en ametist kan ocks\u00e5 vara ett tecken p\u00e5 inre styrka och sj\u00e4lvf\u00f6rst\u00e4rkning om du fyller \u00e5r i februari.<\/p>\n<h2><span class=\"ez-toc-section\" id=\"Vilken_adelsten_symboliserar_fodelsen_av_varje_manad\"><\/span><span class=\"ez-toc-section\" id=\"%C2%BFQue_piedra_preciosa_simboliza_el_nacimiento_de_cada_mes\"><\/span><span id=\"ezoic-pub-ad-placeholder-144\" class=\"ezoic-adpicker-ad\"><\/span>Vilken \u00e4delsten symboliserar f\u00f6delsen av varje m\u00e5nad?<span class=\"ez-toc-section-end\"><\/span><span class=\"ez-toc-section-end\"><\/span><\/h2>\n<p>Vilka stenar representerar f\u00f6delsen av varje m\u00e5nad?  Granat, ametist, akvamarin, diamant, smaragd, alexandrit, rubin, peridot, safir, turmalin, topas och bl\u00e5 topas \u00e4r de \u00e4delstenar som f\u00f6rknippas med m\u00e5naderna januari till december. <\/p>\n<p>  L\u00e4r dig mer om dessa v\u00e4lk\u00e4nda \u00e4delstenar.<\/p>\n<h3><span class=\"ez-toc-section\" id=\"JanuariGarnet\"><\/span><span class=\"ez-toc-section\" id=\"EneroGranate\"><\/span><span id=\"ezoic-pub-ad-placeholder-149\" class=\"ezoic-adpicker-ad\"><\/span><span class=\"ezoic-ad ezoic-at-0 large-mobile-banner-1 large-mobile-banner-1149 adtester-container adtester-container-149\" data-ez-name=\"hiszodiac_com-large-mobile-banner-1\"><span id=\"div-gpt-ad-hiszodiac_com-large-mobile-banner-1-0\" ezaw=\"250\" ezah=\"250\" style=\"position:relative;z-index:0;display:inline-block;padding:0;width:100%;max-width:1200px;margin-left:auto!important;margin-right:auto!important;min-height:90px;min-width:728px\" class=\"ezoic-ad\"><\/span><\/span>JanuariGarnet<span class=\"ez-toc-section-end\"><\/span><span class=\"ez-toc-section-end\"><\/span><\/h3>\n<p>Granat, januarif\u00f6delsestenen, s\u00e4gs skydda sin \u00e4gare n\u00e4r han reser. <\/p>\n<p>  Eftersom p\u00e4rlan liknar f\u00e4rgen och formen p\u00e5 ett granat\u00e4pplefr\u00f6, kommer namnet \u00abgranat\u00bb fr\u00e5n en term som betyder \u00abfr\u00f6\u00bb.<\/p>\n<h3><span class=\"ez-toc-section\" id=\"Februari_Ametist\"><\/span><span class=\"ez-toc-section\" id=\"FebreroAmatista\"><\/span><span id=\"ezoic-pub-ad-placeholder-150\" class=\"ezoic-adpicker-ad\"><\/span>Februari Ametist<span class=\"ez-toc-section-end\"><\/span><span class=\"ez-toc-section-end\"><\/span><\/h3>\n<p>Ametist, februarif\u00f6delsestenen, tros f\u00f6rb\u00e4ttra kommunikationen och erbjuda mod till b\u00e4raren. <\/p>\n<p>  Endast kungligheter kunde b\u00e4ra juvelen tidigare. <\/p>\n<p>  De gamla grekerna trodde att ametist skyddade mot f\u00f6rgiftning. <\/p>\n<p>  Ametist kommer egentligen fr\u00e5n det grekiska ordet ametistos, som betyder \u00abnykter\u00bb.<\/p>\n<h3><span class=\"ez-toc-section\" id=\"MarchAquamarine_Bloodstone\"><\/span><span class=\"ez-toc-section\" id=\"MarzoAguamarina_Bloodstone\"><\/span><span id=\"ezoic-pub-ad-placeholder-151\" class=\"ezoic-adpicker-ad\"><\/span><span class=\"ezoic-ad ezoic-at-0 leader-2 leader-2151 adtester-container adtester-container-151\" data-ez-name=\"hiszodiac_com-leader-2\"><span id=\"div-gpt-ad-hiszodiac_com-leader-2-0\" ezaw=\"250\" ezah=\"250\" style=\"position:relative;z-index:0;display:inline-block;padding:0;width:100%;max-width:1200px;margin-left:auto!important;margin-right:auto!important;min-height:90px;min-width:728px\" class=\"ezoic-ad\"><\/span><\/span>MarchAquamarine, Bloodstone<span class=\"ez-toc-section-end\"><\/span><span class=\"ez-toc-section-end\"><\/span><\/h3>\n<p>Att dricka vattnet som akvamarin, f\u00f6delsestenen f\u00f6r mars, hade badats i, sades bota mag-, lever- och hj\u00e4rtsjukdomar. <\/p>\n<p>  Tidiga sj\u00f6m\u00e4n trodde att akvamarintalismaner graverade med havsguden Neptunus skyddade dem fr\u00e5n havets faror.<\/p>\n<p>Bloodstone, en m\u00f6rkgr\u00f6n \u00e4delsten fl\u00e4ckad med scharlakansr\u00f6d, \u00e4r en annan f\u00f6delsesten i mars.<\/p>\n<h3><span class=\"ez-toc-section\" id=\"AprilDiamant\"><\/span><span class=\"ez-toc-section\" id=\"AbrilDiamante\"><\/span><span id=\"ezoic-pub-ad-placeholder-152\" class=\"ezoic-adpicker-ad\"><\/span><span class=\"ezoic-ad ezoic-at-0 leader-4 leader-4152 adtester-container adtester-container-152\" data-ez-name=\"hiszodiac_com-leader-4\"><span id=\"div-gpt-ad-hiszodiac_com-leader-4-0\" ezaw=\"250\" ezah=\"250\" style=\"position:relative;z-index:0;display:inline-block;padding:0;width:100%;max-width:1200px;margin-left:auto!important;margin-right:auto!important;min-height:90px;min-width:728px\" class=\"ezoic-ad\"><\/span><\/span>AprilDiamant<span class=\"ez-toc-section-end\"><\/span><span class=\"ez-toc-section-end\"><\/span><\/h3>\n<p>Diamant, Aprils f\u00f6delsesten, har l\u00e4nge f\u00f6rknippats med mod och \u00e4r en symbol f\u00f6r o\u00e4ndlig k\u00e4rlek. <\/p>\n<p>  Sanskritordet f\u00f6r diamant \u00e4r vajra, vilket ocks\u00e5 betyder blixt. <\/p>\n<p>  I hinduisk mytologi anv\u00e4nde Indra, gudarnas kung, vajran som ett vapen.<\/p>\n<h3><span class=\"ez-toc-section\" id=\"maj_smaragd\"><\/span><span class=\"ez-toc-section\" id=\"Esmeralda_de_mayo\"><\/span>maj smaragd<span class=\"ez-toc-section-end\"><\/span><span class=\"ez-toc-section-end\"><\/span><\/h3>\n<p>Smaragden, f\u00f6delsestenen f\u00f6r maj, var Kleopatras favoritjuvel. <\/p>\n<p>  Det har varit kopplat till k\u00e4rlek, \u00e5terf\u00f6delse och fertilitet under l\u00e5ng tid. <\/p>\n<p>  Denna sten till\u00e4gnades till och med Venus, k\u00e4rlekens och sk\u00f6nhetens gudinna, av de gamla romarna. <\/p>\n<p>  Smaragder anses nu representera kunskap, utveckling och t\u00e5lamod.<\/p>\n<h3><span class=\"ez-toc-section\" id=\"juniperla\"><\/span><span class=\"ez-toc-section\" id=\"junioperla\"><\/span>juniperla<span class=\"ez-toc-section-end\"><\/span><span class=\"ez-toc-section-end\"><\/span><\/h3>\n<p>Pearl, junif\u00f6delsestenen, har traditionellt f\u00f6rknippats med renhet. <\/p>\n<p>  De gamla grekerna trodde att Afrodite, k\u00e4rlekens gudinna, skapade p\u00e4rlor av sina torkade extast\u00e5rar.<\/p>\n<h3><span class=\"ez-toc-section\" id=\"JulioRuby\"><\/span><span class=\"ez-toc-section\" id=\"JulioRuby\"><\/span>JulioRuby<span class=\"ez-toc-section-end\"><\/span><span class=\"ez-toc-section-end\"><\/span><\/h3>\n<p>De forntida hinduerna v\u00f6rdade rubinen, f\u00f6delsestenen f\u00f6r juli, som \u00abstenarnas kung\u00bb. <\/p>\n<p>  Det ans\u00e5gs h\u00e5lla b\u00e4raren s\u00e4ker fr\u00e5n ondska. <\/p>\n<p>  Den djupr\u00f6da f\u00e4rgen p\u00e5 rubinen representerar nu passion och k\u00e4rlek.<\/p>\n<h3><span class=\"ez-toc-section\" id=\"AugustPeridot\"><\/span><span class=\"ez-toc-section\" id=\"AgostoPeridoto\"><\/span>AugustPeridot<span class=\"ez-toc-section-end\"><\/span><span class=\"ez-toc-section-end\"><\/span><\/h3>\n<p>Peridot, f\u00f6delsestenen f\u00f6r augusti, representerar styrka. <\/p>\n<p>  P\u00e5 grund av sin blekgr\u00f6na nyans kallas den ofta f\u00f6r \u00abkv\u00e4llssmaragden\u00bb. <\/p>\n<p>  Gr\u00f6na peridotkristaller som uppt\u00e4ckts i vulkanisk aska ans\u00e5gs en g\u00e5ng representera t\u00e5rarna fr\u00e5n Pele, vulkangudinnan. <\/p>\n<p>  Denna diamant ans\u00e5gs avv\u00e4rja mardr\u00f6mmar n\u00e4r den \u00e4r insatt i guld.<\/p>\n<h3><span class=\"ez-toc-section\" id=\"septembersapphire\"><\/span><span class=\"ez-toc-section\" id=\"septiembrezafiro\"><\/span>septembersapphire<span class=\"ez-toc-section-end\"><\/span><span class=\"ez-toc-section-end\"><\/span><\/h3>\n<p>Sapphire, septemberf\u00f6delsestenen, troddes l\u00e4nge avv\u00e4rja ondska och gift. <\/p>\n<p>  Man trodde att en giftig orm i en safirbeh\u00e5llare skulle d\u00f6da den. <\/p>\n<p>  Historiskt sett en favoritsten f\u00f6r pr\u00e4ster och h\u00e4rskare, safir representerar b\u00e5de oskuld och kunskap.<\/p>\n<h3><span class=\"ez-toc-section\" id=\"oktoberopal\"><\/span><span class=\"ez-toc-section\" id=\"octubreOpalo\"><\/span>oktoberopal<span class=\"ez-toc-section-end\"><\/span><span class=\"ez-toc-section-end\"><\/span><\/h3>\n<p>Opal, f\u00f6delsestenen f\u00f6r oktober, representerar lojalitet och trygghet. <\/p>\n<p>  Termen kommer fr\u00e5n det latinska ordet opalus, som betyder \u00abdyrbar juvel\u00bb. <\/p>\n<p>  Halsband i opalupps\u00e4ttning bars f\u00f6r att avv\u00e4rja ondska och bevara synen.<\/p>\n<h3><span class=\"ez-toc-section\" id=\"DecemberTurkos\"><\/span><span class=\"ez-toc-section\" id=\"DiciembreTurquesa\"><\/span>DecemberTurkos<span class=\"ez-toc-section-end\"><\/span><span class=\"ez-toc-section-end\"><\/span><\/h3>\n<p>Turkos, decemberf\u00f6delsestenen, anses vara en k\u00e4rleks charm. <\/p>\n<p>  Det \u00e4r ocks\u00e5 en representation av tur och framg\u00e5ng, och att b\u00e4ra en s\u00e5dan s\u00e4gs lugna sinnet och skydda presenten fr\u00e5n skada. <\/p>\n<p>  I synnerhet turkosa ringar s\u00e4gs avv\u00e4rja onda caminar.<\/p>\n<h3><span class=\"ez-toc-section\" id=\"Las_mer\"><\/span><span class=\"ez-toc-section\" id=\"Aprende_mas\"><\/span>L\u00e4s mer<span class=\"ez-toc-section-end\"><\/span><span class=\"ez-toc-section-end\"><\/span><\/h3>\n<p>Kan du din f\u00f6delseblomma nu n\u00e4r du k\u00e4nner till din f\u00f6delsesten?  Se v\u00e5r vih med blommor efter f\u00f6delsem\u00e5nad!<\/p>\n<p>Njut av v\u00e5ra f\u00f6delsedagsfakta, historia, folklore och andra roliga saker p\u00e5 v\u00e5r f\u00f6delsedagssida.<\/p>\n<h2><span class=\"ez-toc-section\" id=\"Finns_det_tva_fodelsestenar_for_varje_manad\"><\/span><span class=\"ez-toc-section\" id=\"%C2%BFHay_dos_piedras_de_nacimiento_para_cada_mes\"><\/span><span id=\"ezoic-pub-ad-placeholder-145\" class=\"ezoic-adpicker-ad\"><\/span>Finns det tv\u00e5 f\u00f6delsestenar f\u00f6r varje m\u00e5nad?<span class=\"ez-toc-section-end\"><\/span><span class=\"ez-toc-section-end\"><\/span><\/h2>\n<p>\u00c4ven om varje m\u00e5nad traditionellt bara har en f\u00f6delsesten, har vissa m\u00e5nader m\u00e5nga f\u00f6delsestenar. <\/p>\n<p>  Detta faktum orsakar viss f\u00f6rvirring, men variationen av m\u00f6jligheter under n\u00e5gra m\u00e5nader utvecklades f\u00f6r att ge kunderna ett urval av billigare val ut\u00f6ver de dyrare och mer typiska stenarna.<\/p>\n<p>Det tredje \u00f6gat och kronchakran \u00e4r relaterade till naturliga ametiststenar. <\/p>\n<p>  De lila till r\u00f6dlila f\u00e4rgerna av ametist har l\u00e4nge anv\u00e4nts som ett tecken p\u00e5 lugn, renhet och lugnande energi.<\/p>\n<p>Kristaller representerar andlig och gudomlig anslutning, s\u00e5v\u00e4l som rening. <\/p>\n<p>  Ametist f\u00f6rknippas med elegans, fred, f\u00f6rst\u00e5else och tillit. <\/p>\n<p>  Denna p\u00e4rla har andliga nyanser enligt m\u00e5nga kulturer.<\/p>\n<h2><span class=\"ez-toc-section\" id=\"Vilket_tecken_kan_bara_ametist\"><\/span><span class=\"ez-toc-section\" id=\"%C2%BFQue_signo_puede_llevar_amatista\"><\/span><span id=\"ezoic-pub-ad-placeholder-146\" class=\"ezoic-adpicker-ad\"><\/span>Vilket tecken kan b\u00e4ra ametist?<span class=\"ez-toc-section-end\"><\/span><span class=\"ez-toc-section-end\"><\/span><\/h2>\n<p>Ametisten \u00e4r k\u00e4nd p\u00e5 hindi som jamuniya, katela eller ketela och \u00e4r kopplad till planeten Saturnus. <\/p>\n<p>  Det anv\u00e4nds ofta f\u00f6r att f\u00f6rst\u00e4rka Saturnus, som \u00e4r svag, och f\u00f6r att dra nytta av dess f\u00f6rdelaktiga position i en persons horoskop. <\/p>\n<p>  F\u00f6r Makar (Stenbocken) och Kumbh (Vattumannen) rashis, f\u00f6resl\u00e5r vedisk astrologi ratna jamuniya. <\/p>\n<p>  Enligt v\u00e4sterl\u00e4ndsk astrologi \u00e4r Fiskarnas f\u00f6delsesten ametist. <\/p>\n<p>  Ametist kan ocks\u00e5 anv\u00e4ndas f\u00f6r att gynna tecknen p\u00e5 Oxen, Jungfrun och Tvillingarna.<\/p>\n<h2><span class=\"ez-toc-section\" id=\"Vilka_stjarnor_kan_bara_ametist\"><\/span><span class=\"ez-toc-section\" id=\"%C2%BFQue_estrellas_pueden_usar_amatista\"><\/span><span id=\"ezoic-pub-ad-placeholder-147\" class=\"ezoic-adpicker-ad\"><\/span>Vilka stj\u00e4rnor kan b\u00e4ra ametist?<span class=\"ez-toc-section-end\"><\/span><span class=\"ez-toc-section-end\"><\/span><\/h2>\n<p>VattumanAmetist Ametist \u00e4r k\u00e4nd f\u00f6r sin lysande lila f\u00e4rg, som ofta f\u00f6rknippas med kungligheter (och vin). <\/p>\n<p>  Ametist ans\u00e5gs h\u00e5lla sin b\u00e4rare frisk och fri fr\u00e5n berusning i tidiga grekiska legender.<\/p>\n<h2><span class=\"ez-toc-section\" id=\"Varfor_ar_februarifodelsestenen_ametist\"><\/span><span class=\"ez-toc-section\" id=\"%C2%BFPor_que_la_piedra_natal_de_febrero_es_la_amatista\"><\/span><span id=\"ezoic-pub-ad-placeholder-148\" class=\"ezoic-adpicker-ad\"><\/span><span class=\"ezoic-ad ezoic-at-0 large-mobile-banner-2 large-mobile-banner-2148 adtester-container adtester-container-148\" data-ez-name=\"hiszodiac_com-large-mobile-banner-2\"><span id=\"div-gpt-ad-hiszodiac_com-large-mobile-banner-2-0\" ezaw=\"468\" ezah=\"60\" style=\"position:relative;z-index:0;display:inline-block;padding:0;width:100%;max-width:1200px;margin-left:auto!important;margin-right:auto!important;min-height:90px;min-width:728px\" class=\"ezoic-ad\"><\/span><\/span>Varf\u00f6r \u00e4r februarif\u00f6delsestenen ametist?<span class=\"ez-toc-section-end\"><\/span><span class=\"ez-toc-section-end\"><\/span><\/h2>\n<p>Sedan de gamla grekernas tid har vackra lila ametister prisats. <\/p>\n<p>  Grekerna f\u00f6rband dessa stenar med vinguden Bacchus p\u00e5 grund av deras f\u00e4rg, som liknade druvor. <\/p>\n<p>  Eftersom ordet \u00abametist\u00bb p\u00e5 antikens grekiska betydde \u00abinte berusad\u00bb, trodde de att du kan h\u00e5lla dig nykter om du b\u00e4r en s\u00e5dan. <\/p>\n<p>  Ametistsmycken, enligt \u00e4delstensl\u00e4ror, g\u00f6r sin \u00e4gare klok och logisk. <\/p>\n<p>  Ametister s\u00e4gs \u00f6ka intelligensen och skydda mot negativa tankar, enligt konstn\u00e4ren Leonardo da Vinci.<\/p>\n<p>Ametister anv\u00e4nds ofta i kungliga och heliga smycken eftersom lila traditionellt har ansetts vara en kunglig f\u00e4rg p\u00e5 grund av dess s\u00e4llsynta sk\u00f6nhet och de h\u00f6ga kostnaderna f\u00f6r att producera f\u00e4rgen f\u00f6r tyg. <\/p>\n<p>  Ametist \u00e4r en \u00e4delsten som ofta anv\u00e4nds i tibetanska b\u00f6nep\u00e4rlor eftersom buddhister tror att den f\u00f6rb\u00e4ttrar koncentrationen. <\/p>\n<p>  Ametist har av m\u00e5nga civilisationer likst\u00e4llts med mod, lugn och harmoni. <\/p>\n<p>  Det har ocks\u00e5 sagts att det kan behandla s\u00f6mnl\u00f6shet och lindra sm\u00e4rta.<\/p>\n<p>Ametister var lika v\u00e4rdefulla och dyra som smaragder, safirer och rubiner fram till 1800-talet, d\u00e5 en betydande ametistresurs hittades i Brasilien. <\/p>\n<p>  \u00c4ven om detta minskade det kommersiella v\u00e4rdet av \u00e4delstenarna, till\u00e4t rikedomen av brasilianska \u00e4delstenar att stora ametister kunde anv\u00e4ndas mer regelbundet i smycken. <\/p>\n<p>  De sl\u00e5ende cocktailringar fr\u00e5n art d\u00e9co- och retro-epoken har dem ofta.<\/p>\n<h2><span class=\"ez-toc-section\" id=\"Vad_star_det_i_Bibeln_om_fodelsestenar\"><\/span><span class=\"ez-toc-section\" id=\"%C2%BFQue_esta_escrito_en_la_Biblia_con_respecto_a_las_piedras_de_nacimiento\"><\/span><span id=\"ezoic-pub-ad-placeholder-153\" class=\"ezoic-adpicker-ad\"><\/span><span class=\"ezoic-ad ezoic-at-0 leader-3 leader-3153 adtester-container adtester-container-153\" data-ez-name=\"hiszodiac_com-leader-3\"><span id=\"div-gpt-ad-hiszodiac_com-leader-3-0\" ezaw=\"300\" ezah=\"250\" style=\"position:relative;z-index:0;display:inline-block;padding:0;min-height:250px;min-width:300px\" class=\"ezoic-ad\"><\/span><\/span>Vad st\u00e5r det i Bibeln om f\u00f6delsestenar?<span class=\"ez-toc-section-end\"><\/span><span class=\"ez-toc-section-end\"><\/span><\/h2>\n<p>Enligt vissa experter g\u00e5r f\u00f6delsestenar tillbaka till Bibeln. <\/p>\n<p>  Moses ger instruktioner f\u00f6r att sy speciella kl\u00e4der \u00e5t Aron, hebr\u00e9ernas \u00f6verstepr\u00e4st, i 2 Mosebok 28. <\/p>\n<p>Tolv ov\u00e4rderliga \u00e4delstenar, representerande Israels tolv stammar, skulle b\u00e4ddas in i br\u00f6stsk\u00f6lden.<\/p>\n<p>Vi hoppas att du gillade v\u00e5r artikel I vilken m\u00e5nad \u00e4r ametisten, f\u00f6delsestenen? och allt relaterat till horoskop, tarot, ritualer och allt relaterat.<\/p>\n<figure class=\"wp-block-table is-style-regular\">\n<\/figure>\n<p>Intressanta saker att veta inneb\u00f6rden: Tarot  <\/p>\n<p>\u00c4ven h\u00e4r l\u00e4mnar vi \u00e4mnen relaterade till: Tarot<\/p>\n<\/p>\n<p><\/p>\n<p>Vi hoppas att du gillade v\u00e5r artikel I vilken m\u00e5nad \u00e4r ametisten, stenen av<br \/>\n och allt om horoskop, tarot, ritualer och allt relaterat till det &#8230;<\/p>\n<figure class=\"wp-block-table is-style-regular\">\n<table style=\"width: 284px; height: 157px;\">\n<tbody>\n<tr>\n<td class=\"has-text-align-center\" data-align=\"center\"><img loading=\"lazy\" decoding=\"async\" class=\"alignleft\" src=\" https:\/\/goroskop.tv\/wp-content\/uploads\/2023\/05\/tarot1.jpg \" alt=\" I vilken m\u00e5nad \u00e4r ametisten, stenen av\n \" width=\"65\" height=\"95\" title=\"\"><img loading=\"lazy\" decoding=\"async\" class=\"alignleft\" style=\"width: 60px;\" src=\" https:\/\/goroskop.tv\/wp-content\/uploads\/2023\/05\/tarot2.jpg \" alt=\" I vilken m\u00e5nad \u00e4r ametisten, stenen av\n \" width=\"195\" height=\"300\" title=\"\"><img decoding=\"async\" class=\"alignleft\" style=\"width: 60px;\" src=\" https:\/\/goroskop.tv\/wp-content\/uploads\/2023\/05\/tarot3.jpg \" alt=\" I vilken m\u00e5nad \u00e4r ametisten, stenen av\n \" title=\"\"><\/td>\n<\/tr>\n<\/tbody>\n<\/table>\n<\/figure>\n<p>Intressanta saker att veta inneb\u00f6rden: <a href=\"https:\/\/sv.wikipedia.org\/wiki\/Tarot\" target=\"_blank\" rel=\"nofollow noopener\"> Tarot <\/a> <\/p>\n<p>H\u00e4r l\u00e4mnar vi ocks\u00e5 \u00e4mnen relaterade till: <a href=\" https:\/\/goroskop.tv\/sw\/kommer-leo-och-skorpionen-overens-som-vanner\/\">Tarot<\/a><\/p>\n<div id=\"ez-toc-container\" class=\"ez-toc-v2_0_82_2 ez-toc-wrap-center counter-hierarchy ez-toc-counter ez-toc-grey ez-toc-container-direction\">\n<div class=\"ez-toc-title-container\">\n<div class=\"ez-toc-title\" style=\"cursor:inherit\">Table of Contents<\/div>\n<span class=\"ez-toc-title-toggle\"><a href=\"#\" class=\"ez-toc-pull-right ez-toc-btn ez-toc-btn-xs ez-toc-btn-default ez-toc-toggle\" aria-label=\"Alternar tabla de contenidos\"><span class=\"ez-toc-js-icon-con\"><span class=\"\"><span class=\"eztoc-hide\" style=\"display:none;\">Toggle<\/span><span class=\"ez-toc-icon-toggle-span\"><svg style=\"fill: #999;color:#999\" xmlns=\"http:\/\/www.w3.org\/2000\/svg\" class=\"list-377408\" width=\"20px\" height=\"20px\" viewBox=\"0 0 24 24\" fill=\"none\"><path d=\"M6 6H4v2h2V6zm14 0H8v2h12V6zM4 11h2v2H4v-2zm16 0H8v2h12v-2zM4 16h2v2H4v-2zm16 0H8v2h12v-2z\" fill=\"currentColor\"><\/path><\/svg><svg style=\"fill: #999;color:#999\" class=\"arrow-unsorted-368013\" xmlns=\"http:\/\/www.w3.org\/2000\/svg\" width=\"10px\" height=\"10px\" viewBox=\"0 0 24 24\" version=\"1.2\" baseProfile=\"tiny\"><path d=\"M18.2 9.3l-6.2-6.3-6.2 6.3c-.2.2-.3.4-.3.7s.1.5.3.7c.2.2.4.3.7.3h11c.3 0 .5-.1.7-.3.2-.2.3-.5.3-.7s-.1-.5-.3-.7zM5.8 14.7l6.2 6.3 6.2-6.3c.2-.2.3-.5.3-.7s-.1-.5-.3-.7c-.2-.2-.4-.3-.7-.3h-11c-.3 0-.5.1-.7.3-.2.2-.3.5-.3.7s.1.5.3.7z\"\/><\/svg><\/span><\/span><\/span><\/a><\/span><\/div>\n<nav><ul class='ez-toc-list ez-toc-list-level-1 eztoc-toggle-hide-by-default' ><li class='ez-toc-page-1 ez-toc-heading-level-2'><a class=\"ez-toc-link ez-toc-heading-1\" href=\"https:\/\/goroskop.tv\/sw\/i-vilken-manad-ar-ametisten-stenen-av\/#I_vilken_manad_finns_ametisten_fodelsestenen\" >I vilken m\u00e5nad finns ametisten, f\u00f6delsestenen?<\/a><\/li><li class='ez-toc-page-1 ez-toc-heading-level-2'><a class=\"ez-toc-link ez-toc-heading-2\" href=\"https:\/\/goroskop.tv\/sw\/i-vilken-manad-ar-ametisten-stenen-av\/#Vilken_adelsten_symboliserar_fodelsen_av_varje_manad\" >Vilken \u00e4delsten symboliserar f\u00f6delsen av varje m\u00e5nad?<\/a><ul class='ez-toc-list-level-3' ><li class='ez-toc-heading-level-3'><a class=\"ez-toc-link ez-toc-heading-3\" href=\"https:\/\/goroskop.tv\/sw\/i-vilken-manad-ar-ametisten-stenen-av\/#JanuariGarnet\" >JanuariGarnet<\/a><\/li><li class='ez-toc-page-1 ez-toc-heading-level-3'><a class=\"ez-toc-link ez-toc-heading-4\" href=\"https:\/\/goroskop.tv\/sw\/i-vilken-manad-ar-ametisten-stenen-av\/#Februari_Ametist\" >Februari Ametist<\/a><\/li><li class='ez-toc-page-1 ez-toc-heading-level-3'><a class=\"ez-toc-link ez-toc-heading-5\" href=\"https:\/\/goroskop.tv\/sw\/i-vilken-manad-ar-ametisten-stenen-av\/#MarchAquamarine_Bloodstone\" >MarchAquamarine, Bloodstone<\/a><\/li><li class='ez-toc-page-1 ez-toc-heading-level-3'><a class=\"ez-toc-link ez-toc-heading-6\" href=\"https:\/\/goroskop.tv\/sw\/i-vilken-manad-ar-ametisten-stenen-av\/#AprilDiamant\" >AprilDiamant<\/a><\/li><li class='ez-toc-page-1 ez-toc-heading-level-3'><a class=\"ez-toc-link ez-toc-heading-7\" href=\"https:\/\/goroskop.tv\/sw\/i-vilken-manad-ar-ametisten-stenen-av\/#maj_smaragd\" >maj smaragd<\/a><\/li><li class='ez-toc-page-1 ez-toc-heading-level-3'><a class=\"ez-toc-link ez-toc-heading-8\" href=\"https:\/\/goroskop.tv\/sw\/i-vilken-manad-ar-ametisten-stenen-av\/#juniperla\" >juniperla<\/a><\/li><li class='ez-toc-page-1 ez-toc-heading-level-3'><a class=\"ez-toc-link ez-toc-heading-9\" href=\"https:\/\/goroskop.tv\/sw\/i-vilken-manad-ar-ametisten-stenen-av\/#JulioRuby\" >JulioRuby<\/a><\/li><li class='ez-toc-page-1 ez-toc-heading-level-3'><a class=\"ez-toc-link ez-toc-heading-10\" href=\"https:\/\/goroskop.tv\/sw\/i-vilken-manad-ar-ametisten-stenen-av\/#AugustPeridot\" >AugustPeridot<\/a><\/li><li class='ez-toc-page-1 ez-toc-heading-level-3'><a class=\"ez-toc-link ez-toc-heading-11\" href=\"https:\/\/goroskop.tv\/sw\/i-vilken-manad-ar-ametisten-stenen-av\/#septembersapphire\" >septembersapphire<\/a><\/li><li class='ez-toc-page-1 ez-toc-heading-level-3'><a class=\"ez-toc-link ez-toc-heading-12\" href=\"https:\/\/goroskop.tv\/sw\/i-vilken-manad-ar-ametisten-stenen-av\/#oktoberopal\" >oktoberopal<\/a><\/li><li class='ez-toc-page-1 ez-toc-heading-level-3'><a class=\"ez-toc-link ez-toc-heading-13\" href=\"https:\/\/goroskop.tv\/sw\/i-vilken-manad-ar-ametisten-stenen-av\/#DecemberTurkos\" >DecemberTurkos<\/a><\/li><li class='ez-toc-page-1 ez-toc-heading-level-3'><a class=\"ez-toc-link ez-toc-heading-14\" href=\"https:\/\/goroskop.tv\/sw\/i-vilken-manad-ar-ametisten-stenen-av\/#Las_mer\" >L\u00e4s mer<\/a><\/li><\/ul><\/li><li class='ez-toc-page-1 ez-toc-heading-level-2'><a class=\"ez-toc-link ez-toc-heading-15\" href=\"https:\/\/goroskop.tv\/sw\/i-vilken-manad-ar-ametisten-stenen-av\/#Finns_det_tva_fodelsestenar_for_varje_manad\" >Finns det tv\u00e5 f\u00f6delsestenar f\u00f6r varje m\u00e5nad?<\/a><\/li><li class='ez-toc-page-1 ez-toc-heading-level-2'><a class=\"ez-toc-link ez-toc-heading-16\" href=\"https:\/\/goroskop.tv\/sw\/i-vilken-manad-ar-ametisten-stenen-av\/#Vilket_tecken_kan_bara_ametist\" >Vilket tecken kan b\u00e4ra ametist?<\/a><\/li><li class='ez-toc-page-1 ez-toc-heading-level-2'><a class=\"ez-toc-link ez-toc-heading-17\" href=\"https:\/\/goroskop.tv\/sw\/i-vilken-manad-ar-ametisten-stenen-av\/#Vilka_stjarnor_kan_bara_ametist\" >Vilka stj\u00e4rnor kan b\u00e4ra ametist?<\/a><\/li><li class='ez-toc-page-1 ez-toc-heading-level-2'><a class=\"ez-toc-link ez-toc-heading-18\" href=\"https:\/\/goroskop.tv\/sw\/i-vilken-manad-ar-ametisten-stenen-av\/#Varfor_ar_februarifodelsestenen_ametist\" >Varf\u00f6r \u00e4r februarif\u00f6delsestenen ametist?<\/a><\/li><li class='ez-toc-page-1 ez-toc-heading-level-2'><a class=\"ez-toc-link ez-toc-heading-19\" href=\"https:\/\/goroskop.tv\/sw\/i-vilken-manad-ar-ametisten-stenen-av\/#Vad_star_det_i_Bibeln_om_fodelsestenar\" >Vad st\u00e5r det i Bibeln om f\u00f6delsestenar?<\/a><\/li><\/ul><\/nav><\/div>\n","protected":false},"excerpt":{"rendered":"<p>I vilken m\u00e5nad finns ametisten, f\u00f6delsestenen? Den lila formen av kvarts k\u00e4nd som ametist, som har fascinerat m\u00e4nniskor i \u00e5rtusenden, \u00e4r din f\u00f6delsesten om du \u00e4r f\u00f6dd i februari. Det kan extraheras och tillverkas i ett laboratorium, och dess nyanser fr\u00e5n lavendel till djuplila kan sk\u00e4ras i en m\u00e4ngd olika former och storlekar. Asiatiska och &hellip;<\/p>\n","protected":false},"author":1,"featured_media":33,"comment_status":"closed","ping_status":"closed","sticky":false,"template":"","format":"standard","meta":{"footnotes":""},"categories":[2],"tags":[2353,10,123,1564,86],"class_list":["post-7955","post","type-post","status-publish","format-standard","has-post-thumbnail","hentry","category-horoskop","tag-ametisten","tag-ar","tag-manad","tag-stenen","tag-vilken"],"_links":{"self":[{"href":"https:\/\/goroskop.tv\/sw\/wp-json\/wp\/v2\/posts\/7955","targetHints":{"allow":["GET"]}}],"collection":[{"href":"https:\/\/goroskop.tv\/sw\/wp-json\/wp\/v2\/posts"}],"about":[{"href":"https:\/\/goroskop.tv\/sw\/wp-json\/wp\/v2\/types\/post"}],"author":[{"embeddable":true,"href":"https:\/\/goroskop.tv\/sw\/wp-json\/wp\/v2\/users\/1"}],"replies":[{"embeddable":true,"href":"https:\/\/goroskop.tv\/sw\/wp-json\/wp\/v2\/comments?post=7955"}],"version-history":[{"count":0,"href":"https:\/\/goroskop.tv\/sw\/wp-json\/wp\/v2\/posts\/7955\/revisions"}],"wp:featuredmedia":[{"embeddable":true,"href":"https:\/\/goroskop.tv\/sw\/wp-json\/wp\/v2\/media\/33"}],"wp:attachment":[{"href":"https:\/\/goroskop.tv\/sw\/wp-json\/wp\/v2\/media?parent=7955"}],"wp:term":[{"taxonomy":"category","embeddable":true,"href":"https:\/\/goroskop.tv\/sw\/wp-json\/wp\/v2\/categories?post=7955"},{"taxonomy":"post_tag","embeddable":true,"href":"https:\/\/goroskop.tv\/sw\/wp-json\/wp\/v2\/tags?post=7955"}],"curies":[{"name":"wp","href":"https:\/\/api.w.org\/{rel}","templated":true}]}}