{"id":8040,"date":"2023-07-23T04:22:06","date_gmt":"2023-07-23T04:22:06","guid":{"rendered":"https:\/\/goroskop.tv\/sw\/gudinna-101-vem-ar-freja-gudinnan-till\/"},"modified":"2023-07-23T04:22:06","modified_gmt":"2023-07-23T04:22:06","slug":"gudinna-101-vem-ar-freja-gudinnan-till","status":"publish","type":"post","link":"https:\/\/goroskop.tv\/sw\/gudinna-101-vem-ar-freja-gudinnan-till\/","title":{"rendered":"Gudinna 101: Vem \u00e4r Freja, gudinnan till"},"content":{"rendered":"<p><\/p>\n<h2><span class=\"ez-toc-section\" id=\"Gudinna_101_Vem_ar_Freja_gudinnan_till\"><\/span><span class=\"ez-toc-section\" id=\"Diosa_101_%C2%BFQuien_es_Freya_la_diosa_de\"><\/span>  Gudinna 101: Vem \u00e4r Freja, gudinnan till<span class=\"ez-toc-section-end\"><\/span><span class=\"ez-toc-section-end\"><\/span><\/h2>\n<h2 id=\"head-115a2f414dda488f7fe8c12f4dbe6f3d\"><span class=\"ez-toc-section\" id=\"Vem_ar_Freja_och_hennes_andra_namn\"><\/span><span class=\"ez-toc-section\" id=\"%C2%BFQuien_es_Freya_y_sus_otros_nombres\"><\/span>Vem \u00e4r Freja och hennes andra namn?<span class=\"ez-toc-section-end\"><\/span><span class=\"ez-toc-section-end\"><\/span><\/h2>\n<p><span style=\"font-family:Arial,Helvetica,sans-serif;\">Symbol f\u00f6r krig, d\u00f6d, k\u00e4rlek, sk\u00f6nhet och fertilitet, Freya \u00e4r den \u00e4lskade gudinnan i den nordiska mytologin (Skandinavien, Norden). <\/span><\/p>\n<p>  Dotter till den huvudsakliga Vanir-guden Njord, Freya \u00e4r en hedersmedlem av Asir-gudarna.<\/p>\n<p>Hon \u00e4r sn\u00e4ll, vacker och mild och f\u00e5ngar m\u00e4nniskors hj\u00e4rtan. <\/p>\n<p>  P\u00e5 grund av hennes f\u00f6rk\u00e4rlek f\u00f6r sk\u00f6nhet och goda materiella \u00e4godelar anses hon vara familjens \u00abpartytjej\u00bb. <\/p>\n<p>  Hon satte inga begr\u00e4nsningar p\u00e5 sin sexualitet f\u00f6r att leva fullt ut, vilket fick Loke att en g\u00e5ng anklaga henne f\u00f6r att ha legat med alla m\u00e4n i kungariket (vilket f\u00f6rmodligen var sant).<\/p>\n<p>  Som de flesta gudar gick Freja under andra namn i den fornnordiska mytologin, inklusive Gefn, Horn, Mardoll, Skjalf, Syr, Throng, Thrungva, Valfreyja och Vanadis. <\/p>\n<p>  De flesta av dessa namn \u00e4r svenska eller fornnordiska spr\u00e5k relaterade till fertilitet och ben\u00e4genhet.<\/p>\n<p>\u00c4ven om Freya kanske inte \u00e4r ett k\u00e4nt namn f\u00f6r oss, f\u00f6r skandinaver, \u00e4r Freya en cool legend, en kapten Marvel fr\u00e5n vikingatiden, en gudinna av tapperhet och elegans. <\/p>\n<p>  M\u00e4n respekterade henne och kvinnor skr\u00e4mde henne.<\/p>\n<h2 id=\"head-3871e1dd396886df090d15a34771a74e\"><span class=\"ez-toc-section\" id=\"5_saker_du_bor_veta_om_gudinnan_Freja\"><\/span><span class=\"ez-toc-section\" id=\"5_cosas_que_debes_saber_sobre_la_diosa_Freya\"><\/span>5 saker du b\u00f6r veta om gudinnan Freja<span class=\"ez-toc-section-end\"><\/span><span class=\"ez-toc-section-end\"><\/span><\/h2>\n<h3 id=\"head-592a00b4558002b7b76e60b26ab7d538\"><span class=\"ez-toc-section\" id=\"1\"><\/span><span class=\"ez-toc-section\" id=\"1_Freya_y_Odin\"><\/span>1. <span class=\"ez-toc-section-end\"><\/span><\/h3>\n<p>freja och odin<span class=\"ez-toc-section-end\"><\/span>\n<\/p>\n<p><span style=\"font-family:Arial,Helvetica,sans-serif;\">Om Zeus \u00e4r den mest k\u00e4nda guden i grekisk mytologi, \u00e4r Oden s\u00e4kerligen Zeus i den nordiska mytologin. <\/span><\/p>\n<p>  Tack vare v\u00e5ra fantastiska Marvel-filmer \u00e4r Odin ingen fr\u00e4mling f\u00f6r oss, Thors och Lokes \u00f6verl\u00e4gsna, sn\u00e4lla och k\u00e4rleksfulla far. <\/p>\n<p>  Skulle du bli f\u00f6rv\u00e5nad om du f\u00e5r reda p\u00e5 att Oden \u00e4r Frejas man?<\/p>\n<p>I fornnordisk litteratur \u00e4r Oor namnet p\u00e5 Freyas man. <\/p>\n<p>  Oor \u00e4r i huvudsak detsamma som Ooinn, som \u00f6vers\u00e4tts till Oden p\u00e5 fornnordiska. <\/p>\n<p>  Namnet representerar inspiration och raseri. <\/p>\n<p>  Till de flestas f\u00f6rv\u00e5ning n\u00e4mns Oden knappt i fornnordisk litteratur, n\u00e5got omn\u00e4mnande av Oden var alltid relaterat till hans hustru Freja.<\/p>\n<p>Det n\u00e4mndes att Freja gr\u00e4t t\u00e5rar av r\u00f6tt guld n\u00e4r Oden var borta p\u00e5 sina l\u00e5nga resor. <\/p>\n<p>  Oden tillbringade mycket tid p\u00e5 att resa de nio riken n\u00e4r han var gift med Freja, s\u00e5 han tillbringade f\u00f6rmodligen mer tid utanf\u00f6r Asg\u00e5rd \u00e4n inne.<\/p>\n<p>Oden reste mest under ett nick f\u00f6r att d\u00f6lja sin identitet, d\u00e4rav bristen p\u00e5 historia att ber\u00e4tta. <\/p>\n<p>  Det \u00e4r ocks\u00e5 en anledning till att vissa bara anser att Freyas man bara \u00e4r en nominellt avl\u00e4gsen f\u00f6rl\u00e4ngning av Oden.<\/p>\n<p>Under den vidriga \u00abpartytjejen\u00bb var Freja bara en k\u00e4rleksfull hustru som l\u00e4ngtade efter att hennes man skulle komma hem. <\/p>\n<p>  Han tillbringade mycket av sin tid med att v\u00e4nta p\u00e5 Oden. <\/p>\n<p>  Som sagt, i vissa versioner anklagades hon f\u00f6r att ha legat med en slav och andra gudar medan Oden var borta, vilket fick Loke att f\u00f6rakta henne.<\/p>\n<h3 id=\"head-40ded28d6bce60f2e35794dedaaff31a\"><span class=\"ez-toc-section\" id=\"2\"><\/span>2. <\/p>\n<span class=\"ez-toc-section-end\"><\/span><\/h3>\n<p>freya och fredag\n<\/p>\n<p><span style=\"font-family:Arial,Helvetica,sans-serif;\">V\u00e4rlden \u00abfredag\u00bb p\u00e5 v\u00e5rt spr\u00e5k \u00e4r uppkallad efter Frija, Frejas f\u00f6rfader. <\/span><\/p>\n<p>  Frija \u00e4r en proto-germansk gudinna. <\/p>\n<p>  Det \u00e4r intressant att veta att det \u00e4r unikt f\u00f6r nordisk mytologi att behandla de tv\u00e5 gudinnorna separat. <\/p>\n<p>  Det germanska folket verkar behandla Freja, Frija och Frigg som samma gudinna. <\/p>\n<p>  \u00c4ven om vi kanske aldrig vet orsaken till detta, troligen p\u00e5 grund av misstaget att sprida historien \u00f6ver tid och olika regioner, vet vi att ordet Freja \u00e4r mer en titel \u00e4n ett namn. <\/p>\n<p>  Freja syftar p\u00e5 dam eller dam p\u00e5 vikingatiden. <\/p>\n<p>  Det \u00e4r samma som det actualizada tyska ordet Frau. <\/p>\n<p>  Eftersom dessa gudinnor anses vara samma som det germanska folket betyder det att Freja ocks\u00e5 representerar fredagen.<\/p>\n<h3 id=\"head-06eafd20ac04190961edaff81b511c51\"><span class=\"ez-toc-section\" id=\"3\"><\/span>3. <\/p>\n<span class=\"ez-toc-section-end\"><\/span><\/h3>\n<p>freja och ragnarok\n<\/p>\n<p><span style=\"font-family:Arial,Helvetica,sans-serif;\">Freja slets is\u00e4r i bakgrunden under Ragnar\u00f6k-striden. <\/span><\/p>\n<p>  Hon var krigets och d\u00f6dens gudinna. <\/p>\n<p>  Hon m\u00e5ste vara or\u00e4dd n\u00e4r hon m\u00f6ter fiender. <\/p>\n<p>  Hon v\u00e4ljer dock ett lugnare s\u00e4tt och h\u00e5ller sig borta fr\u00e5n Ragnar\u00f6k. <\/p>\n<p>  Det beror p\u00e5 att hon ocks\u00e5 var k\u00e4rlekens och sk\u00f6nhetens gudinna. <\/p>\n<p>  Han ville ha fred f\u00f6r sitt folk och han ville inte ha blodsutgjutelse \u00f6ver hela Asg\u00e5rd.<\/p>\n<p>Ragnar\u00f6k kom med en stor f\u00f6rlust f\u00f6r Asgardians. <\/p>\n<p>  Freja och hennes valkyrior lyckades \u00f6verleva kriget, Odens valkyrior hade mindre tur. <\/p>\n<p>  Hans far Njord d\u00f6dades ocks\u00e5 under striden. <\/p>\n<p>  Ragnar\u00f6k var t\u00e4nkt att markera Freja f\u00f6r alltid, f\u00f6r att hon valde att vara tyst.<\/p>\n<p>Efter striden tog Freya p\u00e5 sig en mycket viktig roll som hj\u00e4lpte Ragnarok \u00f6verlevande n\u00e4r striden tog slut. <\/p>\n<p>  Freja fruktade krig, \u00e5ngrade att hon inte klivit fram. <\/p>\n<p>  Men han fortsatte att v\u00e4lja sitt fridfulla och stillsamma liv efter Ragnar\u00f6ks slut, i hopp om att krig aldrig skulle komma n\u00e4ra honom igen.<\/p>\n<h3 id=\"head-4de78ec201a49302fff05d0efa9b053d\"><span class=\"ez-toc-section\" id=\"4\"><\/span><span class=\"ez-toc-section\" id=\"4_Freya_y_Loki\"><\/span>4. <span class=\"ez-toc-section-end\"><\/span><\/h3>\n<p>freja och loke<span class=\"ez-toc-section-end\"><\/span>\n<\/p>\n<p><span style=\"font-family:Arial,Helvetica,sans-serif;\">Freja och Loke hade haft ett oroligt f\u00f6rh\u00e5llande under l\u00e5ng tid. <\/span><\/p>\n<p>  Loke f\u00f6raktade Freja f\u00f6r att vara partytjejen och anklagade henne f\u00f6r att ha legat med alla gudar i riket, inklusive hennes bror och till och med en slav. <\/p>\n<p>  Dv\u00e4rgarna gav Freja ett Brisingamen-halsband och Loke inramade henne f\u00f6r att ha stulit det framf\u00f6r Oden.<\/p>\n<p>I en av ber\u00e4ttelserna erk\u00e4nde Loke till och med att han hade en aff\u00e4r med Freja, vilket kan vara en l\u00f6gn eftersom Loke \u00e4r svekets Gud. <\/p>\n<p>  Loke kanske inte hatar Freja speciellt, han ville bara starta slagsm\u00e5l i familjen och nj\u00f6t av att lura andra.<\/p>\n<p>Freja br\u00e5kade med Loke och ville att han skulle h\u00e5lla k\u00e4ften om dessa felaktiga rykten. <\/p>\n<p>  Loke sa \u00e5t honom att h\u00e5lla k\u00e4ften. <\/p>\n<p>  Deras l\u00e5nga och instabila f\u00f6rh\u00e5llande gjorde det sv\u00e5rt f\u00f6r Oden att styra familjen ibland. <\/p>\n<p>  Lyckligtvis finns det aldrig n\u00e5got blodigt v\u00e5ld mellan Freja och Loke.<\/p>\n<h3 id=\"head-3f1dca7268c7a63313c423733970cc36\"><span class=\"ez-toc-section\" id=\"5\"><\/span><span class=\"ez-toc-section\" id=\"5_Freya_y_su_valentia\"><\/span>5. <span class=\"ez-toc-section-end\"><\/span><\/h3>\n<p>Freja och hennes tapperhet<span class=\"ez-toc-section-end\"><\/span>\n<\/p>\n<p><span style=\"font-family:Arial,Helvetica,sans-serif;\">Freja \u00e4r k\u00e4rlekens och sk\u00f6nhetens gudinna. <\/span><\/p>\n<p>  Han \u00e4r sn\u00e4ll mot allt och alla. <\/p>\n<p>  Det enda hon fruktade var isj\u00e4tten som hela tiden f\u00f6rs\u00f6kte vinna hennes hj\u00e4rta. <\/p>\n<p>  Vid ett tillf\u00e4lle hade gudarna en fest i Asg\u00e5rd och en berusad frostj\u00e4tte kom f\u00f6rbi och b\u00f6rjade st\u00e4lla till med problem. <\/p>\n<p>  Ingen gud v\u00e5gade tala med eller ta hand om j\u00e4tten, f\u00f6rutom Freja.<\/p>\n<p>Freja var den enda modiga och sn\u00e4lla nog att servera den gigantiska maten och drycken trots att hon inte gillade det. <\/p>\n<p>  Det goda hj\u00e4rtat har alltid varit Freja troget, aldrig velat skada n\u00e5gon och alltid villig att ta modet till sig n\u00e4r det beh\u00f6vs.<\/p>\n<h2 id=\"head-254244b1fdcd581e2fd352030dfdde87\"><span class=\"ez-toc-section\" id=\"Hur_du_kan_inspireras_av_Freja\"><\/span><span class=\"ez-toc-section\" id=\"Como_puedes_inspirarte_en_Freya\"><\/span>Hur du kan inspireras av Freja<span class=\"ez-toc-section-end\"><\/span><span class=\"ez-toc-section-end\"><\/span><\/h2>\n<p><span style=\"font-family:Arial,Helvetica,sans-serif;\">Varje g\u00e5ng Freja d\u00f6k upp var hon graci\u00f6s och graci\u00f6s. <\/span><\/p>\n<p>  Hon skulle aldrig verka f\u00f6rtvivlad eller \u00f6verdrivet hysterisk. <\/p>\n<p>  Han lyckades ocks\u00e5 h\u00e5lla sig lugn och t\u00e4nka p\u00e5 fredliga l\u00f6sningar p\u00e5 sina problem. <\/p>\n<p>  Hans n\u00e5d och v\u00e4nlighet \u00e4r definitivt n\u00e5got att l\u00e4ra av.<\/p>\n<p>N\u00e4r Freja stod inf\u00f6r krig backade hon, inte av r\u00e4dsla, utan av k\u00e4rlek till sitt folk. <\/p>\n<p>  Krig orsakar d\u00f6dsfall. <\/p>\n<p>  D\u00f6dsfall f\u00f6r de som inte ens ville vara med i kriget till att b\u00f6rja med. <\/p>\n<p>  Freja skulle alltid v\u00e4lja den fridfulla v\u00e4gen. <\/p>\n<p>  Att ta ett steg tillbaka ibland \u00e4r inte detsamma som svaghet. <\/p>\n<p>  Tv\u00e4rtom visar han tapperhet, villig att f\u00f6rlora sin v\u00e4rdighet f\u00f6r andras s\u00e4kerhet.<\/p>\n<p>Att l\u00e4ra sig n\u00e4r man ska kliva upp \u00e4r ocks\u00e5 viktigt. <\/p>\n<p>  Som n\u00e4r Freja ingrep n\u00e4r isj\u00e4tten kom. <\/p>\n<p>  Hon var ocks\u00e5 r\u00e4dd, men hon ville inte kasta frostj\u00e4tten eftersom han inte hade n\u00e5gra d\u00e5liga avsikter och var f\u00f6r full f\u00f6r att ta hand om sig sj\u00e4lv. <\/p>\n<p>  Av v\u00e4nlighet blev Freja modig nog att ta emot den. <\/p>\n<p>  Att veta n\u00e4r man ska vara modig \u00e4r n\u00e5got man l\u00e4r sig av Freja. <\/p>\n<p>  Det kommer att finnas tillf\u00e4llen i livet n\u00e4r vi \u00e4r r\u00e4dda f\u00f6r n\u00e5got men m\u00e5ste ta steget f\u00f6r att ingen annan skulle g\u00f6ra det. <\/p>\n<p>  En modig sj\u00e4l kommer bara att bli till efter tusentals pr\u00f6vningar. <\/p>\n<p>  Var modig n\u00e4r dina utmaningar dyker upp. <\/p>\n<p>  Ta Freja som din inspiration och var lika sn\u00e4ll och frisinnad!<\/p>\n<h2 id=\"head-6f8b794f3246b0c1e1780bb4d4d5dc53\"><span class=\"ez-toc-section\" id=\"Slutsats\"><\/span><span class=\"ez-toc-section\" id=\"Conclusion\"><\/span>Slutsats<span class=\"ez-toc-section-end\"><\/span><span class=\"ez-toc-section-end\"><\/span><\/h2>\n<p><span style=\"font-family:Arial,Helvetica,sans-serif;\">Freja \u00e4r ingen k\u00e4nd gudinna i nordisk mytologi f\u00f6r m\u00e4nniskor som bor l\u00e5ngt fr\u00e5n Skandinavien. <\/span><\/p>\n<p>  De flesta har inte ens h\u00f6rt talas om denna gudinna. <\/p>\n<p>  Hon \u00e4r dock n\u00e4ra sl\u00e4kt med massor av k\u00e4nda gudar, som Tor, Oden och Loke och den allsm\u00e4ktige Asg\u00e5rd.<\/p>\n<p>Freja gjorde m\u00e5nga goda g\u00e4rningar och hj\u00e4lpte alla med allt hon kunde. <\/p>\n<p>  Han spred godhet i v\u00e4rlden och visade sin n\u00e5d. <\/p>\n<p>  Det var d\u00e4rf\u00f6r hon var mycket \u00e4lskad av folket. <\/p>\n<p>  Hon m\u00e5 vara familjens partytjej, men hon vet s\u00e4kert n\u00e4r hon ska kliva upp och g\u00f6ra sina l\u00e4xor.<\/p>\n<p>Att s\u00e4tta m\u00e4nniskorna hon bryr sig om f\u00f6rst \u00e4r n\u00e5got som g\u00f6r Freja s\u00e5 \u00e4del. <\/p>\n<p>  Hon skulle inte tveka att g\u00e5 hur l\u00e5ngt som helst f\u00f6r att skydda dem hon \u00e4lskar. <\/p>\n<p>  Du kan kalla henne en fri ande i detta \u00e5rhundrade. <\/p>\n<p>  Han \u00e4lskar att g\u00f6ra det han g\u00f6r och skulle inte sluta f\u00f6r n\u00e5gon. <\/p>\n<p>  M\u00e4nniskors omd\u00f6me \u00e4r aldrig en anledning f\u00f6r henne att sluta. <\/p>\n<p>  S\u00e5 l\u00e4nge han k\u00e4nner att det \u00e4r okej och inte skadar n\u00e5gon s\u00e5 g\u00f6r han det.<\/p>\n<p>Det finns fortfarande m\u00e5nga ber\u00e4ttelser om Freja och hennes legender.  F\u00f6rhoppningsvis kommer Marvel i framtiden att introducera denna gudinna s\u00e5 att vi kan l\u00e4ra oss mer om henne genom den magiska MCU!<\/p>\n<p>Vi hoppas att du gillade v\u00e5r artikel Gudinna 101: Vem \u00e4r Freya, gudinnan till och allt relaterat till horoskop, tarot, ritualer och allt relaterat.<\/p>\n<figure class=\"wp-block-table is-style-regular\">\n<\/figure>\n<p>Intressanta saker att veta inneb\u00f6rden: Ritualer  <\/p>\n<p>\u00c4ven h\u00e4r l\u00e4mnar vi \u00e4mnen relaterade till: Ritualer <\/p>\n<\/p>\n<ul class=\"ez-toc-list ez-toc-list-level-1 eztoc-visibility-hide-by-default\">\n<li class=\"ez-toc-page-1 ez-toc-heading-level-2\">  Gudinna 101: Vem \u00e4r Freja, gudinnan till\n <\/li>\n<li class=\"ez-toc-page-1 ez-toc-heading-level-2\">Vem \u00e4r Freja och hennes andra namn?<\/li>\n<li class=\"ez-toc-page-1 ez-toc-heading-level-2\">5 saker du b\u00f6r veta om gudinnan Freja\n<ul class=\"ez-toc-list-level-3\">\n<li class=\"ez-toc-heading-level-3\">1. Freja och Oden<\/li>\n<li class=\"ez-toc-page-1 ez-toc-heading-level-3\">2. .ai-rotate  .ai-rotate-hidden  .ai-rotate-hidden-2  .ai-list-data, .ai-ip-data, .ai-filter-check, .ai-fallback, .ai-list-block, .ai-list-block-ip, .ai-list-block-filter  .ai-list-data, .ai-ip-data, .ai-filter-check, .ai-fallback  window.demandSupply &#038;&#038; demandSupply.aparece &#038;&#038; demandSupply.aparece.displayAd(&#8216;goroskop.tv_3demandSupply&#038;&#038;&#038; demandSupply.aparece.displayAd(&#8216;goroskop.tv_3demandSupply&#8217;) window&#038;upply_3delbmands&#038;upp. ge &#038;&#038; demandSupply.aparece.displayAd(&#8216;goroskop.tv_fluid_lb+sq_1nuevo&#8217;) Freya och fredag<\/li>\n<li class=\"ez-toc-page-1 ez-toc-heading-level-3\">3. .ai-rotate  .ai-rotate-hidden  .ai-rotate-hidden-2  .ai-list-data, .ai-ip-data, .ai-filter-check, .ai-fallback, .ai-list-block, .ai-list-block-ip, .ai-list-block-filter  .ai-list-data, .ai-ip-data, .ai-filter-check, .ai-fallback  window.demandSupply &#038;&#038; demandSupply.aparece &#038;&#038; demandSupply.aparece.displayAd(&#8216;goroskop.tv_1bdemandSupply&#8217;) window.upply_1demandsupply ge &#038;&#038; demandSupply.aparece.displayAd(&#8216;goroskop.tv_fluid_lb+sq_2nuevo&#8217;) Freya och Ragnarok<\/li>\n<li class=\"ez-toc-page-1 ez-toc-heading-level-3\">4. Freja och Loke<\/li>\n<li class=\"ez-toc-page-1 ez-toc-heading-level-3\">5. Freja och hennes tapperhet<\/li>\n<\/ul>\n<\/li>\n<li class=\"ez-toc-page-1 ez-toc-heading-level-2\">Hur du kan inspireras av Freja<\/li>\n<li class=\"ez-toc-page-1 ez-toc-heading-level-2\">Slutsats<\/li>\n<\/ul>\n<p><\/p>\n<p>Vi hoppas att du gillade v\u00e5r artikel Gudinna 101: Vem \u00e4r Freja, gudinnan till<br \/>\n och allt om horoskop, tarot, ritualer och allt relaterat till det &#8230;<\/p>\n<figure class=\"wp-block-table is-style-regular\">\n<table style=\"width: 284px; height: 157px;\">\n<tbody>\n<tr>\n<td class=\"has-text-align-center\" data-align=\"center\"><img loading=\"lazy\" decoding=\"async\" class=\"alignleft\" src=\" https:\/\/goroskop.tv\/wp-content\/uploads\/2023\/05\/rituales1.jpg \" alt=\" Gudinna 101: Vem \u00e4r Freja, gudinnan till\n \" width=\"65\" height=\"95\" title=\"\"><img loading=\"lazy\" decoding=\"async\" class=\"alignleft\" style=\"width: 60px;\" src=\" https:\/\/goroskop.tv\/wp-content\/uploads\/2023\/05\/rituales2.jpg \" alt=\" Gudinna 101: Vem \u00e4r Freja, gudinnan till\n \" width=\"195\" height=\"300\" title=\"\"><img decoding=\"async\" class=\"alignleft\" style=\"width: 60px;\" src=\" https:\/\/goroskop.tv\/wp-content\/uploads\/2023\/05\/rituales3.jpg \" alt=\" Gudinna 101: Vem \u00e4r Freja, gudinnan till\n \" title=\"\"><\/td>\n<\/tr>\n<\/tbody>\n<\/table>\n<\/figure>\n<p>Intressanta saker att veta inneb\u00f6rden: <a href=\"https:\/\/sv.wikipedia.org\/wiki\/Ritualer\" target=\"_blank\" rel=\"nofollow noopener\"> Ritualer <\/a> <\/p>\n<p>H\u00e4r l\u00e4mnar vi ocks\u00e5 \u00e4mnen relaterade till: <a href=\" https:\/\/goroskop.tv\/sw\/karriarguide-for-stjarntecken-den-basta\/\">Ritualer<\/a><\/p>\n<div id=\"ez-toc-container\" class=\"ez-toc-v2_0_82_2 ez-toc-wrap-center counter-hierarchy ez-toc-counter ez-toc-grey ez-toc-container-direction\">\n<div class=\"ez-toc-title-container\">\n<div class=\"ez-toc-title\" style=\"cursor:inherit\">Table of Contents<\/div>\n<span class=\"ez-toc-title-toggle\"><a href=\"#\" class=\"ez-toc-pull-right ez-toc-btn ez-toc-btn-xs ez-toc-btn-default ez-toc-toggle\" aria-label=\"Alternar tabla de contenidos\"><span class=\"ez-toc-js-icon-con\"><span class=\"\"><span class=\"eztoc-hide\" style=\"display:none;\">Toggle<\/span><span class=\"ez-toc-icon-toggle-span\"><svg style=\"fill: #999;color:#999\" xmlns=\"http:\/\/www.w3.org\/2000\/svg\" class=\"list-377408\" width=\"20px\" height=\"20px\" viewBox=\"0 0 24 24\" fill=\"none\"><path d=\"M6 6H4v2h2V6zm14 0H8v2h12V6zM4 11h2v2H4v-2zm16 0H8v2h12v-2zM4 16h2v2H4v-2zm16 0H8v2h12v-2z\" fill=\"currentColor\"><\/path><\/svg><svg style=\"fill: #999;color:#999\" class=\"arrow-unsorted-368013\" xmlns=\"http:\/\/www.w3.org\/2000\/svg\" width=\"10px\" height=\"10px\" viewBox=\"0 0 24 24\" version=\"1.2\" baseProfile=\"tiny\"><path d=\"M18.2 9.3l-6.2-6.3-6.2 6.3c-.2.2-.3.4-.3.7s.1.5.3.7c.2.2.4.3.7.3h11c.3 0 .5-.1.7-.3.2-.2.3-.5.3-.7s-.1-.5-.3-.7zM5.8 14.7l6.2 6.3 6.2-6.3c.2-.2.3-.5.3-.7s-.1-.5-.3-.7c-.2-.2-.4-.3-.7-.3h-11c-.3 0-.5.1-.7.3-.2.2-.3.5-.3.7s.1.5.3.7z\"\/><\/svg><\/span><\/span><\/span><\/a><\/span><\/div>\n<nav><ul class='ez-toc-list ez-toc-list-level-1 eztoc-toggle-hide-by-default' ><li class='ez-toc-page-1 ez-toc-heading-level-2'><a class=\"ez-toc-link ez-toc-heading-1\" href=\"https:\/\/goroskop.tv\/sw\/gudinna-101-vem-ar-freja-gudinnan-till\/#Gudinna_101_Vem_ar_Freja_gudinnan_till\" >Gudinna 101: Vem \u00e4r Freja, gudinnan till<\/a><\/li><li class='ez-toc-page-1 ez-toc-heading-level-2'><a class=\"ez-toc-link ez-toc-heading-2\" href=\"https:\/\/goroskop.tv\/sw\/gudinna-101-vem-ar-freja-gudinnan-till\/#Vem_ar_Freja_och_hennes_andra_namn\" >Vem \u00e4r Freja och hennes andra namn?<\/a><\/li><li class='ez-toc-page-1 ez-toc-heading-level-2'><a class=\"ez-toc-link ez-toc-heading-3\" href=\"https:\/\/goroskop.tv\/sw\/gudinna-101-vem-ar-freja-gudinnan-till\/#5_saker_du_bor_veta_om_gudinnan_Freja\" >5 saker du b\u00f6r veta om gudinnan Freja<\/a><ul class='ez-toc-list-level-3' ><li class='ez-toc-heading-level-3'><a class=\"ez-toc-link ez-toc-heading-4\" href=\"https:\/\/goroskop.tv\/sw\/gudinna-101-vem-ar-freja-gudinnan-till\/#1\" >1.<\/a><\/li><li class='ez-toc-page-1 ez-toc-heading-level-3'><a class=\"ez-toc-link ez-toc-heading-5\" href=\"https:\/\/goroskop.tv\/sw\/gudinna-101-vem-ar-freja-gudinnan-till\/#2\" >2.<\/a><\/li><li class='ez-toc-page-1 ez-toc-heading-level-3'><a class=\"ez-toc-link ez-toc-heading-6\" href=\"https:\/\/goroskop.tv\/sw\/gudinna-101-vem-ar-freja-gudinnan-till\/#3\" >3.<\/a><\/li><li class='ez-toc-page-1 ez-toc-heading-level-3'><a class=\"ez-toc-link ez-toc-heading-7\" href=\"https:\/\/goroskop.tv\/sw\/gudinna-101-vem-ar-freja-gudinnan-till\/#4\" >4.<\/a><\/li><li class='ez-toc-page-1 ez-toc-heading-level-3'><a class=\"ez-toc-link ez-toc-heading-8\" href=\"https:\/\/goroskop.tv\/sw\/gudinna-101-vem-ar-freja-gudinnan-till\/#5\" >5.<\/a><\/li><\/ul><\/li><li class='ez-toc-page-1 ez-toc-heading-level-2'><a class=\"ez-toc-link ez-toc-heading-9\" href=\"https:\/\/goroskop.tv\/sw\/gudinna-101-vem-ar-freja-gudinnan-till\/#Hur_du_kan_inspireras_av_Freja\" >Hur du kan inspireras av Freja<\/a><\/li><li class='ez-toc-page-1 ez-toc-heading-level-2'><a class=\"ez-toc-link ez-toc-heading-10\" href=\"https:\/\/goroskop.tv\/sw\/gudinna-101-vem-ar-freja-gudinnan-till\/#Slutsats\" >Slutsats<\/a><\/li><\/ul><\/nav><\/div>\n","protected":false},"excerpt":{"rendered":"<p>Gudinna 101: Vem \u00e4r Freja, gudinnan till Vem \u00e4r Freja och hennes andra namn? Symbol f\u00f6r krig, d\u00f6d, k\u00e4rlek, sk\u00f6nhet och fertilitet, Freya \u00e4r den \u00e4lskade gudinnan i den nordiska mytologin (Skandinavien, Norden). Dotter till den huvudsakliga Vanir-guden Njord, Freya \u00e4r en hedersmedlem av Asir-gudarna. Hon \u00e4r sn\u00e4ll, vacker och mild och f\u00e5ngar m\u00e4nniskors hj\u00e4rtan. &hellip;<\/p>\n","protected":false},"author":1,"featured_media":68,"comment_status":"closed","ping_status":"closed","sticky":false,"template":"","format":"standard","meta":{"footnotes":""},"categories":[3],"tags":[10,3683,292,2839,76],"class_list":["post-8040","post","type-post","status-publish","format-standard","has-post-thumbnail","hentry","category-ritualer","tag-ar","tag-freja","tag-gudinna","tag-gudinnan","tag-vem"],"_links":{"self":[{"href":"https:\/\/goroskop.tv\/sw\/wp-json\/wp\/v2\/posts\/8040","targetHints":{"allow":["GET"]}}],"collection":[{"href":"https:\/\/goroskop.tv\/sw\/wp-json\/wp\/v2\/posts"}],"about":[{"href":"https:\/\/goroskop.tv\/sw\/wp-json\/wp\/v2\/types\/post"}],"author":[{"embeddable":true,"href":"https:\/\/goroskop.tv\/sw\/wp-json\/wp\/v2\/users\/1"}],"replies":[{"embeddable":true,"href":"https:\/\/goroskop.tv\/sw\/wp-json\/wp\/v2\/comments?post=8040"}],"version-history":[{"count":0,"href":"https:\/\/goroskop.tv\/sw\/wp-json\/wp\/v2\/posts\/8040\/revisions"}],"wp:featuredmedia":[{"embeddable":true,"href":"https:\/\/goroskop.tv\/sw\/wp-json\/wp\/v2\/media\/68"}],"wp:attachment":[{"href":"https:\/\/goroskop.tv\/sw\/wp-json\/wp\/v2\/media?parent=8040"}],"wp:term":[{"taxonomy":"category","embeddable":true,"href":"https:\/\/goroskop.tv\/sw\/wp-json\/wp\/v2\/categories?post=8040"},{"taxonomy":"post_tag","embeddable":true,"href":"https:\/\/goroskop.tv\/sw\/wp-json\/wp\/v2\/tags?post=8040"}],"curies":[{"name":"wp","href":"https:\/\/api.w.org\/{rel}","templated":true}]}}