{"id":8566,"date":"2023-07-23T15:33:48","date_gmt":"2023-07-23T15:33:48","guid":{"rendered":"https:\/\/goroskop.tv\/sw\/nu-den-senaste-utgavan-av\/"},"modified":"2023-07-23T15:33:48","modified_gmt":"2023-07-23T15:33:48","slug":"nu-den-senaste-utgavan-av","status":"publish","type":"post","link":"https:\/\/goroskop.tv\/sw\/nu-den-senaste-utgavan-av\/","title":{"rendered":"Nu, den senaste utg\u00e5van av"},"content":{"rendered":"<p><\/p>\n<h2><span class=\"ez-toc-section\" id=\"Nu_den_senaste_utgavan_av\"><\/span><span class=\"ez-toc-section\" id=\"%E2%80%9CAhora_el_ultimo_lanzamiento_del\"><\/span>  Nu, den senaste utg\u00e5van av<span class=\"ez-toc-section-end\"><\/span><span class=\"ez-toc-section-end\"><\/span><\/h2>\n<p>Tangomusik, som har sitt ursprung fr\u00e5n de europeiska och afrikanska invandrarbefolkningarna i Argentina och Uruguay, har, liksom m\u00e5nga andra genrer, utvecklats fr\u00e5n sina ursprungliga r\u00f6tter till det format som idag \u00e4r k\u00e4nt och \u00e4lskat \u00f6ver hela v\u00e4rlden. <\/p>\n<p>  Ordet \u00abtango\u00bb, s\u00e4ger vissa, kommer fr\u00e5n det latinska ordet \u00abtangere\u00bb, som betyder \u00abatt leka\u00bb. <\/p>\n<p>  I sin b\u00f6rjan var tango det kulturella uttrycket f\u00f6r invandrare och sociala utst\u00f6tta i slummen och bordellerna i Buenos Aires. <\/p>\n<p>  Denna f\u00f6rsta generation av tangueros fr\u00e5n Buenos Aires kallades \u00abGuarda Vieja\u00bb. <\/p>\n<p>  Det tog tid att flytta in i vidare kretsar;  Men p\u00e5 1920-talet hade tangon blivit popul\u00e4r bland det st\u00f6rre samh\u00e4llet i staden, och flyttade in i medelklassens distritos eller distritos och sedan in i den argentinska \u00f6verklassen.<\/p>\n<p>Under \u00e5ren har tango haft en l\u00e5ng stilresa fr\u00e5n sina r\u00f6tter till guld\u00e5ldern p\u00e5 1930- och 1940-talen och fram till Tango Nuevo, f\u00f6rk\u00e4mpad av Astor Piazzolla p\u00e5 1950- och 1960-talen. <\/p>\n<p>  Idag har tango flera nya stilar som sm\u00e4lter samman element av jazz och elektronik samtidigt som traditionen bibeh\u00e5lls.<\/p>\n<h2><span class=\"ez-toc-section\" id=\"Nagra_rader_fran_TANGO_TRIO_pa_albumet_%E2%80%98En_este_momento\"><\/span><span class=\"ez-toc-section\" id=\"Unas_lineas_del_TANGO_TRIO_sobre_el_disco_%E2%80%98Ahora%E2%80%99\"><\/span>N\u00e5gra rader fr\u00e5n TANGO TRIO p\u00e5 albumet &#8216;En este momento&#8217;<span class=\"ez-toc-section-end\"><\/span><span class=\"ez-toc-section-end\"><\/span><\/h2>\n<p>Detta album, som inneh\u00e5ller tre av de mest k\u00e4nda f\u00f6rsvararna av stilen idag, Horacio Romo, Pablo Agri och Emiliano Messiez, \u00e4r en trioinspelning som presenterar ett okonventionellt format i tangov\u00e4rlden. <\/p>\n<p>  Den mest k\u00e4nda milj\u00f6n f\u00f6r tangomusik \u00e4r \u00abOrquestas Habituales\u00bb, som ofta inkluderar mer \u00e4n ett dussin artister;  mindre format med fyra till sex spelare \u00e4r ocks\u00e5 popul\u00e4ra. <\/p>\n<p>  Det typiska trioformatet inom tangomusik best\u00e5r av piano, bandoneon och kontrabas. <\/p>\n<p>  Om bildandet av denna trio sa pianisten Emiliano Messiez: \u201dDet \u00e4r inte s\u00e5 vanligt att hitta en trio med piano, bandoneon och violin.<\/p>\n<p><em><strong>\u00abVI VILLE INTE<\/strong><\/em><em><strong>ATT VARA EN \u00abTRADITIONELL\u00bb<\/strong><\/em><em><strong>TRE SOM BARA LEKER<\/strong><\/em><em><strong>TRADITIONELL TANGOS\u201d.<\/strong><\/em><\/p>\n<p>N\u00e4r vi b\u00f6rjade prata om det h\u00e4r projektet var vi oroliga f\u00f6r att basljudet skulle saknas;  men n\u00e4r vi v\u00e4l b\u00f6rjade spela ins\u00e5g vi att detta inte \u00e4r ett problem. <\/p>\n<p>  Albumet inneh\u00e5ller till stor del originalkompositioner skrivna av var och en av trions medlemmar. <\/p>\n<p>  Pablo Agri f\u00f6rklarade mer. <\/p>\n<p>  \u00abVar och en av oss bidrog med tv\u00e5 nya kompositioner till albumet, Horacios solostycke \u00e4r en ny komposition och resten av materialet vi spelade in \u00e4r arrangemang av v\u00e4lk\u00e4nda stycken\u00bb. <\/p>\n<p>  F\u00f6r Horacio, Pablo och Emiliano \u00e4r tangotraditionen v\u00e4ldigt viktig och musiken p\u00e5 det h\u00e4r albumet speglar det definitivt.<\/p>\n<p><em><strong>En snabb genomg\u00e5ng av musikernas biografier kommer att visa att alla tre har en l\u00e5ng och framst\u00e5ende historia av traditionellt tangoframtr\u00e4dande.<\/strong><\/em><\/p>\n<p>Detta var dock inte tanken bakom denna trio. <\/p>\n<p>  Horacio Romo fortsatte: \u00abVi ville inte vara en \u00abtraditionell\u00bb trio som spelar traditionell tango. <\/p>\n<p>  Vi t\u00e4nkte p\u00e5 detta projekt som n\u00e5got annorlunda men samtidigt ville vi \u00e4gna vederb\u00f6rlig uppm\u00e4rksamhet \u00e5t traditionen. <\/p>\n<p>  Vi best\u00e4mde att vi skulle spela originalmusik, v\u00e5r musik, skapa ett nytt ljud, ny musik och en ny trio.\u00bb <\/p>\n<p>Som sagt, p\u00e5 albumet finns tv\u00e5 av de mest traditionella tangon genom tiderna, b\u00e5da insvepta i nya arrangemang. <\/p>\n<p>  Pablo kom med ett nytt arrangemang av \u00abPor Una Cabeza\u00bb och \u00abEl Choclo\u00bb, en av de mest k\u00e4nda tango som n\u00e5gonsin komponerats och arrangerats av tangolegenden Juli\u00e1n Plaza. <\/p>\n<p>  Emiliano f\u00f6rklarade: \u00abVi gillar alla den h\u00e4r l\u00e5ten, men vi \u00e4lskar s\u00e4rskilt det h\u00e4r arrangemanget. <\/p>\n<p>  Horacio har spelat i Juli\u00e1ns orkester i flera \u00e5r, s\u00e5 han vet det mycket v\u00e4l.\u201d<\/p>\n<p>N\u00e4r jag f\u00f6rberedde linernoterna f\u00f6r albumet hade jag n\u00f6jet att prata med trions pianist, Emiliano Messiez. <\/p>\n<p>  Under v\u00e5rt samtal fr\u00e5gade jag Emiliano hur trion kom till och han f\u00f6rklarade det f\u00f6r mig. <\/p>\n<p>  \u00abN\u00e4r vi best\u00e4mde oss f\u00f6r att s\u00e4tta ihop den h\u00e4r trion hade jag redan spelat med Horacio i showen \u00abForever Tango\u00bb. <\/p>\n<p>  Han spelade ocks\u00e5 med min egen orkester Habitual Messiez. <\/p>\n<p>  Vi spelade ofta tillsammans som en duo, men han f\u00f6reslog ofta att vi skulle fr\u00e5ga Pablo och bilda en trio. <\/p>\n<p>  S\u00e5 jag antar att det var hans id\u00e9.\u00bb <\/p>\n<p>  Innan detta hade Emiliano inte tr\u00e4ffat Pablo men av en slump tr\u00e4ffade han sin far, Antonio. <\/p>\n<p>  Antonio Agri var granne till Emilianos familj under sin ungdom i Buenos Aires.<\/p>\n<p>En violinist, Antonio var v\u00e4lk\u00e4nd p\u00e5 scenen fr\u00e4mst p\u00e5 grund av sina \u00e5r som spelade med Astor Piazzolla. <\/p>\n<p>  \u00abAntonio var v\u00e5r granne, faktiskt, som barn tog jag till och med fiollektioner med honom,\u00bb f\u00f6rklarade Emiliano. <\/p>\n<p>  Han sa: \u00abF\u00f6r att vara \u00e4rlig tyckte jag att fiolen var f\u00f6r sv\u00e5r och det var d\u00e5 jag best\u00e4mde mig f\u00f6r att byta till pianot. <\/p>\n<p>  Som en vacker och of\u00f6rgl\u00f6mlig gest sk\u00e4nkte Antonio v\u00e5r familj med en av sina fioler och jag har instrumentet med mig h\u00e4r i New York. <\/p>\n<p>  N\u00e4r vi formellt tr\u00e4ffades kunde Pablo se sin fars fiol 30 \u00e5r senare. <\/p>\n<p>  Som n\u00e4mnts ovan kom id\u00e9n om att grunda denna trio fr\u00e5n Horacio och Emiliano f\u00f6r en tid sedan, f\u00f6rsta g\u00e5ngen de tre spelade tillsammans var sommaren 2021 n\u00e4r trion upptr\u00e4dde p\u00e5 Piazzolla Festival i Philadelphia. <\/p>\n<p>  Enligt Meredith Klein, chef f\u00f6r festivalen och Philadelphia Argentine Tango.<\/p>\n<h2><span class=\"ez-toc-section\" id=\"Romo_Agri_Messiez_Horacio_Romo_Pablo_Agri_och_Emiliano_Messiez\"><\/span><span class=\"ez-toc-section\" id=\"Romo_Agri_Messiez_Horacio_Romo_Pablo_Agri_y_Emiliano_Messiez\"><\/span>Romo Agri Messiez|  Horacio Romo, Pablo Agri och Emiliano Messiez<span class=\"ez-toc-section-end\"><\/span><span class=\"ez-toc-section-end\"><\/span><\/h2>\n<h2><span class=\"ez-toc-section\" id=\"Horace_Romo\"><\/span><span class=\"ez-toc-section\" id=\"Horacio_Romo\"><\/span>Horace Romo<span class=\"ez-toc-section-end\"><\/span><span class=\"ez-toc-section-end\"><\/span><\/h2>\n<figure id=\"attachment_6330\" aria-describedby=\"caption-attachment-6330\" style=\"width:300px\" class=\"wp-caption alignnone\">Horace Romo<\/figure>\n<h3><span class=\"ez-toc-section\" id=\"bandoneonspelare\"><\/span><span class=\"ez-toc-section\" id=\"bandoneonista\"><\/span>bandoneonspelare<span class=\"ez-toc-section-end\"><\/span><span class=\"ez-toc-section-end\"><\/span><\/h3>\n<p>Bandoneonspelaren, dirigenten och komposit\u00f6ren Horacio Romo f\u00f6ddes den 30 oktober 1973 i staden Buenos Aires, Argentina. <\/p>\n<p>  Han b\u00f6rjade sina bandoneonstudier vid 9 \u00e5rs \u00e5lder, uppmuntrad av sin far, en s\u00e5ngare \u00e4ven k\u00e4nd som Horacio Romo. <\/p>\n<p>  Hans virtuositet skapade snabbt rubriker och vid 11 \u00e5rs \u00e5lder anst\u00e4lldes han av kommunen Lomas de Zamora, staden d\u00e4r han v\u00e4xte upp och f\u00f6r n\u00e4rvarande \u00e4r bosatt. <\/p>\n<p>  Hans passion och talang f\u00f6r tango gjorde att han innan han var 15 \u00e5r valdes att ackompanjera stora s\u00e5ngare som Alberto Castillo och Roberto Goyeneche.<\/p>\n<p>Bandoneonisterna Leopoldo Federico och Osvaldo Piro har starkt p\u00e5verkat Horacios karri\u00e4r, vilket g\u00f6r honom till en m\u00e5ngsidig artist med kraft och subtilitet. <\/p>\n<p>  Horacio har varit medlem i orkestrar som Juvenil del tango, Orquesta Enorme Debut och Orquesta Color Tango, med vilka han upptr\u00e4tt \u00f6ver hela v\u00e4rlden i 9 \u00e5r. <\/p>\n<p>  Han har varit medlem i Fernando Su\u00e1rez Paz Quintet, Fundaci\u00f3n Astor Piazzolla Quintet, Leopoldo Federico Orchestra, National Tango Team och orkestrarna under ledning av Juli\u00e1n Plaza, Osvaldo Berlingieri, Horacio Salg\u00e1n, Antonio Agri, Atilio Stampone, Ra\u00fal Garello, Rub\u00e9n Ju\u00e1rtelez, Cristianoy Z\u00e1rate, Cristianoy Zartelro, Gustav Bez\u00e1rate, Cristianos Piazza, Osvalt\u00f3n.<\/p>\n<p>Han var direkt\u00f6r och f\u00f6rsta bandoneon f\u00f6r f\u00f6retagen \u00abTango Argentino\u00bb och \u0308Tango Pasi\u00f3n.  \u0308 Hon framf\u00f6rde trabajan \u00abMar\u00eda de Buenos Aires\u00bb i Polen och var med i trabajan \u00abOrestes, el \u00faltimo tango\u00bb, som turnerade i Nederl\u00e4nderna och Belgien.<\/p>\n<p>Han har ackompanjerat viktiga tango-s\u00e5ngare som: Roberto Goyeneche, Alberto Castillo, Alberto Mor\u00e1n, Alberto Ruffino, Rub\u00e9n Ju\u00e1rez, Guillermo Fern\u00e1ndez, Ra\u00fal Lavi\u00e9, Mar\u00eda Gra\u00f1a och Elena Roger bland andra. <\/p>\n<p>  Han turnerade i flera l\u00e4nder med showen \u00abBoccatango\u00bb, regisserad av den legendariske argentinska dansaren Julio Bocca. <\/p>\n<p>  Han ackompanjerade \u00e4ven internationella artister som Julio Iglesias, Luis Miguel, Laura Pausini, Ricardo Montaner, Marco Antonio Solis, La India, Diego El Cigala och Buika.<\/p>\n<p>Han medverkade som sessionsmusiker i mer \u00e4n hundra skivor av nationella och utl\u00e4ndska artister, inklusive albumet Caf\u00e9 de Los Profesores och skivor av de orkestrar som han var en del av. <\/p>\n<p>  Han arbetade med l\u00e4raren och regiss\u00f6ren Lalo Schiffrin och deltog i musiken till filmen \u00abTango\u00bb av Carlos Saura. <\/p>\n<p>  Han medverkade i dokument\u00e4rerna \u00abCaf\u00e9 de los profesores\u00bb och \u00abSi sosbrujo\u00bb.<\/p>\n<p>Under fyra \u00e5r var han bitr\u00e4dande professor i bandoneon i Orquesta Escuela de Tango i regi av profesor Emilio Balcarce. <\/p>\n<p>  Han debuterade med sin grupp Horacio Romo Sextet, p\u00e5 Luna Park i finalen av v\u00e4rldscupen och tangofestivalen 2015 tillsammans med Ra\u00fal Lavi\u00e9, och turnerade med samma grupp 2017 och upptr\u00e4dde i 25 olika st\u00e4der i Japan. <\/p>\n<p>  P\u00e5 grund av turn\u00e9ns stora framg\u00e5ng spelade han samma \u00e5r in sitt f\u00f6rsta album och det var det mest s\u00e5lda tangoalbumet i landet.<\/p>\n<p>Som solist har han framf\u00f6rt konserten f\u00f6r Bandoneon och Orchestra of Astor Piazzolla med Los Angeles Philharmonic, spelar p\u00e5 Hollywood Bowl och Walt Disney Concert Hall (som han vann en Emmy Award f\u00f6r b\u00e4sta latinkonsert), Eugene Oregon Symphony och Texas Fort Worth Symphony.<\/p>\n<p>I andra l\u00e4nder: BBC Philharmonic spelar i Albert Royal Hall (England), Auckland Philharmonic (Nya Zeeland), Lima Symphony (Peru), Moravia Symphony (Tjeckien), Porto Alegre Symphony och Rio Philharmonic (Brasilien).<\/p>\n<p>Han \u00e4r f\u00f6r n\u00e4rvarande solist med National Orchestra of Argentine Music Juan de Dios Filiberto, f\u00f6rsta bandoneon i orkestrarna ledda av Jos\u00e9 Colangelo och Nicol\u00e1s Ledesma (vinnare av en Grammy). <\/p>\n<p>  Han \u00e4r musikalisk ledare och f\u00f6rsta bandoneonspelare f\u00f6r tangobolaget Forever, en espect\u00e1culo med samma namn som turnerar v\u00e4rlden \u00f6ver.<\/p>\n<p>Sedan 2005 \u00e4r han ocks\u00e5 musikalisk ledare och f\u00f6rsta bandoneonspelare i Sexteto Mayor, den legendariska orkestern med mer \u00e4n 45 \u00e5rs erfarenhet (vinnare av tv\u00e5 Gardel-priser). <\/p>\n<p>  Dessutom \u00e5terv\u00e4nder han f\u00f6r att framf\u00f6ra konserter av Piazzolla f\u00f6r bandoneon och orkester och arbetar i en duett med violinisten Pablo Agri.<\/p>\n<h2><span class=\"ez-toc-section\" id=\"pablo_agri\"><\/span><span class=\"ez-toc-section\" id=\"pablo_agri\"><\/span>pablo agri<span class=\"ez-toc-section-end\"><\/span><span class=\"ez-toc-section-end\"><\/span><\/h2>\n<figure id=\"attachment_6333\" aria-describedby=\"caption-attachment-6333\" style=\"width:300px\" class=\"wp-caption alignnone\">Album-Nu<\/figure>\n<h3><span class=\"ez-toc-section\" id=\"Violinist\"><\/span><span class=\"ez-toc-section\" id=\"Violinista\"><\/span>Violinist<span class=\"ez-toc-section-end\"><\/span><span class=\"ez-toc-section-end\"><\/span><\/h3>\n<p>Pablo Agri har upptr\u00e4tt som solist i flera internationella symfoni- och kammarorkestrar. <\/p>\n<p>  Han har spelat med m\u00e5nga av de viktigaste tangomusikerna: Mariano Mores, N\u00e9stor Marconi, Horacio Salg\u00e1n, Juli\u00e1n Plaza, Susana Rinaldi, Osvaldo Berlingieri och Juan Jos\u00e9 Mosalini med flera. <\/p>\n<p>  2012 nominerades hans sextett till Gardelpriset f\u00f6r b\u00e4sta tangogrupp. <\/p>\n<p>  2014 uts\u00e5gs han till enast\u00e5ende personlighet f\u00f6r kulturen i staden Buenos Aires.<\/p>\n<p>Han har deltagit i recitalerna och inspelningen av Cigala Tango disco compacto, tillsammans med Diego El Cigala, ett Latin Grammy Award-vinnande album. <\/p>\n<p>  2018 spelade han med Eduardo Walczak i dokument\u00e4ren \u00abWalczak Agri, violinistas\u00bb, producerad av Argentine Tango Society. <\/p>\n<p>  Han \u00e4r f\u00f6r n\u00e4rvarande chef f\u00f6r Camerata Argentina och f\u00f6r orkestern f\u00f6r det offentliga televisi\u00f3n-programmet \u00abLa hora del tango\u00bb och \u00e4r medlem i National Symphony Orchestra och sextettens borgm\u00e4stare.<\/p>\n<h2><span class=\"ez-toc-section\" id=\"emilio_messiez\"><\/span><span class=\"ez-toc-section\" id=\"emilio_messiez\"><\/span>emilio messiez<span class=\"ez-toc-section-end\"><\/span><span class=\"ez-toc-section-end\"><\/span><\/h2>\n<figure id=\"attachment_6332\" aria-describedby=\"caption-attachment-6332\" style=\"width:300px\" class=\"wp-caption alignnone\">emilio messiez<\/figure>\n<h3><span class=\"ez-toc-section\" id=\"Pianist\"><\/span><span class=\"ez-toc-section\" id=\"Pianista\"><\/span>Pianist<span class=\"ez-toc-section-end\"><\/span><span class=\"ez-toc-section-end\"><\/span><\/h3>\n<p>F\u00f6dd i Buenos Aires, Argentina och baserad i New York, har pianisten\/komposit\u00f6ren Emiliano Messiez blivit en av de mest efterfr\u00e5gade tango-pianisterna i landet. <\/p>\n<p>  Han har spelat p\u00e5 n\u00e5gra av de mest anm\u00e4rkningsv\u00e4rda musikst\u00e4llena i landet, inklusive Lincoln Center, och har upptr\u00e4tt med n\u00e5gra av v\u00e4rldens st\u00f6rsta musiker, inklusive Paquito de Rivera, Dino Saluzzi och Concha Buika. <\/p>\n<p>  Med Jos\u00e9 Luis Infantino spelade han in ett album, \u00abSilencio\u00bb, 2004, som fick Unescos musikpris.<\/p>\n<p>Emiliano tog examen fr\u00e5n National University of the Arts i Buenos Aires. <\/p>\n<p>  Han b\u00f6rjade senare p\u00e5 fakulteten d\u00e4r och undervisade vid institutionen f\u00f6r komposition. <\/p>\n<p>  Han \u00e4r ocks\u00e5 utexaminerad fr\u00e5n Berklee College of Music School of Contemporary Music i Buenos Aires. <\/p>\n<p>  Emiliano \u00e4r komposit\u00f6ren av de kommande musikalerna, \u00abBordello\u00bb (bok och text av Barbase Bellman) och \u00abThe Guava Tree\u00bb, producerade av Creede Repertory Theatre. <\/p>\n<p>  F\u00f6r mer information om Emiliano, bes\u00f6k hans hemsida: www.emilianomessiez.com<\/p>\n<h2><span class=\"ez-toc-section\" id=\"Pressmeddelande_nu\"><\/span><span class=\"ez-toc-section\" id=\"Comunicado_de_prensa_Ahora\"><\/span>Pressmeddelande nu<span class=\"ez-toc-section-end\"><\/span><span class=\"ez-toc-section-end\"><\/span><\/h2>\n<h3><span class=\"ez-toc-section\" id=\"Nu_utnamnd_till_ett_av_de_5_basta_albumen_2022_i_La_Nacion_en_ledande_argentinsk_tidning\"><\/span><span class=\"ez-toc-section\" id=\"Ahora_nombrado_uno_de_los_5_mejores_discos_de_2022_en_La_Nacion_destacado_diario_argentino\"><\/span>Nu utn\u00e4mnd till ett av de 5 b\u00e4sta albumen 2022 i La Naci\u00f3n, en ledande argentinsk tidning<span class=\"ez-toc-section-end\"><\/span><span class=\"ez-toc-section-end\"><\/span><\/h3>\n<figure id=\"attachment_6343\" aria-describedby=\"caption-attachment-6343\" style=\"width:696px\" class=\"wp-caption alignnone\">Biografier om Romo Agri Messiez |  Horacio Romo, Pablo Agri och Emiliano Messiez<\/figure>\n<h3><span class=\"ez-toc-section\" id=\"NuAv_ROMO-AGRI-MESSIEZTANGO_TRIO\"><\/span><span class=\"ez-toc-section\" id=\"AhoraPor_ROMO-AGRI-MESSIEZTRIO_DE_TANGO\"><\/span><em><strong>Nu<\/strong><\/em><em><strong>Av ROMO-AGRI-MESSIEZ<\/strong><\/em><em><strong>TANGO TRIO<\/strong><\/em><span class=\"ez-toc-section-end\"><\/span><span class=\"ez-toc-section-end\"><\/span><\/h3>\n<p>Debutalbum av tre v\u00e4rldsber\u00f6mda klassiska crossover-musiker: Horacio Romo (bandoneon), Pablo Agri (fiol) och Emiliano Messiez (piano) NEW YORK, NEW YORK (19 december 2022) \u2013 \u00abEn este momento\u00bb, (\u00abNow\u00bb p\u00e5 engelska), det nya klassiska crossover-albumet av Romo-Agri-M:s fem b\u00e4sta musikalbum fr\u00e5n Romo-Agri-M, har valts ut som ett av de fem b\u00e4sta musikalbumen fr\u00e5n Riessiez. 2022 i La Naci\u00f3n, Argentinas framst\u00e5ende tidning. <\/p>\n<p>  Tidningen ins\u00e5g vikten av en articulo-pandemisk \u00e5terg\u00e5ng till kulturen och listade det b\u00e4sta inom largometraje, musik, televisi\u00f3n-s\u00e4ndningar och scenkonst. <\/p>\n<p>  Horacio Romo (bandoneon) och Pablo Agri (violinist), som bor i Buenos Aires, och Emiliano Messiez (piano) fr\u00e5n New York var \u00f6verv\u00e4ldigade \u00f6ver att vara med i Salton-valet. <\/p>\n<p>  Messiez sa: \u00abVi \u00e4r v\u00e4ldigt tacksamma \u00f6ver att bli uppm\u00e4rksammade av Ricardo Salton, en h\u00f6gt respekterad musikkritiker i Argentina. <\/p>\n<p>  Vi har f\u00e5tt fantastisk retroalimentaci\u00f3n p\u00e5 albumet, men det h\u00e4r \u00e4r \u00f6ver v\u00e5ra f\u00f6rv\u00e4ntningar.\u201d<\/p>\n<p><figure id=\"attachment_6345\" aria-describedby=\"caption-attachment-6345\" style=\"width:683px\" class=\"wp-caption alignnone\">Horacio Romo, Pablo Agri och Emiliano Messiez<\/figure>\n<\/p>\n<p>Producerat av Aliud Records i Nederl\u00e4nderna i samarbete med Bacqu\u00e9 Recording Studios i New Jersey, var detta projekt en handling av k\u00e4rlek och dedikation till musik av denna v\u00e4rldsber\u00f6mda trio. <\/p>\n<p>  Skivan presenterar ett okonventionellt format i tangov\u00e4rlden. <\/p>\n<p>  Det typiska trioformatet som finns i tangomusik best\u00e5r av piano, bandoneon och kontrabas, inte fiol, men de var engagerade i att skapa ett mycket unikt ljud, vilket \u00e4r vad de har. <\/p>\n<p>  Detta debutalbum inneh\u00e5ller till stor del originalkompositioner, skrivna av var och en av trions medlemmar. <\/p>\n<p>  Pablo Agri, son till Antonio Agri, Piazzollas violinist, f\u00f6rklarade mer. <\/p>\n<p>  \u00abVar och en av oss bidrog med tv\u00e5 nya kompositioner till albumet, Horacios solo \u00e4r en ny komposition och resten av materialet vi spelade in \u00e4r arrangemang av v\u00e4lk\u00e4nda stycken\u00bb. <\/p>\n<p>  F\u00f6r Horacio, Pablo och Emiliano \u00e4r tangotraditionen v\u00e4ldigt viktig och musiken p\u00e5 denna skiva speglar den. <\/p>\n<p>  Horacio Romo fortsatte: \u00abVi ville inte vara en \u00abtraditionell\u00bb trio som spelar traditionell tango. <\/p>\n<p>  Vi t\u00e4nkte p\u00e5 detta projekt som n\u00e5got annorlunda men samtidigt ville vi \u00e4gna vederb\u00f6rlig uppm\u00e4rksamhet \u00e5t traditionen. <\/p>\n<p>  Vi best\u00e4mde att vi skulle spela originalmusik, v\u00e5r musik, skapa ett nytt ljud, ny musik och en ny trio.\u00bb<\/p>\n<p>Den ber\u00f6mda argentinske komposit\u00f6ren, pianisten och l\u00e4raren Gustavo Beytelmann, och en av de mest betydelsefulla bidragsgivarna till tangons utveckling idag, sa om Romo-Agri-Messiez, \u00ab&#8230;kompositionen och arrangemangen finner en utm\u00e4rkt balans mellan formella melodiska harmoniska nyheter och tradition.  och dessa fantastiska musikers obestridliga m\u00e4sterskap i tangokonsten.\u00bb  Den finns nu tillg\u00e4nglig p\u00e5 disco compacto och alla uso cont\u00ednuo- och nedladdningsplattformar i stereo och uppslukande format. <em>Bes\u00f6k www.aliudrecords.com f\u00f6r mer information.<\/em><\/p>\n<p><strong>OM ALIUD RECORDS<\/strong><\/p>\n<p>Aliud Records \u00e4r ett innovativt skivbolag baserat i Nederl\u00e4nderna med en global r\u00e4ckvidd. <\/p>\n<p>  Etikettens fokus ligger p\u00e5 klassiskt och jazz, som nu expanderar till v\u00e4rldsmusik, och controlador en omfattande katalog framf\u00f6rd av artister i v\u00e4rldsklass. <\/p>\n<p>  F\u00f6rutom klassiska och jazzutg\u00e5vor har de en serie med titeln The<\/p>\n<p>Modern konstserie med nya kompositioner av n\u00e5gra av 2000-talets st\u00f6rsta komposit\u00f6rer och f\u00f6r musik\u00e4lskare f\u00f6r symfonibl\u00e5sorkestrar, \u00abBrass Series\u00bb.<\/p>\n<p>Vi hoppas att du gillade v\u00e5r artikel \u00abNu, den senaste utg\u00e5van av och allt relaterat till horoskop, tarot, ritualer och allt relaterat..<\/p>\n<figure class=\"wp-block-table is-style-regular\">\n<\/figure>\n<p>Intressanta saker att veta inneb\u00f6rden: Ritualer  <\/p>\n<p>\u00c4ven h\u00e4r l\u00e4mnar vi \u00e4mnen relaterade till: Ritualer <\/p>\n<\/p>\n<p><\/p>\n<p>Vi hoppas att du gillade v\u00e5r artikel Nu, den senaste utg\u00e5van av<br \/>\n och allt om horoskop, tarot, ritualer och allt relaterat till det &#8230;<\/p>\n<figure class=\"wp-block-table is-style-regular\">\n<table style=\"width: 284px; height: 157px;\">\n<tbody>\n<tr>\n<td class=\"has-text-align-center\" data-align=\"center\"><img loading=\"lazy\" decoding=\"async\" class=\"alignleft\" src=\" https:\/\/goroskop.tv\/wp-content\/uploads\/2023\/05\/rituales1.jpg \" alt=\" Nu, den senaste utg\u00e5van av\n \" width=\"65\" height=\"95\" title=\"\"><img loading=\"lazy\" decoding=\"async\" class=\"alignleft\" style=\"width: 60px;\" src=\" https:\/\/goroskop.tv\/wp-content\/uploads\/2023\/05\/rituales2.jpg \" alt=\" Nu, den senaste utg\u00e5van av\n \" width=\"195\" height=\"300\" title=\"\"><img decoding=\"async\" class=\"alignleft\" style=\"width: 60px;\" src=\" https:\/\/goroskop.tv\/wp-content\/uploads\/2023\/05\/rituales3.jpg \" alt=\" Nu, den senaste utg\u00e5van av\n \" title=\"\"><\/td>\n<\/tr>\n<\/tbody>\n<\/table>\n<\/figure>\n<p>Intressanta saker att veta inneb\u00f6rden: <a href=\"https:\/\/sv.wikipedia.org\/wiki\/Ritualer\" target=\"_blank\" rel=\"nofollow noopener\"> Ritualer <\/a> <\/p>\n<p>H\u00e4r l\u00e4mnar vi ocks\u00e5 \u00e4mnen relaterade till: <a href=\" https:\/\/goroskop.tv\/sw\/karriarguide-for-stjarntecken-den-basta\/\">Ritualer<\/a><\/p>\n<div id=\"ez-toc-container\" class=\"ez-toc-v2_0_82_2 ez-toc-wrap-center counter-hierarchy ez-toc-counter ez-toc-grey ez-toc-container-direction\">\n<div class=\"ez-toc-title-container\">\n<div class=\"ez-toc-title\" style=\"cursor:inherit\">Table of Contents<\/div>\n<span class=\"ez-toc-title-toggle\"><a href=\"#\" class=\"ez-toc-pull-right ez-toc-btn ez-toc-btn-xs ez-toc-btn-default ez-toc-toggle\" aria-label=\"Alternar tabla de contenidos\"><span class=\"ez-toc-js-icon-con\"><span class=\"\"><span class=\"eztoc-hide\" style=\"display:none;\">Toggle<\/span><span class=\"ez-toc-icon-toggle-span\"><svg style=\"fill: #999;color:#999\" xmlns=\"http:\/\/www.w3.org\/2000\/svg\" class=\"list-377408\" width=\"20px\" height=\"20px\" viewBox=\"0 0 24 24\" fill=\"none\"><path d=\"M6 6H4v2h2V6zm14 0H8v2h12V6zM4 11h2v2H4v-2zm16 0H8v2h12v-2zM4 16h2v2H4v-2zm16 0H8v2h12v-2z\" fill=\"currentColor\"><\/path><\/svg><svg style=\"fill: #999;color:#999\" class=\"arrow-unsorted-368013\" xmlns=\"http:\/\/www.w3.org\/2000\/svg\" width=\"10px\" height=\"10px\" viewBox=\"0 0 24 24\" version=\"1.2\" baseProfile=\"tiny\"><path d=\"M18.2 9.3l-6.2-6.3-6.2 6.3c-.2.2-.3.4-.3.7s.1.5.3.7c.2.2.4.3.7.3h11c.3 0 .5-.1.7-.3.2-.2.3-.5.3-.7s-.1-.5-.3-.7zM5.8 14.7l6.2 6.3 6.2-6.3c.2-.2.3-.5.3-.7s-.1-.5-.3-.7c-.2-.2-.4-.3-.7-.3h-11c-.3 0-.5.1-.7.3-.2.2-.3.5-.3.7s.1.5.3.7z\"\/><\/svg><\/span><\/span><\/span><\/a><\/span><\/div>\n<nav><ul class='ez-toc-list ez-toc-list-level-1 eztoc-toggle-hide-by-default' ><li class='ez-toc-page-1 ez-toc-heading-level-2'><a class=\"ez-toc-link ez-toc-heading-1\" href=\"https:\/\/goroskop.tv\/sw\/nu-den-senaste-utgavan-av\/#Nu_den_senaste_utgavan_av\" >Nu, den senaste utg\u00e5van av<\/a><\/li><li class='ez-toc-page-1 ez-toc-heading-level-2'><a class=\"ez-toc-link ez-toc-heading-2\" href=\"https:\/\/goroskop.tv\/sw\/nu-den-senaste-utgavan-av\/#Nagra_rader_fran_TANGO_TRIO_pa_albumet_%E2%80%98En_este_momento\" >N\u00e5gra rader fr\u00e5n TANGO TRIO p\u00e5 albumet &#8216;En este momento&#8217;<\/a><\/li><li class='ez-toc-page-1 ez-toc-heading-level-2'><a class=\"ez-toc-link ez-toc-heading-3\" href=\"https:\/\/goroskop.tv\/sw\/nu-den-senaste-utgavan-av\/#Romo_Agri_Messiez_Horacio_Romo_Pablo_Agri_och_Emiliano_Messiez\" >Romo Agri Messiez|  Horacio Romo, Pablo Agri och Emiliano Messiez<\/a><\/li><li class='ez-toc-page-1 ez-toc-heading-level-2'><a class=\"ez-toc-link ez-toc-heading-4\" href=\"https:\/\/goroskop.tv\/sw\/nu-den-senaste-utgavan-av\/#Horace_Romo\" >Horace Romo<\/a><ul class='ez-toc-list-level-3' ><li class='ez-toc-heading-level-3'><a class=\"ez-toc-link ez-toc-heading-5\" href=\"https:\/\/goroskop.tv\/sw\/nu-den-senaste-utgavan-av\/#bandoneonspelare\" >bandoneonspelare<\/a><\/li><\/ul><\/li><li class='ez-toc-page-1 ez-toc-heading-level-2'><a class=\"ez-toc-link ez-toc-heading-6\" href=\"https:\/\/goroskop.tv\/sw\/nu-den-senaste-utgavan-av\/#pablo_agri\" >pablo agri<\/a><ul class='ez-toc-list-level-3' ><li class='ez-toc-heading-level-3'><a class=\"ez-toc-link ez-toc-heading-7\" href=\"https:\/\/goroskop.tv\/sw\/nu-den-senaste-utgavan-av\/#Violinist\" >Violinist<\/a><\/li><\/ul><\/li><li class='ez-toc-page-1 ez-toc-heading-level-2'><a class=\"ez-toc-link ez-toc-heading-8\" href=\"https:\/\/goroskop.tv\/sw\/nu-den-senaste-utgavan-av\/#emilio_messiez\" >emilio messiez<\/a><ul class='ez-toc-list-level-3' ><li class='ez-toc-heading-level-3'><a class=\"ez-toc-link ez-toc-heading-9\" href=\"https:\/\/goroskop.tv\/sw\/nu-den-senaste-utgavan-av\/#Pianist\" >Pianist<\/a><\/li><\/ul><\/li><li class='ez-toc-page-1 ez-toc-heading-level-2'><a class=\"ez-toc-link ez-toc-heading-10\" href=\"https:\/\/goroskop.tv\/sw\/nu-den-senaste-utgavan-av\/#Pressmeddelande_nu\" >Pressmeddelande nu<\/a><ul class='ez-toc-list-level-3' ><li class='ez-toc-heading-level-3'><a class=\"ez-toc-link ez-toc-heading-11\" href=\"https:\/\/goroskop.tv\/sw\/nu-den-senaste-utgavan-av\/#Nu_utnamnd_till_ett_av_de_5_basta_albumen_2022_i_La_Nacion_en_ledande_argentinsk_tidning\" >Nu utn\u00e4mnd till ett av de 5 b\u00e4sta albumen 2022 i La Naci\u00f3n, en ledande argentinsk tidning<\/a><\/li><li class='ez-toc-page-1 ez-toc-heading-level-3'><a class=\"ez-toc-link ez-toc-heading-12\" href=\"https:\/\/goroskop.tv\/sw\/nu-den-senaste-utgavan-av\/#NuAv_ROMO-AGRI-MESSIEZTANGO_TRIO\" >NuAv ROMO-AGRI-MESSIEZTANGO TRIO<\/a><\/li><\/ul><\/li><\/ul><\/nav><\/div>\n","protected":false},"excerpt":{"rendered":"<p>Nu, den senaste utg\u00e5van av Tangomusik, som har sitt ursprung fr\u00e5n de europeiska och afrikanska invandrarbefolkningarna i Argentina och Uruguay, har, liksom m\u00e5nga andra genrer, utvecklats fr\u00e5n sina ursprungliga r\u00f6tter till det format som idag \u00e4r k\u00e4nt och \u00e4lskat \u00f6ver hela v\u00e4rlden. Ordet \u00abtango\u00bb, s\u00e4ger vissa, kommer fr\u00e5n det latinska ordet \u00abtangere\u00bb, som betyder \u00abatt &hellip;<\/p>\n","protected":false},"author":1,"featured_media":24,"comment_status":"closed","ping_status":"closed","sticky":false,"template":"","format":"standard","meta":{"footnotes":""},"categories":[3],"tags":[8,1014,3935],"class_list":["post-8566","post","type-post","status-publish","format-standard","has-post-thumbnail","hentry","category-ritualer","tag-den","tag-senaste","tag-utgavan"],"_links":{"self":[{"href":"https:\/\/goroskop.tv\/sw\/wp-json\/wp\/v2\/posts\/8566","targetHints":{"allow":["GET"]}}],"collection":[{"href":"https:\/\/goroskop.tv\/sw\/wp-json\/wp\/v2\/posts"}],"about":[{"href":"https:\/\/goroskop.tv\/sw\/wp-json\/wp\/v2\/types\/post"}],"author":[{"embeddable":true,"href":"https:\/\/goroskop.tv\/sw\/wp-json\/wp\/v2\/users\/1"}],"replies":[{"embeddable":true,"href":"https:\/\/goroskop.tv\/sw\/wp-json\/wp\/v2\/comments?post=8566"}],"version-history":[{"count":0,"href":"https:\/\/goroskop.tv\/sw\/wp-json\/wp\/v2\/posts\/8566\/revisions"}],"wp:featuredmedia":[{"embeddable":true,"href":"https:\/\/goroskop.tv\/sw\/wp-json\/wp\/v2\/media\/24"}],"wp:attachment":[{"href":"https:\/\/goroskop.tv\/sw\/wp-json\/wp\/v2\/media?parent=8566"}],"wp:term":[{"taxonomy":"category","embeddable":true,"href":"https:\/\/goroskop.tv\/sw\/wp-json\/wp\/v2\/categories?post=8566"},{"taxonomy":"post_tag","embeddable":true,"href":"https:\/\/goroskop.tv\/sw\/wp-json\/wp\/v2\/tags?post=8566"}],"curies":[{"name":"wp","href":"https:\/\/api.w.org\/{rel}","templated":true}]}}